{"id":2779,"date":"2025-06-23T18:22:59","date_gmt":"2025-06-23T15:22:59","guid":{"rendered":"https:\/\/avukatimtv.com\/?p=2779"},"modified":"2025-06-23T18:22:59","modified_gmt":"2025-06-23T15:22:59","slug":"bilecikte-miras-davasi-kanli-bitti","status":"publish","type":"post","link":"https:\/\/avukatimtv.com\/index.php\/2025\/06\/23\/bilecikte-miras-davasi-kanli-bitti\/","title":{"rendered":"Bilecik&#8217;te Miras Davas\u0131 Kanl\u0131 Bitti"},"content":{"rendered":"<div id=\"icerikAlani\" class=\"detay\" data-tuhps=\"18778863\">\n<h2 id=\"spot\" class=\"mt10 haber_ozet\">Miras anla\u015fmazl\u0131\u011f\u0131 y\u00fcz\u00fcnden ye\u011feni taraf\u0131ndan b\u0131\u00e7aklanan Veli Yetim hastanede hayat\u0131n\u0131 kaybetti.<\/h2>\n<\/div>\n<div class=\"news-detail-container\">\n<div class=\"left-block\">\n<div class=\"wrapper detay-v3_3 haber_metni\">\n<p>Bilecik&#8217;te aralar\u0131ndaki miras davas\u0131 y\u00fcz\u00fcnden 1 ki\u015fiyi s\u0131rt\u0131ndan b\u0131\u00e7aklayarak \u00f6l\u00fcm\u00fcne neden olan \u015fah\u0131s yakaland\u0131.<\/p>\n<p>Olay, cumartesi g\u00fcn\u00fc saat 20.00&#8217;de Bilecik merkez\u00a0\u0130smetpa\u015fa Mahallesi\u00a0\u015eelale Park mevkisinde meydana geldi. \u0130ddiaya g\u00f6re, aralar\u0131nda miras y\u00fcz\u00fcnden anla\u015fmazl\u0131k olan Veli Yetim ile ye\u011feni O\u011fuzhan G\u00fcnd\u00fcz (27) tart\u0131\u015fma ba\u015flad\u0131. Tart\u0131\u015fma sonras\u0131 evine d\u00f6nen Yetim&#8217;i ye\u011feni &#8216;arabam ar\u0131zaland\u0131&#8217; diyerek yeniden \u00e7a\u011f\u0131rd\u0131. Bu esnada bir daha evden a\u015fa\u011f\u0131 inen Veli Yetim&#8217;in arkas\u0131ndan gelen O\u011fuzhan G\u00fcnd\u00fcz, Yetim&#8217;i b\u0131\u00e7aklayarak olay yerinden arac\u0131yla ka\u00e7m\u0131\u015ft\u0131.<\/p>\n<p>Hastanede hayat\u0131n\u0131 kaybetti<\/p>\n<p>A\u011f\u0131r yaralanan Veli Yetim olay yerine gelen 112\u00a0Acil Servis\u00a0ekiplerince yap\u0131lan ilk m\u00fcdahalenin ard\u0131ndan Bilecik\u00a0E\u011fitim ve Ara\u015ft\u0131rma Hastanesi&#8217;ne kald\u0131r\u0131ld\u0131. Yetim, burada yap\u0131lan t\u00fcm m\u00fcdahalelere ra\u011fmen kurtar\u0131lamad\u0131.<\/p>\n<p>Yakalanmas\u0131 k\u0131sa s\u00fcrd\u00fc<\/p>\n<p>Olay ard\u0131ndan harekete ge\u00e7en Bilecik \u0130l Emniyet M\u00fcd\u00fcrl\u00fc\u011f\u00fcne ba\u011fl\u0131\u00a0Asayi\u015f \u015eube M\u00fcd\u00fcrl\u00fc\u011f\u00fc\u00a0ekipleri hemen harekete ge\u00e7ti. G\u00fcvenlik kameralar\u0131n\u0131 geni\u015f \u00e7apl\u0131 inceleyen ekipler, O\u011fuzhan G\u00fcnd\u00fcz&#8217;\u00fc merkeze ba\u011fl\u0131 Kavakl\u0131 k\u00f6y\u00fc civar\u0131nda cinayet b\u0131\u00e7a\u011f\u0131 ile yakalad\u0131. \u015eah\u0131s emniyetteki ilk sorgusunun ard\u0131ndan bu sabah adliyeye sevk edildi. &#8211; B\u0130LEC\u0130K<\/p>\n<\/div>\n<\/div>\n<\/div>\n<p><strong>KAYNAK:SONDAK\u0130KA<\/strong><\/p>\n","protected":false},"excerpt":{"rendered":"<p>Miras anla\u015fmazl\u0131\u011f\u0131 y\u00fcz\u00fcnden ye\u011feni taraf\u0131ndan b\u0131\u00e7aklanan Veli Yetim hastanede hayat\u0131n\u0131 kaybetti. Bilecik&#8217;te aralar\u0131ndaki miras davas\u0131 y\u00fcz\u00fcnden 1 ki\u015fiyi s\u0131rt\u0131ndan b\u0131\u00e7aklayarak \u00f6l\u00fcm\u00fcne neden olan \u015fah\u0131s yakaland\u0131. Olay, cumartesi g\u00fcn\u00fc saat 20.00&#8217;de Bilecik merkez\u00a0\u0130smetpa\u015fa Mahallesi\u00a0\u015eelale Park mevkisinde meydana geldi. \u0130ddiaya g\u00f6re, aralar\u0131nda miras y\u00fcz\u00fcnden anla\u015fmazl\u0131k olan Veli Yetim ile ye\u011feni O\u011fuzhan G\u00fcnd\u00fcz (27) tart\u0131\u015fma ba\u015flad\u0131. Tart\u0131\u015fma sonras\u0131 [&hellip;]<\/p>\n","protected":false},"author":1,"featured_media":2780,"comment_status":"closed","ping_status":"closed","sticky":false,"template":"","format":"standard","meta":{"footnotes":""},"categories":[7,39],"tags":[60,457,458,332,331],"class_list":["post-2779","post","type-post","status-publish","format-standard","has-post-thumbnail","hentry","category-gundem","category-haber","tag-cinayet","tag-bilecik","tag-miras","tag-politika","tag-yerel-haberler"],"_links":{"self":[{"href":"https:\/\/avukatimtv.com\/index.php\/wp-json\/wp\/v2\/posts\/2779","targetHints":{"allow":["GET"]}}],"collection":[{"href":"https:\/\/avukatimtv.com\/index.php\/wp-json\/wp\/v2\/posts"}],"about":[{"href":"https:\/\/avukatimtv.com\/index.php\/wp-json\/wp\/v2\/types\/post"}],"author":[{"embeddable":true,"href":"https:\/\/avukatimtv.com\/index.php\/wp-json\/wp\/v2\/users\/1"}],"replies":[{"embeddable":true,"href":"https:\/\/avukatimtv.com\/index.php\/wp-json\/wp\/v2\/comments?post=2779"}],"version-history":[{"count":1,"href":"https:\/\/avukatimtv.com\/index.php\/wp-json\/wp\/v2\/posts\/2779\/revisions"}],"predecessor-version":[{"id":2781,"href":"https:\/\/avukatimtv.com\/index.php\/wp-json\/wp\/v2\/posts\/2779\/revisions\/2781"}],"wp:featuredmedia":[{"embeddable":true,"href":"https:\/\/avukatimtv.com\/index.php\/wp-json\/wp\/v2\/media\/2780"}],"wp:attachment":[{"href":"https:\/\/avukatimtv.com\/index.php\/wp-json\/wp\/v2\/media?parent=2779"}],"wp:term":[{"taxonomy":"category","embeddable":true,"href":"https:\/\/avukatimtv.com\/index.php\/wp-json\/wp\/v2\/categories?post=2779"},{"taxonomy":"post_tag","embeddable":true,"href":"https:\/\/avukatimtv.com\/index.php\/wp-json\/wp\/v2\/tags?post=2779"}],"curies":[{"name":"wp","href":"https:\/\/api.w.org\/{rel}","templated":true}]}}