{"id":2786,"date":"2025-06-23T18:52:31","date_gmt":"2025-06-23T15:52:31","guid":{"rendered":"https:\/\/avukatimtv.com\/?p=2786"},"modified":"2025-06-23T18:52:31","modified_gmt":"2025-06-23T15:52:31","slug":"motosikletle-bisiklet-carpisti-2-surucu-yaralandi","status":"publish","type":"post","link":"https:\/\/avukatimtv.com\/index.php\/2025\/06\/23\/motosikletle-bisiklet-carpisti-2-surucu-yaralandi\/","title":{"rendered":"Motosikletle bisiklet \u00e7arp\u0131\u015ft\u0131, 2 s\u00fcr\u00fcc\u00fc yaraland\u0131"},"content":{"rendered":"<p>D\u00fczce\u2019de motosiklet ile bisikletin \u00e7arp\u0131\u015fmas\u0131 sonucunda meydana gelen kazada 2 ki\u015fi yaraland\u0131.<\/p>\n<p>&nbsp;<\/p>\n<p>Kaza, Mimar Sinan Caddesi\u2019nde meydana geldi. Edinilen bilgiye g\u00f6re, ismi \u00f6\u011frenilemeyen kurye idaresindeki 81 AEG 679 plakal\u0131 motosiklet, yolun kar\u015f\u0131s\u0131na ge\u00e7meye \u00e7al\u0131\u015fan H.T. hakimiyetindeki bisiklet ile \u00e7arp\u0131\u015ft\u0131. \u00c7arp\u0131\u015fman\u0131n etkisiyle 2 s\u00fcr\u00fcc\u00fc de yere savruldu. 112 Acil \u00c7a\u011fr\u0131 Merkezi\u2019ne yap\u0131lan ihbar \u00fczerine olay yerine sa\u011fl\u0131k ve polis ekipleri sevk edildi. Yaral\u0131lar, ilk m\u00fcdahalelerinin ard\u0131ndan Atat\u00fcrk Devlet Hastanesi\u2019ne kald\u0131r\u0131ld\u0131.<\/p>\n<p>&nbsp;<\/p>\n<p>Kaza ile ilgili inceleme ba\u015flat\u0131ld\u0131.<\/p>\n<p><img decoding=\"async\" src=\"https:\/\/cdn.iha.com.tr\/Contents\/images\/2025\/06\/23\/20250623aw482534-4.jpg\" alt=\"Motosikletle bisiklet \u00e7arp\u0131\u015ft\u0131, 2 s\u00fcr\u00fcc\u00fc yaraland\u0131\n\" \/><\/p>\n","protected":false},"excerpt":{"rendered":"<p>D\u00fczce\u2019de motosiklet ile bisikletin \u00e7arp\u0131\u015fmas\u0131 sonucunda meydana gelen kazada 2 ki\u015fi yaraland\u0131. &nbsp; Kaza, Mimar Sinan Caddesi\u2019nde meydana geldi. Edinilen bilgiye g\u00f6re, ismi \u00f6\u011frenilemeyen kurye idaresindeki 81 AEG 679 plakal\u0131 motosiklet, yolun kar\u015f\u0131s\u0131na ge\u00e7meye \u00e7al\u0131\u015fan H.T. hakimiyetindeki bisiklet ile \u00e7arp\u0131\u015ft\u0131. \u00c7arp\u0131\u015fman\u0131n etkisiyle 2 s\u00fcr\u00fcc\u00fc de yere savruldu. 112 Acil \u00c7a\u011fr\u0131 Merkezi\u2019ne yap\u0131lan ihbar \u00fczerine olay [&hellip;]<\/p>\n","protected":false},"author":1,"featured_media":2787,"comment_status":"closed","ping_status":"closed","sticky":false,"template":"","format":"standard","meta":{"footnotes":""},"categories":[7,39],"tags":[311,460,463,459,461,462],"class_list":["post-2786","post","type-post","status-publish","format-standard","has-post-thumbnail","hentry","category-gundem","category-haber","tag-kaza","tag-carpisma","tag-duzce","tag-motosiklet","tag-surucu","tag-yaralanma"],"_links":{"self":[{"href":"https:\/\/avukatimtv.com\/index.php\/wp-json\/wp\/v2\/posts\/2786","targetHints":{"allow":["GET"]}}],"collection":[{"href":"https:\/\/avukatimtv.com\/index.php\/wp-json\/wp\/v2\/posts"}],"about":[{"href":"https:\/\/avukatimtv.com\/index.php\/wp-json\/wp\/v2\/types\/post"}],"author":[{"embeddable":true,"href":"https:\/\/avukatimtv.com\/index.php\/wp-json\/wp\/v2\/users\/1"}],"replies":[{"embeddable":true,"href":"https:\/\/avukatimtv.com\/index.php\/wp-json\/wp\/v2\/comments?post=2786"}],"version-history":[{"count":1,"href":"https:\/\/avukatimtv.com\/index.php\/wp-json\/wp\/v2\/posts\/2786\/revisions"}],"predecessor-version":[{"id":2788,"href":"https:\/\/avukatimtv.com\/index.php\/wp-json\/wp\/v2\/posts\/2786\/revisions\/2788"}],"wp:featuredmedia":[{"embeddable":true,"href":"https:\/\/avukatimtv.com\/index.php\/wp-json\/wp\/v2\/media\/2787"}],"wp:attachment":[{"href":"https:\/\/avukatimtv.com\/index.php\/wp-json\/wp\/v2\/media?parent=2786"}],"wp:term":[{"taxonomy":"category","embeddable":true,"href":"https:\/\/avukatimtv.com\/index.php\/wp-json\/wp\/v2\/categories?post=2786"},{"taxonomy":"post_tag","embeddable":true,"href":"https:\/\/avukatimtv.com\/index.php\/wp-json\/wp\/v2\/tags?post=2786"}],"curies":[{"name":"wp","href":"https:\/\/api.w.org\/{rel}","templated":true}]}}