{"id":2790,"date":"2025-06-24T18:33:38","date_gmt":"2025-06-24T15:33:38","guid":{"rendered":"https:\/\/avukatimtv.com\/?p=2790"},"modified":"2025-06-24T18:33:38","modified_gmt":"2025-06-24T15:33:38","slug":"antalyada-9-kursunla-cinayet-davasi-ertelendi","status":"publish","type":"post","link":"https:\/\/avukatimtv.com\/index.php\/2025\/06\/24\/antalyada-9-kursunla-cinayet-davasi-ertelendi\/","title":{"rendered":"Antalya&#8217;da 9 Kur\u015funla Cinayet Davas\u0131 Ertelendi"},"content":{"rendered":"<div id=\"icerikAlani\" class=\"detay\" data-tuhps=\"18784683\">\n<h2 id=\"spot\" class=\"mt10 haber_ozet\">Bo\u015fanma a\u015famas\u0131ndaki e\u015fini \u00f6ld\u00fcren Sava\u015f Temirhano\u011fullar\u0131&#8217;n\u0131n duru\u015fmas\u0131 DNA raporu beklenerek ertelendi.<\/h2>\n<\/div>\n<div class=\"news-detail-container\">\n<div class=\"left-block\">\n<div class=\"wrapper detay-v3_3 haber_metni\">\n<p>Antalya&#8217;da bo\u015fanma a\u015famas\u0131ndaki e\u015fi Fadim Temirhano\u011fullar\u0131&#8217;n\u0131 9 kur\u015funla \u00f6ld\u00fcren Sava\u015f Temirhano\u011fullar\u0131&#8217;n\u0131n yarg\u0131land\u0131\u011f\u0131 davada, san\u0131\u011f\u0131n ak\u0131l sa\u011fl\u0131\u011f\u0131 raporu talebi reddedildi.\u00a0Kad\u0131n\u00a0\u00f6rg\u00fctlerinin takip etti\u011fi davada, DNA raporunun beklenmesi nedeniyle duru\u015fma 16 Temmuz&#8217;a ertelendi.<\/p>\n<p>Antalya&#8217;da bo\u015fanma a\u015famas\u0131ndaki e\u015fi Fadim Temirhano\u011fullar\u0131&#8217;n\u0131 (52) tabancayla 9 el ate\u015f ederek \u00f6ld\u00fcren Sava\u015f Temirhano\u011fullar\u0131&#8217;n\u0131n (48) yarg\u0131land\u0131\u011f\u0131 dava Antalya 1. A\u011f\u0131r Ceza Mahkemesi&#8217;nde g\u00f6r\u00fclen d\u00f6rd\u00fcnc\u00fc duru\u015fmayla devam etti. Cinayetle ba\u011flant\u0131l\u0131 olarak m\u00fc\u015fterek fail s\u0131fat\u0131yla yarg\u0131lanan Fikret \u0130nal&#8217;\u0131n da tutuklu san\u0131k olarak yer ald\u0131\u011f\u0131 davada, mahkeme san\u0131k avukatlar\u0131n\u0131n Sava\u015f Temirhano\u011fullar\u0131 i\u00e7in talep etti\u011fi ak\u0131l sa\u011fl\u0131\u011f\u0131 raporu ba\u015fvurusunu reddetti. Mahkeme, Fadim Temirhano\u011fullar\u0131&#8217;n\u0131n t\u0131rnaklar\u0131nda tespit edilen erkek DNA&#8217;s\u0131na ili\u015fkin\u00a0Antalya Adli T\u0131p Kurumu&#8217;ndan rapor beklenmesine karar vererek duru\u015fmay\u0131 16 Temmuz 2025&#8217;e erteledi.<\/p>\n<p>San\u0131k, savunmas\u0131n\u0131n ayn\u0131s\u0131n\u0131 s\u00fcrd\u00fcrd\u00fc<\/p>\n<p>Duru\u015fmada s\u00f6z alan san\u0131k Sava\u015f Temirhano\u011fullar\u0131, &#8220;Hi\u00e7bir \u015fekilde oraya e\u015fimi \u00f6ld\u00fcrme kast\u0131yla gitmedim. \u00d6yle bir kast\u0131m olsayd\u0131 \u00e7ocu\u011fumun g\u00f6z\u00fcn\u00fcn \u00f6n\u00fcnde \u00f6ld\u00fcrmezdim&#8221; diyerek savunmas\u0131n\u0131 s\u00fcrd\u00fcrd\u00fc.<\/p>\n<p>&#8220;En az\u0131ndan y\u00fcre\u011fimize az\u0131c\u0131k su serpilir&#8221;<\/p>\n<p>Dava sonras\u0131 adliye \u00f6n\u00fcnde a\u00e7\u0131klama yapan Fadim Temirhano\u011fullar\u0131&#8217;n\u0131n annesi Mediha Sa\u00e7l\u0131, &#8220;En a\u011f\u0131r cezay\u0131 almas\u0131n\u0131 istiyorum. En az\u0131ndan y\u00fcre\u011fimize az\u0131c\u0131k su serpilir. Benim \u00e7ocu\u011fumun can\u0131n\u0131 9 kur\u015funla ald\u0131. \u0130n\u015fallah onlar\u0131n can\u0131 da yanar. Benim can\u0131m yan\u0131yor. Zorla eve giriyor, benim \u00e7ocu\u011fumu \u00f6ld\u00fcr\u00fcyor. \u00c7ocu\u011fu evdeyken, \u00e7ocu\u011fu annesini kanlar i\u00e7inde buluyor. \u015eikayet\u00e7iyim. \u00dc\u00e7 \u00e7ocuk yetim kald\u0131&#8221; diye konu\u015ftu.<\/p>\n<p>&#8220;Bu dosyada \u00f6nemli olan, Fikret \u0130nal&#8217;\u0131n yard\u0131m ve yatakl\u0131kla de\u011fil m\u00fc\u015fterek faillikle yarg\u0131lan\u0131yor olmas\u0131&#8221;<\/p>\n<p>Duru\u015fman\u0131n ard\u0131ndan \u00d6nce \u00c7ocuklar ve Kad\u0131nlar Derne\u011fi ad\u0131na a\u00e7\u0131klama yapan maktul avukat\u0131 M\u00fcjde Tozbey ise \u015funlar\u0131 s\u00f6yledi: &#8220;Bug\u00fcn yine daha \u00f6nce s\u00f6ylediklerini tekrarlad\u0131lar. Sava\u015f Temirhano\u011fullar\u0131, &#8216;Beni aldatt\u0131\u011f\u0131 i\u00e7in \u00f6ld\u00fcrd\u00fcm&#8217; dedi. Fikret \u0130nal ise &#8216;Ben bar\u0131\u015ft\u0131rmak i\u00e7in gece d\u00f6rtte Sava\u015f&#8217;la birlikte eve gittim&#8217; diyerek su\u00e7u hafifletmeye \u00e7al\u0131\u015ft\u0131. Ancak arka kap\u0131dan birlikte girip, 4 dakika 34 saniye i\u00e7eride kald\u0131ktan sonra birlikte ka\u00e7t\u0131klar\u0131 kamera g\u00f6r\u00fcnt\u00fcleriyle sabit. Bu dosyada \u00f6nemli olan, Fikret \u0130nal&#8217;\u0131n yard\u0131m ve yatakl\u0131kla de\u011fil m\u00fc\u015fterek faillikle yarg\u0131lan\u0131yor olmas\u0131. \u00c7\u00fcnk\u00fc bu tarz davalarda faile yard\u0131m eden ki\u015fi \u00e7o\u011funlukla aklan\u0131yor. Bu davada ise g\u00f6r\u00fcnt\u00fcler, su\u00e7un birlikte i\u015flendi\u011fini ortaya koyuyor.&#8221;<\/p>\n<p>Tozbey ayr\u0131ca, mahkemenin san\u0131k avukatlar\u0131n\u0131n Sava\u015f Temirhano\u011fullar\u0131&#8217;n\u0131n akli dengesine ili\u015fkin rapor talebini reddetti\u011fini, DNA e\u015fle\u015fmesine ili\u015fkin raporun ise hen\u00fcz mahkemeye ula\u015fmad\u0131\u011f\u0131n\u0131 ifade etti. Duru\u015fman\u0131n bu nedenle ertelendi\u011fini aktaran Tozbey, &#8220;Yarg\u0131ya g\u00fcveniyoruz. En a\u011f\u0131r cezalar\u0131n verilmesini bekliyoruz&#8221; dedi. &#8211; ANTALYA<\/p>\n<\/div>\n<\/div>\n<p><strong>KAYNAK:SONDAK\u0130KA<\/strong><\/p>\n<\/div>\n","protected":false},"excerpt":{"rendered":"<p>Bo\u015fanma a\u015famas\u0131ndaki e\u015fini \u00f6ld\u00fcren Sava\u015f Temirhano\u011fullar\u0131&#8217;n\u0131n duru\u015fmas\u0131 DNA raporu beklenerek ertelendi. Antalya&#8217;da bo\u015fanma a\u015famas\u0131ndaki e\u015fi Fadim Temirhano\u011fullar\u0131&#8217;n\u0131 9 kur\u015funla \u00f6ld\u00fcren Sava\u015f Temirhano\u011fullar\u0131&#8217;n\u0131n yarg\u0131land\u0131\u011f\u0131 davada, san\u0131\u011f\u0131n ak\u0131l sa\u011fl\u0131\u011f\u0131 raporu talebi reddedildi.\u00a0Kad\u0131n\u00a0\u00f6rg\u00fctlerinin takip etti\u011fi davada, DNA raporunun beklenmesi nedeniyle duru\u015fma 16 Temmuz&#8217;a ertelendi. Antalya&#8217;da bo\u015fanma a\u015famas\u0131ndaki e\u015fi Fadim Temirhano\u011fullar\u0131&#8217;n\u0131 (52) tabancayla 9 el ate\u015f ederek \u00f6ld\u00fcren Sava\u015f [&hellip;]<\/p>\n","protected":false},"author":1,"featured_media":2791,"comment_status":"closed","ping_status":"closed","sticky":false,"template":"","format":"standard","meta":{"footnotes":""},"categories":[7,39],"tags":[104,60,148,392,147,189],"class_list":["post-2790","post","type-post","status-publish","format-standard","has-post-thumbnail","hentry","category-gundem","category-haber","tag-antalya","tag-cinayet","tag-hukuk","tag-kadin","tag-mahkeme","tag-yargi"],"_links":{"self":[{"href":"https:\/\/avukatimtv.com\/index.php\/wp-json\/wp\/v2\/posts\/2790","targetHints":{"allow":["GET"]}}],"collection":[{"href":"https:\/\/avukatimtv.com\/index.php\/wp-json\/wp\/v2\/posts"}],"about":[{"href":"https:\/\/avukatimtv.com\/index.php\/wp-json\/wp\/v2\/types\/post"}],"author":[{"embeddable":true,"href":"https:\/\/avukatimtv.com\/index.php\/wp-json\/wp\/v2\/users\/1"}],"replies":[{"embeddable":true,"href":"https:\/\/avukatimtv.com\/index.php\/wp-json\/wp\/v2\/comments?post=2790"}],"version-history":[{"count":1,"href":"https:\/\/avukatimtv.com\/index.php\/wp-json\/wp\/v2\/posts\/2790\/revisions"}],"predecessor-version":[{"id":2792,"href":"https:\/\/avukatimtv.com\/index.php\/wp-json\/wp\/v2\/posts\/2790\/revisions\/2792"}],"wp:featuredmedia":[{"embeddable":true,"href":"https:\/\/avukatimtv.com\/index.php\/wp-json\/wp\/v2\/media\/2791"}],"wp:attachment":[{"href":"https:\/\/avukatimtv.com\/index.php\/wp-json\/wp\/v2\/media?parent=2790"}],"wp:term":[{"taxonomy":"category","embeddable":true,"href":"https:\/\/avukatimtv.com\/index.php\/wp-json\/wp\/v2\/categories?post=2790"},{"taxonomy":"post_tag","embeddable":true,"href":"https:\/\/avukatimtv.com\/index.php\/wp-json\/wp\/v2\/tags?post=2790"}],"curies":[{"name":"wp","href":"https:\/\/api.w.org\/{rel}","templated":true}]}}