{"id":2794,"date":"2025-06-24T18:48:22","date_gmt":"2025-06-24T15:48:22","guid":{"rendered":"https:\/\/avukatimtv.com\/?p=2794"},"modified":"2025-06-24T18:48:22","modified_gmt":"2025-06-24T15:48:22","slug":"elazigda-asayis-operasyonu-2-gozalti","status":"publish","type":"post","link":"https:\/\/avukatimtv.com\/index.php\/2025\/06\/24\/elazigda-asayis-operasyonu-2-gozalti\/","title":{"rendered":"Elaz\u0131\u011f&#8217;da Asayi\u015f Operasyonu: 2 G\u00f6zalt\u0131"},"content":{"rendered":"<div id=\"icerikAlani\" class=\"detay\" data-tuhps=\"18783716\">\n<h2 id=\"spot\" class=\"mt10 haber_ozet\">Elaz\u0131\u011f&#8217;da d\u00fczenlenen operasyonda 2 \u015f\u00fcpheli yakaland\u0131, ruhsats\u0131z silahlar ve kesici aletler ele ge\u00e7irildi.<\/h2>\n<\/div>\n<div class=\"news-detail-container\">\n<div class=\"left-block\">\n<div class=\"wrapper detay-v3_3 haber_metni\">\n<p>Elaz\u0131\u011f&#8217;da d\u00fczenlenen asayi\u015f operasyonunda 2 \u015f\u00fcpheli g\u00f6zalt\u0131na al\u0131nd\u0131.<\/p>\n<p>\u0130l Emniyet M\u00fcd\u00fcrl\u00fc\u011f\u00fc ekipleri, Elaz\u0131\u011f\u00a0Cumhuriyet Ba\u015fsavc\u0131l\u0131\u011f\u0131\u00a0koordinesinde g\u00fcvenlik ve asayi\u015fin sa\u011flanmas\u0131, su\u00e7a konu unsurlar\u0131n tespiti ve \u015f\u00fcpheli \u015fah\u0131slar\u0131n yakalanmas\u0131na y\u00f6nelik \u00e7al\u0131\u015fma yapt\u0131.<\/p>\n<p>Bu kapsamda tespit edilen ve yakalanan 2 \u015f\u00fcpheliye ait adreste yap\u0131lan aramada, 2 ruhsats\u0131z pompal\u0131 t\u00fcfek, 269 kartu\u015f, 3 kurus\u0131k\u0131 tabanca, 410 fi\u015fek, 104 kesici alet, 2 elektro\u015fok cihaz\u0131, 26 mu\u015fta, teleskopik jop ve kelep\u00e7e ele ge\u00e7irildi.<\/p>\n<p>\u015e\u00fcphelilerin emniyetteki i\u015flemleri s\u00fcr\u00fcyor.<\/p>\n<\/div>\n<\/div>\n<p><strong>KAYNAK:SONDAK\u0130KA<\/strong><\/p>\n<div class=\"left-block\">\n<div class=\"wrapper detay-v3_3 haber_metni\">\n<p>&nbsp;<\/p>\n<\/div>\n<\/div>\n<\/div>\n","protected":false},"excerpt":{"rendered":"<p>Elaz\u0131\u011f&#8217;da d\u00fczenlenen operasyonda 2 \u015f\u00fcpheli yakaland\u0131, ruhsats\u0131z silahlar ve kesici aletler ele ge\u00e7irildi. Elaz\u0131\u011f&#8217;da d\u00fczenlenen asayi\u015f operasyonunda 2 \u015f\u00fcpheli g\u00f6zalt\u0131na al\u0131nd\u0131. \u0130l Emniyet M\u00fcd\u00fcrl\u00fc\u011f\u00fc ekipleri, Elaz\u0131\u011f\u00a0Cumhuriyet Ba\u015fsavc\u0131l\u0131\u011f\u0131\u00a0koordinesinde g\u00fcvenlik ve asayi\u015fin sa\u011flanmas\u0131, su\u00e7a konu unsurlar\u0131n tespiti ve \u015f\u00fcpheli \u015fah\u0131slar\u0131n yakalanmas\u0131na y\u00f6nelik \u00e7al\u0131\u015fma yapt\u0131. Bu kapsamda tespit edilen ve yakalanan 2 \u015f\u00fcpheliye ait adreste yap\u0131lan aramada, 2 [&hellip;]<\/p>\n","protected":false},"author":1,"featured_media":2795,"comment_status":"closed","ping_status":"closed","sticky":false,"template":"","format":"standard","meta":{"footnotes":""},"categories":[7,39],"tags":[175,148,71,362,334,332,331],"class_list":["post-2794","post","type-post","status-publish","format-standard","has-post-thumbnail","hentry","category-gundem","category-haber","tag-guvenlik","tag-hukuk","tag-suc","tag-asayis","tag-guncel","tag-politika","tag-yerel-haberler"],"_links":{"self":[{"href":"https:\/\/avukatimtv.com\/index.php\/wp-json\/wp\/v2\/posts\/2794","targetHints":{"allow":["GET"]}}],"collection":[{"href":"https:\/\/avukatimtv.com\/index.php\/wp-json\/wp\/v2\/posts"}],"about":[{"href":"https:\/\/avukatimtv.com\/index.php\/wp-json\/wp\/v2\/types\/post"}],"author":[{"embeddable":true,"href":"https:\/\/avukatimtv.com\/index.php\/wp-json\/wp\/v2\/users\/1"}],"replies":[{"embeddable":true,"href":"https:\/\/avukatimtv.com\/index.php\/wp-json\/wp\/v2\/comments?post=2794"}],"version-history":[{"count":1,"href":"https:\/\/avukatimtv.com\/index.php\/wp-json\/wp\/v2\/posts\/2794\/revisions"}],"predecessor-version":[{"id":2796,"href":"https:\/\/avukatimtv.com\/index.php\/wp-json\/wp\/v2\/posts\/2794\/revisions\/2796"}],"wp:featuredmedia":[{"embeddable":true,"href":"https:\/\/avukatimtv.com\/index.php\/wp-json\/wp\/v2\/media\/2795"}],"wp:attachment":[{"href":"https:\/\/avukatimtv.com\/index.php\/wp-json\/wp\/v2\/media?parent=2794"}],"wp:term":[{"taxonomy":"category","embeddable":true,"href":"https:\/\/avukatimtv.com\/index.php\/wp-json\/wp\/v2\/categories?post=2794"},{"taxonomy":"post_tag","embeddable":true,"href":"https:\/\/avukatimtv.com\/index.php\/wp-json\/wp\/v2\/tags?post=2794"}],"curies":[{"name":"wp","href":"https:\/\/api.w.org\/{rel}","templated":true}]}}