{"id":2801,"date":"2025-06-26T17:33:36","date_gmt":"2025-06-26T14:33:36","guid":{"rendered":"https:\/\/avukatimtv.com\/?p=2801"},"modified":"2025-06-26T17:33:36","modified_gmt":"2025-06-26T14:33:36","slug":"hamile-oyayi-katleden-caniden-neden-yaptin-sorusuna-korkunc-yanit","status":"publish","type":"post","link":"https:\/\/avukatimtv.com\/index.php\/2025\/06\/26\/hamile-oyayi-katleden-caniden-neden-yaptin-sorusuna-korkunc-yanit\/","title":{"rendered":"Hamile Oya&#8217;y\u0131 katleden caniden &#8220;Neden yapt\u0131n?&#8221; sorusuna korkun\u00e7 yan\u0131t"},"content":{"rendered":"<div id=\"icerikAlani\" class=\"detay\" data-tuhps=\"18791385\">\n<h2 id=\"spot\" class=\"mt10 haber_ozet\">Sar\u0131yer&#8217;de, 5,5 ayl\u0131k hamile olan Oya Budak, eski ni\u015fanl\u0131s\u0131 Samet T. taraf\u0131ndan silahla vurularak a\u011f\u0131r yaraland\u0131 ve kald\u0131r\u0131ld\u0131\u011f\u0131 hastanede karn\u0131ndaki bebe\u011fiyle birlikte ya\u015fam\u0131n\u0131 yitirdi. Oya Budak&#8217;\u0131n, 6 ay \u00f6nce cinsel istismara u\u011frad\u0131\u011f\u0131 ve bu y\u00fczden ni\u015fan\u0131n\u0131n bozuldu\u011fu \u00f6\u011frenildi. Yakalanan Samet T. su\u00e7unu itiraf ederken emniyet \u00e7\u0131k\u0131\u015f\u0131 &#8220;Neden yapt\u0131n?&#8221; sorusuna &#8220;\u0130yi yapt\u0131m&#8221; yan\u0131t\u0131n\u0131 verdi.<\/h2>\n<\/div>\n<div class=\"news-detail-container\">\n<div class=\"left-block\">\n<div class=\"wrapper detay-v3_3 haber_metni\">\n<p>\u0130stanbul\u00a0Sar\u0131yer&#8217;de, 5,5 ayl\u0131k hamile Oya Budak (18), eski ni\u015fanl\u0131s\u0131 Samet T. (19) taraf\u0131ndan silahla g\u00f6\u011fs\u00fcnden vuruldu. A\u011f\u0131r yaralanan Budak, kald\u0131r\u0131ld\u0131\u011f\u0131 hastanede karn\u0131ndaki bebe\u011fiyle ya\u015fam\u0131n\u0131 yitirdi. Olay yerinden otomobille ka\u00e7an Samet T. ise Sar\u0131yer\u00a0Asayi\u015f\u00a0B\u00fcro Amirli\u011fi ekipleri taraf\u0131ndan\u00a0Ba\u011fc\u0131lar&#8217;da amcas\u0131 Aytekin T.&#8217;nin (45) evinde sald\u0131r\u0131da kulland\u0131\u011f\u0131 silahla yakaland\u0131; emniyette i\u015flemleri tamamlanan Samet T. adliyeye sevk edildi. Di\u011fer yandan Oya Budak&#8217;\u0131n, 6 ay \u00f6nce cinsel istismara u\u011fray\u0131p, hamile kald\u0131\u011f\u0131 ve bu y\u00fczden Samet T. ile ni\u015fan\u0131n\u0131n bozuldu\u011fu ortaya \u00e7\u0131kt\u0131. Budak&#8217;a cinsel istismara bulunan ki\u015finin ise tutukland\u0131\u011f\u0131 \u00f6\u011frenildi.<\/p>\n<h3>BULU\u015eMAK \u0130\u00c7\u0130N \u00c7A\u011eIRDI KUR\u015eUN YA\u011eDIRDI<\/h3>\n<p>Samet T., Oya Budak&#8217;\u0131 d\u00fcn saat 23.00 s\u0131ralar\u0131nda Kocata\u015f Mahallesi K\u0131l\u0131\u00e7p\u0131nar Caddesi&#8217;ne konu\u015fmaya \u00e7a\u011f\u0131rd\u0131. Oya Budak, bulu\u015fmaya \u00fcvey karde\u015fi D.C.(13) ile birlikte gitti. Burada ikili aras\u0131nda \u00e7\u0131kan tart\u0131\u015fmada, yan\u0131nda getirdi\u011fi tabancas\u0131n\u0131 \u00e7eken Samet T., 5,5 ayl\u0131k hamile Budak&#8217;a ate\u015f etti. G\u00f6\u011fs\u00fcne ve kula\u011f\u0131na isabet eden kur\u015funlarla a\u011f\u0131r yaralanan Oya Budak, kanlar i\u00e7inde yere y\u0131\u011f\u0131ld\u0131. Samet T. ise babas\u0131na ait olan 34 ES 1380 plakal\u0131 ara\u00e7la ka\u00e7arken, sesleri duyan vatanda\u015flar\u0131n ihbar\u0131 \u00fczerine olay yerine sa\u011fl\u0131k ve polis ekipleri sevk edildi.<\/p>\n<p><img decoding=\"async\" src=\"https:\/\/foto.sondakika.com\/haber\/2025\/06\/26\/hamile-oya-yi-katleden-caniden-neden-yaptin-18791384_4603_m.jpg\" alt=\"Hamile Oya'y\u0131 katleden caniden 'Neden yapt\u0131n?' sorusuna korkun\u00e7 yan\u0131t\" \/><\/p>\n<h3>KARNINDAK\u0130 BEBE\u011e\u0130YLE HAYATINI KAYBETT\u0130<\/h3>\n<p>Oya Budak, olay yerine gelen sa\u011fl\u0131k ekiplerinin ilk m\u00fcdahalesi sonras\u0131 ambulansla\u00a0Maslak&#8217;taki \u00f6zel bir hastaneye kald\u0131r\u0131larak tedavi alt\u0131na al\u0131nd\u0131. Burada ameliyata al\u0131nan Budak, yap\u0131lan m\u00fcdahalelere ra\u011fmen karn\u0131ndaki bebe\u011fiyle ya\u015fam\u0131n\u0131 yitirdi.<\/p>\n<h3>SARIYER ASAY\u0130\u015e POL\u0130S\u0130 YAKALADI<\/h3>\n<p>Olaya ili\u015fkin geni\u015f \u00e7apl\u0131 inceleme ba\u015flatan Sar\u0131yer Asayi\u015f B\u00fcro Amirli\u011fi ekipleri, \u015f\u00fcpheli Samet T.&#8217;nin Ba\u011fc\u0131lar&#8217;da oldu\u011funu tespit etti. Devam eden \u00e7al\u0131\u015fmalarda Samet T., olaydan k\u0131sa s\u00fcre sonra, sakland\u0131\u011f\u0131 Ba\u011fc\u0131lar&#8217;daki amcas\u0131 Aytekin T.&#8217;nin evinde olayda kulland\u0131\u011f\u0131 ruhsats\u0131z silahla yakaland\u0131. G\u00f6zalt\u0131na al\u0131nan Samet T. ve saklanmas\u0131na yard\u0131m eden amcas\u0131 Aytekin T. emniyete g\u00f6t\u00fcr\u00fcld\u00fc. Di\u011fer yandan, Oya Budak&#8217;a yakla\u015f\u0131k 6 ay \u00f6nce cinsel istismarda bulunan ki\u015finin ise tutuklanarak cezaevine g\u00f6nderildi\u011fi \u00f6\u011frenildi.<\/p>\n<h3>\u00d6LMEDEN \u00d6NCEK\u0130 KONU\u015eMALARI BA\u015eLADI<\/h3>\n<p>\u00d6te yandan Oya Budak&#8217;\u0131 ni\u015fanl\u0131s\u0131 ile \u00f6lmeden \u00f6nce yapt\u0131\u011f\u0131 son konu\u015fmas\u0131 ortaya \u00e7\u0131kt\u0131. Yaz\u0131\u015fmalarda Samet T, Budak&#8217;\u0131 d\u0131\u015far\u0131 da bekledi\u011fini yaz\u0131yor.<\/p>\n<p><img decoding=\"async\" src=\"https:\/\/foto.sondakika.com\/haber\/2025\/06\/26\/hamile-oya-yi-katleden-caniden-neden-yaptin-18791384_5197_m.jpg\" alt=\"Hamile Oya'y\u0131 katleden caniden 'Neden yapt\u0131n?' sorusuna korkun\u00e7 yan\u0131t\" \/><\/p>\n<h3>&#8220;SANA S\u00dcRPR\u0130Z\u0130M VAR DEY\u0130P \u00d6LD\u00dcRM\u00dc\u015e&#8221;<\/h3>\n<p>Di\u011fer yandan Budak&#8217;\u0131n halas\u0131 Bahriye \u015eener g\u00f6zya\u015flar\u0131 i\u00e7erisinde a\u00e7\u0131klamalar bulundu. \u015eener, &#8220;Ye\u011fenim \u00e7ok geziyordu. Biriyle tan\u0131\u015ft\u0131, o ki\u015fi ona tecav\u00fcz etmi\u015f. Biz bunu bilmiyorduk. Benim mahalleden f\u0131r\u0131nc\u0131 bir kom\u015fum vard\u0131. 10 y\u0131ld\u0131r tan\u0131yorum. \u00c7ok geziyor diye &#8216;Babama ba\u015f\u0131n\u0131 ba\u011flayal\u0131m. Bakarlar ona, oradan oraya s\u00fcr\u00fcnmez gezmez, ba\u015f\u0131na k\u00f6t\u00fc bir hal gelmez&#8217; dedim. Ondan sonra biz ni\u015fan yapt\u0131k. Birbirlerini sevdiler. Beraber hastaneye gidiyorlar. Hastanede hamile oldu\u011funu \u00f6\u011freniyor. \u00c7ocu\u011fun ailesi kabul etmiyor. Ailesi bu olay\u0131 duyduktan sonra \u00e7ocu\u011fa izin vermedi. Kendisi de Oya&#8217;y\u0131 istiyordu. Biz de tamam &#8216;O yoluna bu yoluna baks\u0131n&#8217; dedik. &#8216;Sana \u00e7ok g\u00fczel hediye s\u00fcrpriz getirdim&#8217; diyor. Ondan sonra k\u0131z\u0131 vuruyor. Biz hamile oldu\u011funu duyuyoruz. &#8216;Kim yapt\u0131 bunu sana.Sana kim k\u0131yd\u0131&#8217; dedik. O ak\u015fam insanlar\u0131n evini bast\u0131k, gittik onlar\u0131 yakalatt\u0131k. Ailesini i\u00e7eri ald\u0131lar. Hi\u00e7 tan\u0131m\u0131yoruz. Samet&#8217;in ailesi duyuyor izin vermiyorlar. Karde\u015fiyle beraber al\u0131yor bir ormana g\u00f6t\u00fcr\u00fcyor. Onu vuruyor, i\u015fte ona hediye ald\u0131. Adalet istiyoruz i\u00e7imiz yan\u0131yor. Yeter art\u0131k bu kad\u0131n cinayetleri, tecav\u00fczler nedir, vurdular k\u0131z\u0131 i\u015fte&#8221; dedi.<\/p>\n<h3>&#8220;NEDEN YAPTIN?&#8221; SORUSUNA KORKUN\u00c7 YANIT<\/h3>\n<p>Daha \u00f6nce 3 su\u00e7 kayd\u0131 oldu\u011fu belirlenen zanl\u0131 Samet T&#8217;nin emniyetteki ifadesinde, olay\u0131 ger\u00e7ekle\u015ftirdi\u011fini kabul etti\u011fi \u00f6\u011frenildi. Emniyetteki i\u015flemleri tamamlanan 2 zanl\u0131,\u00a0\u00c7a\u011flayan&#8217;daki\u00a0\u0130stanbul Adliyesi&#8217;ne sevk edildi. \u015e\u00fcpheli Samet T, sevk s\u0131ras\u0131nda gazetecilerin &#8220;Neden yapt\u0131n\u0131z?&#8221; sorusuna &#8220;\u0130yi yapt\u0131m.&#8221; \u015feklinde yan\u0131t verdi.<\/p>\n<\/div>\n<\/div>\n<p><strong>KAYNAK:SONDAK\u0130KA<\/strong><\/p>\n<\/div>\n","protected":false},"excerpt":{"rendered":"<p>Sar\u0131yer&#8217;de, 5,5 ayl\u0131k hamile olan Oya Budak, eski ni\u015fanl\u0131s\u0131 Samet T. taraf\u0131ndan silahla vurularak a\u011f\u0131r yaraland\u0131 ve kald\u0131r\u0131ld\u0131\u011f\u0131 hastanede karn\u0131ndaki bebe\u011fiyle birlikte ya\u015fam\u0131n\u0131 yitirdi. Oya Budak&#8217;\u0131n, 6 ay \u00f6nce cinsel istismara u\u011frad\u0131\u011f\u0131 ve bu y\u00fczden ni\u015fan\u0131n\u0131n bozuldu\u011fu \u00f6\u011frenildi. Yakalanan Samet T. su\u00e7unu itiraf ederken emniyet \u00e7\u0131k\u0131\u015f\u0131 &#8220;Neden yapt\u0131n?&#8221; sorusuna &#8220;\u0130yi yapt\u0131m&#8221; yan\u0131t\u0131n\u0131 verdi. \u0130stanbul\u00a0Sar\u0131yer&#8217;de, 5,5 [&hellip;]<\/p>\n","protected":false},"author":1,"featured_media":2802,"comment_status":"closed","ping_status":"closed","sticky":false,"template":"","format":"standard","meta":{"footnotes":""},"categories":[7,39],"tags":[60,70,465],"class_list":["post-2801","post","type-post","status-publish","format-standard","has-post-thumbnail","hentry","category-gundem","category-haber","tag-cinayet","tag-sariyer","tag-katletme"],"_links":{"self":[{"href":"https:\/\/avukatimtv.com\/index.php\/wp-json\/wp\/v2\/posts\/2801","targetHints":{"allow":["GET"]}}],"collection":[{"href":"https:\/\/avukatimtv.com\/index.php\/wp-json\/wp\/v2\/posts"}],"about":[{"href":"https:\/\/avukatimtv.com\/index.php\/wp-json\/wp\/v2\/types\/post"}],"author":[{"embeddable":true,"href":"https:\/\/avukatimtv.com\/index.php\/wp-json\/wp\/v2\/users\/1"}],"replies":[{"embeddable":true,"href":"https:\/\/avukatimtv.com\/index.php\/wp-json\/wp\/v2\/comments?post=2801"}],"version-history":[{"count":1,"href":"https:\/\/avukatimtv.com\/index.php\/wp-json\/wp\/v2\/posts\/2801\/revisions"}],"predecessor-version":[{"id":2803,"href":"https:\/\/avukatimtv.com\/index.php\/wp-json\/wp\/v2\/posts\/2801\/revisions\/2803"}],"wp:featuredmedia":[{"embeddable":true,"href":"https:\/\/avukatimtv.com\/index.php\/wp-json\/wp\/v2\/media\/2802"}],"wp:attachment":[{"href":"https:\/\/avukatimtv.com\/index.php\/wp-json\/wp\/v2\/media?parent=2801"}],"wp:term":[{"taxonomy":"category","embeddable":true,"href":"https:\/\/avukatimtv.com\/index.php\/wp-json\/wp\/v2\/categories?post=2801"},{"taxonomy":"post_tag","embeddable":true,"href":"https:\/\/avukatimtv.com\/index.php\/wp-json\/wp\/v2\/tags?post=2801"}],"curies":[{"name":"wp","href":"https:\/\/api.w.org\/{rel}","templated":true}]}}