{"id":2804,"date":"2025-06-26T17:51:07","date_gmt":"2025-06-26T14:51:07","guid":{"rendered":"https:\/\/avukatimtv.com\/?p=2804"},"modified":"2025-06-26T17:51:07","modified_gmt":"2025-06-26T14:51:07","slug":"cinayet-ve-uyusturucu-suclarindan-aranan-2-kisi-yakalandi","status":"publish","type":"post","link":"https:\/\/avukatimtv.com\/index.php\/2025\/06\/26\/cinayet-ve-uyusturucu-suclarindan-aranan-2-kisi-yakalandi\/","title":{"rendered":"Cinayet ve uyu\u015fturucu su\u00e7lar\u0131ndan aranan 2 ki\u015fi yakaland\u0131"},"content":{"rendered":"<p>D\u00dcZCE(\u0130HA) \u2013 D\u00fczce\u2019de biri &#8220;kasten \u00f6ld\u00fcrme&#8221;, di\u011feri ise &#8220;uyu\u015fturucu madde ticareti&#8221; su\u00e7undan aranan iki \u015fah\u0131s, jandarma ekiplerinin d\u00fczenledi\u011fi operasyonla yakaland\u0131.<\/p>\n<p>&nbsp;<\/p>\n<p>D\u00fczce \u0130l Jandarma Komutanl\u0131\u011f\u0131 ekipleri, D\u00fczce Cumhuriyet Ba\u015fsavc\u0131l\u0131\u011f\u0131 koordinesinde y\u00fcr\u00fct\u00fclen \u00e7al\u0131\u015fmalar kapsam\u0131nda Merkez il\u00e7eye ba\u011fl\u0131 Kemerkas\u0131m k\u00f6y\u00fcnde operasyon ger\u00e7ekle\u015ftirdi. Operasyonda, &#8220;kasten \u00f6ld\u00fcrme&#8221; su\u00e7undan aranan ve hakk\u0131nda 23 y\u0131l 8 ay 22 g\u00fcn kesinle\u015fmi\u015f hapis cezas\u0131 bulunan bir \u015fah\u0131s ile &#8220;uyu\u015fturucu veya uyar\u0131c\u0131 madde ticareti yapma&#8221; su\u00e7undan 11 y\u0131l 15 g\u00fcn hapis cezas\u0131 bulunan, ayr\u0131ca &#8220;h\u00fck\u00fcml\u00fc ve tutuklunun ka\u00e7mas\u0131&#8221; su\u00e7undan da aranma kayd\u0131 olan bir ki\u015fi yakaland\u0131.<\/p>\n<p>&nbsp;<\/p>\n<p>G\u00f6zalt\u0131na al\u0131nan \u015fah\u0131slar, jandarmadaki i\u015flemlerinin ard\u0131ndan sevk edildikleri adli makamlarca tutuklanarak cezaevine g\u00f6nderildi.<\/p>\n<p><img decoding=\"async\" src=\"https:\/\/cdn.iha.com.tr\/Contents\/images\/2025\/06\/26\/20250626aw484907-1.jpg\" alt=\"Cinayet ve uyu\u015fturucu su\u00e7lar\u0131ndan aranan 2 ki\u015fi yakaland\u0131\n\" \/><\/p>\n","protected":false},"excerpt":{"rendered":"<p>D\u00dcZCE(\u0130HA) \u2013 D\u00fczce\u2019de biri &#8220;kasten \u00f6ld\u00fcrme&#8221;, di\u011feri ise &#8220;uyu\u015fturucu madde ticareti&#8221; su\u00e7undan aranan iki \u015fah\u0131s, jandarma ekiplerinin d\u00fczenledi\u011fi operasyonla yakaland\u0131. &nbsp; D\u00fczce \u0130l Jandarma Komutanl\u0131\u011f\u0131 ekipleri, D\u00fczce Cumhuriyet Ba\u015fsavc\u0131l\u0131\u011f\u0131 koordinesinde y\u00fcr\u00fct\u00fclen \u00e7al\u0131\u015fmalar kapsam\u0131nda Merkez il\u00e7eye ba\u011fl\u0131 Kemerkas\u0131m k\u00f6y\u00fcnde operasyon ger\u00e7ekle\u015ftirdi. Operasyonda, &#8220;kasten \u00f6ld\u00fcrme&#8221; su\u00e7undan aranan ve hakk\u0131nda 23 y\u0131l 8 ay 22 g\u00fcn kesinle\u015fmi\u015f hapis [&hellip;]<\/p>\n","protected":false},"author":1,"featured_media":2805,"comment_status":"closed","ping_status":"closed","sticky":false,"template":"","format":"standard","meta":{"footnotes":""},"categories":[7,39],"tags":[60,47,79,71,303],"class_list":["post-2804","post","type-post","status-publish","format-standard","has-post-thumbnail","hentry","category-gundem","category-haber","tag-cinayet","tag-haber","tag-operasyon","tag-suc","tag-yakalanma"],"_links":{"self":[{"href":"https:\/\/avukatimtv.com\/index.php\/wp-json\/wp\/v2\/posts\/2804","targetHints":{"allow":["GET"]}}],"collection":[{"href":"https:\/\/avukatimtv.com\/index.php\/wp-json\/wp\/v2\/posts"}],"about":[{"href":"https:\/\/avukatimtv.com\/index.php\/wp-json\/wp\/v2\/types\/post"}],"author":[{"embeddable":true,"href":"https:\/\/avukatimtv.com\/index.php\/wp-json\/wp\/v2\/users\/1"}],"replies":[{"embeddable":true,"href":"https:\/\/avukatimtv.com\/index.php\/wp-json\/wp\/v2\/comments?post=2804"}],"version-history":[{"count":1,"href":"https:\/\/avukatimtv.com\/index.php\/wp-json\/wp\/v2\/posts\/2804\/revisions"}],"predecessor-version":[{"id":2806,"href":"https:\/\/avukatimtv.com\/index.php\/wp-json\/wp\/v2\/posts\/2804\/revisions\/2806"}],"wp:featuredmedia":[{"embeddable":true,"href":"https:\/\/avukatimtv.com\/index.php\/wp-json\/wp\/v2\/media\/2805"}],"wp:attachment":[{"href":"https:\/\/avukatimtv.com\/index.php\/wp-json\/wp\/v2\/media?parent=2804"}],"wp:term":[{"taxonomy":"category","embeddable":true,"href":"https:\/\/avukatimtv.com\/index.php\/wp-json\/wp\/v2\/categories?post=2804"},{"taxonomy":"post_tag","embeddable":true,"href":"https:\/\/avukatimtv.com\/index.php\/wp-json\/wp\/v2\/tags?post=2804"}],"curies":[{"name":"wp","href":"https:\/\/api.w.org\/{rel}","templated":true}]}}