{"id":2815,"date":"2025-06-28T19:53:58","date_gmt":"2025-06-28T16:53:58","guid":{"rendered":"https:\/\/avukatimtv.com\/?p=2815"},"modified":"2025-06-28T19:53:58","modified_gmt":"2025-06-28T16:53:58","slug":"orhangazide-cinayet-zanli-tutuklandi","status":"publish","type":"post","link":"https:\/\/avukatimtv.com\/index.php\/2025\/06\/28\/orhangazide-cinayet-zanli-tutuklandi\/","title":{"rendered":"Orhangazi&#8217;de Cinayet: Zanl\u0131 Tutukland\u0131"},"content":{"rendered":"<div id=\"icerikAlani\" class=\"detay\" data-tuhps=\"18795894\">\n<h2 id=\"spot\" class=\"mt10 haber_ozet\">Bursa&#8217;n\u0131n Orhangazi il\u00e7esinde, bir ki\u015fi bo\u011faz\u0131ndan b\u0131\u00e7aklanarak \u00f6ld\u00fcr\u00fcld\u00fc. Zanl\u0131 tutukland\u0131.<\/h2>\n<\/div>\n<div class=\"news-detail-container\">\n<div class=\"left-block\">\n<div class=\"wrapper detay-v3_3 haber_metni\">\n<p>Bursa&#8217;n\u0131n\u00a0Orhangazi\u00a0il\u00e7esinde bir ki\u015finin bo\u011faz\u0131ndan b\u0131\u00e7aklanarak \u00f6ld\u00fcr\u00fclmesiyle ilgili g\u00f6zalt\u0131na al\u0131nan zanl\u0131, \u00e7\u0131kar\u0131ld\u0131\u011f\u0131 mahkemece tutukland\u0131.<\/p>\n<p>Orhangazi&#8217;ye ba\u011fl\u0131\u00a0\u00c7ak\u0131rl\u0131\u00a0Mahallesi alt\u0131nda\u00a0\u0130znik G\u00f6l\u00fc\u00a0sahili arazi yolu \u00fczerinde d\u00fcn gece saat 21.00 s\u0131ralar\u0131nda, yerde kanlar i\u00e7erisinde hareketsiz halde yatan \u015fahs\u0131 g\u00f6ren vatanda\u015flar durumu 112&#8217;ye bildirmi\u015f, olay yerine gelen ekipler \u015fahs\u0131n bo\u011faz\u0131 kesilerek \u00f6ld\u00fcr\u00fcld\u00fc\u011f\u00fcn\u00fc tespit etmi\u015fti.<\/p>\n<p>\u00d6len ki\u015finin, Orhangazi&#8217;de \u00c7ak\u0131rl\u0131 alt\u0131nda bir \u00e7iftlikte \u00e7al\u0131\u015fan Afgan uyruklu Abd\u00fclbasir Aziz (20) oldu\u011fu belirlendi. \u00d6len \u015fahs\u0131n arkada\u015flar\u0131na ula\u015fmaya \u00e7al\u0131\u015fan jandarma ekipleri, cinayet zanl\u0131s\u0131 oldu\u011fu ileri s\u00fcr\u00fclen D.\u015e.K.&#8217;y\u0131 Orhangazi-\u0130znik Karayolu \u00fczerinde y\u00fcr\u00fcrken yakalad\u0131.<\/p>\n<p>Tutukland\u0131<\/p>\n<p>G\u00f6zalt\u0131na al\u0131nan Afgan uyruklu D.\u015e.K., jandarmadaki i\u015flemlerinin ard\u0131ndan Orhangazi Adliyesi&#8217;ne sevkedildi. Zanl\u0131, sevkedildi\u011fi mahkemece tutuklanarak cezaevine g\u00f6nderildi.<\/p>\n<p>Cinayeti itiraf etti<\/p>\n<p>Cinayeti i\u015fledi\u011fini itiraf eden D.\u015e.K.&#8217;n\u0131n ifadesinde, Abd\u00fclbasir Aziz&#8217;in kimli\u011fi belirlenemeyen bir ba\u015fka Afgan arkada\u015f\u0131 ile kendisini taciz etti\u011fini zorla elbiselerini \u00e7\u0131kararak foto\u011fraflar\u0131n\u0131 \u00e7ekerek kendisine \u015fantaj yapt\u0131\u011f\u0131n\u0131, cinayeti bu y\u00fczden i\u015fledi\u011fini belirtti\u011fi \u00f6\u011frenildi. Yeminli terc\u00fcman e\u015fli\u011finde ifadesi al\u0131n\u0131p mahkemeye sevkedilen zanl\u0131, tutuklanarak cezaevine g\u00f6nderildi. &#8211; BURSA<\/p>\n<\/div>\n<\/div>\n<p><strong>KAYNAK:SONDAK\u0130KA<\/strong><\/p>\n<\/div>\n","protected":false},"excerpt":{"rendered":"<p>Bursa&#8217;n\u0131n Orhangazi il\u00e7esinde, bir ki\u015fi bo\u011faz\u0131ndan b\u0131\u00e7aklanarak \u00f6ld\u00fcr\u00fcld\u00fc. Zanl\u0131 tutukland\u0131. Bursa&#8217;n\u0131n\u00a0Orhangazi\u00a0il\u00e7esinde bir ki\u015finin bo\u011faz\u0131ndan b\u0131\u00e7aklanarak \u00f6ld\u00fcr\u00fclmesiyle ilgili g\u00f6zalt\u0131na al\u0131nan zanl\u0131, \u00e7\u0131kar\u0131ld\u0131\u011f\u0131 mahkemece tutukland\u0131. Orhangazi&#8217;ye ba\u011fl\u0131\u00a0\u00c7ak\u0131rl\u0131\u00a0Mahallesi alt\u0131nda\u00a0\u0130znik G\u00f6l\u00fc\u00a0sahili arazi yolu \u00fczerinde d\u00fcn gece saat 21.00 s\u0131ralar\u0131nda, yerde kanlar i\u00e7erisinde hareketsiz halde yatan \u015fahs\u0131 g\u00f6ren vatanda\u015flar durumu 112&#8217;ye bildirmi\u015f, olay yerine gelen ekipler \u015fahs\u0131n bo\u011faz\u0131 kesilerek \u00f6ld\u00fcr\u00fcld\u00fc\u011f\u00fcn\u00fc [&hellip;]<\/p>\n","protected":false},"author":1,"featured_media":2816,"comment_status":"closed","ping_status":"closed","sticky":false,"template":"","format":"standard","meta":{"footnotes":""},"categories":[7,39],"tags":[80,60,175,71,445,332,331],"class_list":["post-2815","post","type-post","status-publish","format-standard","has-post-thumbnail","hentry","category-gundem","category-haber","tag-bursa","tag-cinayet","tag-guvenlik","tag-suc","tag-orhangazi","tag-politika","tag-yerel-haberler"],"_links":{"self":[{"href":"https:\/\/avukatimtv.com\/index.php\/wp-json\/wp\/v2\/posts\/2815","targetHints":{"allow":["GET"]}}],"collection":[{"href":"https:\/\/avukatimtv.com\/index.php\/wp-json\/wp\/v2\/posts"}],"about":[{"href":"https:\/\/avukatimtv.com\/index.php\/wp-json\/wp\/v2\/types\/post"}],"author":[{"embeddable":true,"href":"https:\/\/avukatimtv.com\/index.php\/wp-json\/wp\/v2\/users\/1"}],"replies":[{"embeddable":true,"href":"https:\/\/avukatimtv.com\/index.php\/wp-json\/wp\/v2\/comments?post=2815"}],"version-history":[{"count":1,"href":"https:\/\/avukatimtv.com\/index.php\/wp-json\/wp\/v2\/posts\/2815\/revisions"}],"predecessor-version":[{"id":2817,"href":"https:\/\/avukatimtv.com\/index.php\/wp-json\/wp\/v2\/posts\/2815\/revisions\/2817"}],"wp:featuredmedia":[{"embeddable":true,"href":"https:\/\/avukatimtv.com\/index.php\/wp-json\/wp\/v2\/media\/2816"}],"wp:attachment":[{"href":"https:\/\/avukatimtv.com\/index.php\/wp-json\/wp\/v2\/media?parent=2815"}],"wp:term":[{"taxonomy":"category","embeddable":true,"href":"https:\/\/avukatimtv.com\/index.php\/wp-json\/wp\/v2\/categories?post=2815"},{"taxonomy":"post_tag","embeddable":true,"href":"https:\/\/avukatimtv.com\/index.php\/wp-json\/wp\/v2\/tags?post=2815"}],"curies":[{"name":"wp","href":"https:\/\/api.w.org\/{rel}","templated":true}]}}