{"id":2829,"date":"2025-07-01T21:16:09","date_gmt":"2025-07-01T18:16:09","guid":{"rendered":"https:\/\/avukatimtv.com\/?p=2829"},"modified":"2025-07-01T21:16:09","modified_gmt":"2025-07-01T18:16:09","slug":"bosanma-surecinde-cinayet-davasi","status":"publish","type":"post","link":"https:\/\/avukatimtv.com\/index.php\/2025\/07\/01\/bosanma-surecinde-cinayet-davasi\/","title":{"rendered":"Bo\u015fanma S\u00fcrecinde Cinayet Davas\u0131"},"content":{"rendered":"<div id=\"icerikAlani\" class=\"detay\" data-tuhps=\"18807312\">\n<h2 id=\"spot\" class=\"mt10 haber_ozet\">G\u00f6khan Eller, bo\u015fanma a\u015famas\u0131ndaki e\u015fini bo\u011farak \u00f6ld\u00fcrd\u00fc, a\u011f\u0131rla\u015ft\u0131r\u0131lm\u0131\u015f m\u00fcebbet talep edildi.<\/h2>\n<\/div>\n<div class=\"news-detail-container\">\n<div class=\"left-block\">\n<div class=\"wrapper detay-v3_3 haber_metni\">\n<p>&nbsp;<\/p>\n<p>&nbsp;<\/p>\n<p>MAN\u0130SA&#8217;da bo\u015fanma a\u015famas\u0131ndaki e\u015fi Selda Eller&#8217;i (40) bez par\u00e7as\u0131 ile bo\u011fan G\u00f6khan Eller (41) i\u00e7in savc\u0131, verdi\u011fi m\u00fctalaada a\u011f\u0131rla\u015ft\u0131r\u0131lm\u0131\u015f m\u00fcebbet talep etti.<\/p>\n<p>Olay, 23\u00a0Eyl\u00fcl\u00a02024 tarihinde\u00a0Yunusemre\u00a0il\u00e7esi\u00a0G\u00fczelyurt Mahallesi&#8217;nde meydana geldi. Yunusemre Belediyesi&#8217;nde \u00e7al\u0131\u015fan G\u00f6khan Eller ile g\u00fczellik salonu i\u015fleten e\u015fi Selda Eller, anla\u015fmal\u0131 olarak bo\u015fanma karar\u0131 ald\u0131. S\u00fcre\u00e7 devam ederken; Selda Eller,\u00a0Manisa Cumhuriyet Ba\u015fsavc\u0131l\u0131\u011f\u0131&#8217;na ba\u015fvurarak e\u015finden \u015fiddet g\u00f6rd\u00fc\u011f\u00fc gerek\u00e7esiyle uzakla\u015ft\u0131rma karar\u0131 ald\u0131rd\u0131. \u0130ddiaya g\u00f6re, Selda Eller, karardan k\u0131sa s\u00fcre sonra G\u00f6khan Eller&#8217;i arayarak evden e\u015fyalar\u0131n\u0131 alabilece\u011fini s\u00f6yledi. Eve giden G\u00f6khan Eller ile Selda Eller aras\u0131nda tart\u0131\u015fma \u00e7\u0131kt\u0131. G\u00f6khan Eller, eline ge\u00e7irdi\u011fi bez par\u00e7as\u0131yla 2 \u00e7ocu\u011funun annesini bo\u011fdu. Eller, ard\u0131ndan polis merkezine giderek teslim oldu ve tutukland\u0131.<\/p>\n<p>4&#8217;\u00dcNC\u00dc DURU\u015eMA<\/p>\n<p>Soru\u015fturman\u0131n tamamlanmas\u0131n\u0131n ard\u0131ndan Manisa Cumhuriyet Ba\u015fsavc\u0131l\u0131\u011f\u0131 taraf\u0131ndan haz\u0131rlanan iddianamede; G\u00f6khan Eller hakk\u0131nda &#8216;E\u015fe kar\u015f\u0131 kasten \u00f6ld\u00fcrme&#8217; su\u00e7undan a\u011f\u0131rla\u015ft\u0131r\u0131lm\u0131\u015f m\u00fcebbet hapis cezas\u0131 talep edildi. \u0130ddianame Manisa 4&#8217;\u00fcnc\u00fc A\u011f\u0131r Ceza Mahkemesi&#8217;nde kabul edildi.<\/p>\n<p>11 TEMMUZ&#8217;A ERTELEND\u0130<\/p>\n<p>Davan\u0131n bug\u00fcn g\u00f6r\u00fclen 4&#8217;\u00fcnc\u00fc duru\u015fmas\u0131na, Selda Eller&#8217;in annesi Zehra Can \u015eahin, babas\u0131\u00a0Mustafa Ferhat\u00a0Durmaz, ailenin avukat\u0131\u00a0Mehmet Arslan\u00a0ve\u00a0Kad\u0131n\u00a0Cinayetlerini Durduraca\u011f\u0131z Platformu temsilcisi\u00a0Rabia Aksu\u00a0kat\u0131ld\u0131. San\u0131k G\u00f6khan Eller de duru\u015fmada haz\u0131r bulundu. Savc\u0131, esas hakk\u0131ndaki m\u00fctalaas\u0131nda san\u0131\u011f\u0131n &#8216;E\u015fe kar\u015f\u0131 kasten \u00f6ld\u00fcrme&#8217; su\u00e7unu i\u015fledi\u011fini belirterek, a\u011f\u0131rla\u015ft\u0131r\u0131lm\u0131\u015f m\u00fcebbet hapis ile cezaland\u0131r\u0131lmas\u0131n\u0131 talep etti. Mahkeme heyeti, karar\u0131 a\u00e7\u0131klamak \u00fczere davay\u0131 11 Temmuz&#8217;a erteledi.<\/p>\n<\/div>\n<\/div>\n<\/div>\n","protected":false},"excerpt":{"rendered":"<p>G\u00f6khan Eller, bo\u015fanma a\u015famas\u0131ndaki e\u015fini bo\u011farak \u00f6ld\u00fcrd\u00fc, a\u011f\u0131rla\u015ft\u0131r\u0131lm\u0131\u015f m\u00fcebbet talep edildi. &nbsp; &nbsp; MAN\u0130SA&#8217;da bo\u015fanma a\u015famas\u0131ndaki e\u015fi Selda Eller&#8217;i (40) bez par\u00e7as\u0131 ile bo\u011fan G\u00f6khan Eller (41) i\u00e7in savc\u0131, verdi\u011fi m\u00fctalaada a\u011f\u0131rla\u015ft\u0131r\u0131lm\u0131\u015f m\u00fcebbet talep etti. Olay, 23\u00a0Eyl\u00fcl\u00a02024 tarihinde\u00a0Yunusemre\u00a0il\u00e7esi\u00a0G\u00fczelyurt Mahallesi&#8217;nde meydana geldi. Yunusemre Belediyesi&#8217;nde \u00e7al\u0131\u015fan G\u00f6khan Eller ile g\u00fczellik salonu i\u015fleten e\u015fi Selda Eller, anla\u015fmal\u0131 olarak [&hellip;]<\/p>\n","protected":false},"author":1,"featured_media":2830,"comment_status":"closed","ping_status":"closed","sticky":false,"template":"","format":"standard","meta":{"footnotes":""},"categories":[7],"tags":[60,148,392,368,334,370],"class_list":["post-2829","post","type-post","status-publish","format-standard","has-post-thumbnail","hentry","category-gundem","tag-cinayet","tag-hukuk","tag-kadin","tag-aile-ici-siddet","tag-guncel","tag-manisa"],"_links":{"self":[{"href":"https:\/\/avukatimtv.com\/index.php\/wp-json\/wp\/v2\/posts\/2829","targetHints":{"allow":["GET"]}}],"collection":[{"href":"https:\/\/avukatimtv.com\/index.php\/wp-json\/wp\/v2\/posts"}],"about":[{"href":"https:\/\/avukatimtv.com\/index.php\/wp-json\/wp\/v2\/types\/post"}],"author":[{"embeddable":true,"href":"https:\/\/avukatimtv.com\/index.php\/wp-json\/wp\/v2\/users\/1"}],"replies":[{"embeddable":true,"href":"https:\/\/avukatimtv.com\/index.php\/wp-json\/wp\/v2\/comments?post=2829"}],"version-history":[{"count":1,"href":"https:\/\/avukatimtv.com\/index.php\/wp-json\/wp\/v2\/posts\/2829\/revisions"}],"predecessor-version":[{"id":2831,"href":"https:\/\/avukatimtv.com\/index.php\/wp-json\/wp\/v2\/posts\/2829\/revisions\/2831"}],"wp:featuredmedia":[{"embeddable":true,"href":"https:\/\/avukatimtv.com\/index.php\/wp-json\/wp\/v2\/media\/2830"}],"wp:attachment":[{"href":"https:\/\/avukatimtv.com\/index.php\/wp-json\/wp\/v2\/media?parent=2829"}],"wp:term":[{"taxonomy":"category","embeddable":true,"href":"https:\/\/avukatimtv.com\/index.php\/wp-json\/wp\/v2\/categories?post=2829"},{"taxonomy":"post_tag","embeddable":true,"href":"https:\/\/avukatimtv.com\/index.php\/wp-json\/wp\/v2\/tags?post=2829"}],"curies":[{"name":"wp","href":"https:\/\/api.w.org\/{rel}","templated":true}]}}