{"id":2833,"date":"2025-07-02T19:15:56","date_gmt":"2025-07-02T16:15:56","guid":{"rendered":"https:\/\/avukatimtv.com\/?p=2833"},"modified":"2025-07-02T19:15:56","modified_gmt":"2025-07-02T16:15:56","slug":"ogretmen-kizini-bogarak-olduren-anne-hakkinda-agirlastirilmis-muebbet-hapis-istendi","status":"publish","type":"post","link":"https:\/\/avukatimtv.com\/index.php\/2025\/07\/02\/ogretmen-kizini-bogarak-olduren-anne-hakkinda-agirlastirilmis-muebbet-hapis-istendi\/","title":{"rendered":"\u00d6\u011fretmen k\u0131z\u0131n\u0131 bo\u011farak \u00f6ld\u00fcren anne hakk\u0131nda a\u011f\u0131rla\u015ft\u0131r\u0131lm\u0131\u015f m\u00fcebbet hapis istendi"},"content":{"rendered":"<div id=\"icerikAlani\" class=\"detay\" data-tuhps=\"18811221\">\n<h2 id=\"spot\" class=\"mt10 haber_ozet\">Samsun&#8217;da rehber \u00f6\u011fretmeni k\u0131z\u0131n\u0131 bo\u011farak \u00f6ld\u00fcren anne hakk\u0131nda haz\u0131rlanan savc\u0131l\u0131k iddianamesi a\u011f\u0131r ceza mahkemesi taraf\u0131ndan kabul edilirken, k\u0131z\u0131n\u0131 \u00f6ld\u00fcren anne hakk\u0131nda a\u011f\u0131rla\u015ft\u0131r\u0131lm\u0131\u015f hapis cezas\u0131 talep edildi.<\/h2>\n<\/div>\n<div class=\"news-detail-container\">\n<div class=\"left-block\">\n<div class=\"wrapper detay-v3_3 haber_metni\">\n<p>Samsun&#8217;da rehber \u00f6\u011fretmeni k\u0131z\u0131n\u0131 bo\u011farak \u00f6ld\u00fcren anne hakk\u0131nda haz\u0131rlanan savc\u0131l\u0131k iddianamesi a\u011f\u0131r ceza mahkemesi taraf\u0131ndan kabul edilirken, k\u0131z\u0131n\u0131 \u00f6ld\u00fcren anne hakk\u0131nda a\u011f\u0131rla\u015ft\u0131r\u0131lm\u0131\u015f hapis cezas\u0131 talep edildi.<\/p>\n<p>Olay, Samsun&#8217;un\u00a0Atakum\u00a0il\u00e7esi Esenevler Mahallesi&#8217;nde 08 Nisan 2025 tarihinde meydana geldi. Edinilen bilgiye g\u00f6re, asker olan a\u011fabeyi 2021 y\u0131l\u0131nda\u00a0Hakkari&#8217;de \u015fehit olan Tuba G\u00fcnayd\u0131n (34), ya\u015fad\u0131\u011f\u0131 psikolojik s\u0131k\u0131nt\u0131dan dolay\u0131 bir y\u0131l sonra e\u015finden bo\u015fand\u0131. Rehberlik \u00f6\u011fretmeni olan Tuba G\u00fcnayd\u0131n, \u015fehit ve gazi yak\u0131n\u0131 kadrosundan Samsun&#8217;daki\u00a0Sakarya\u00a0\u0130lkokulu&#8217;na atand\u0131. G\u00f6z\u00fcnden sa\u011fl\u0131k sorunlar\u0131 ya\u015fay\u0131p sa\u011f aya\u011f\u0131 da k\u0131smi fel\u00e7 ge\u00e7iren Tuba G\u00fcnayd\u0131n, annesi Sultan G\u00fcnayd\u0131n (61) ile ya\u015famaya ba\u015flad\u0131. \u00d6\u011fretmen Tuba G\u00fcnayd\u0131n&#8217;\u0131n annesi Sultan G\u00fcnayd\u0131n, olay gecesi feryat ederek kom\u015fulardan yard\u0131m isteyip k\u0131z\u0131n\u0131n banyoda bilekleri kesilmi\u015f halde, hareketsiz yatt\u0131\u011f\u0131n\u0131 ve son d\u00f6nemlerde psikolojik sorunlar\u0131 oldu\u011funu s\u00f6yledi. Olay\u0131n oldu\u011fu eve polis ve sa\u011fl\u0131k ekipleri sevk edildi. Tuba G\u00fcnayd\u0131n&#8217;\u0131n olay yerinde hayat\u0131n\u0131 kaybetti\u011fi tespit edildi. Bile\u011fini keserek intihar etti\u011fi de\u011ferlendirilen Tuba G\u00fcnayd\u0131n&#8217;\u0131n cans\u0131z bedeni otopsi i\u00e7in\u00a0Adli T\u0131p Kurumu\u00a0Samsun Grup Ba\u015fkanl\u0131\u011f\u0131na g\u00f6nderildi. Yap\u0131lan otopside gen\u00e7 \u00f6\u011fretmenin boynunda bo\u011fmaya ba\u011fl\u0131 k\u0131r\u0131klar oldu\u011fu ortaya \u00e7\u0131k\u0131nca korkun\u00e7 ger\u00e7ek ortaya \u00e7\u0131kt\u0131 ve anne Sultan G\u00fcnayd\u0131n savc\u0131n\u0131n talimat\u0131 do\u011frultusunda\u00a0Samsun Emniyet M\u00fcd\u00fcrl\u00fc\u011f\u00fc\u00a0Asayi\u015f \u015eube M\u00fcd\u00fcrl\u00fc\u011f\u00fc\u00a0Cinayet\u00a0B\u00fcro Amirli\u011fi ekipleri taraf\u0131ndan g\u00f6zalt\u0131na al\u0131nd\u0131.<\/p>\n<p>Sorgusunda su\u00e7unu itiraf eden anne Sultan G\u00fcnayd\u0131n, &#8220;K\u0131z\u0131m Tuba 2020 y\u0131l\u0131nda bir evlilik yapt\u0131 ve 2 y\u0131l sonra e\u015finden ayr\u0131ld\u0131. E\u015finden ayr\u0131ld\u0131ktan sonra psikolojik problemleri artmaya devam etti. Eski e\u015fi ile telefonda g\u00f6r\u00fc\u015fmeye devam ediyordu. Depremden sonra\u00a0Malatya&#8217;dan Samsun&#8217;a geldik. Bir s\u00fcre kald\u0131ktan sonra e\u015fimle ben Malatya&#8217;ya d\u00f6nd\u00fck. K\u0131z\u0131m burada \u00f6zel kolejde \u00e7al\u0131\u015fmaya ba\u015flad\u0131. Daha sonra da \u00f6zel okuldan devlet okuluna kadrolu \u00f6\u011fretmenli\u011fe ge\u00e7i\u015f yapt\u0131. Karde\u015fi \u015fehit oldu\u011fu i\u00e7in tan\u0131nan haktan yararland\u0131. K\u0131z\u0131m g\u00f6z\u00fcnden bir rahats\u0131zl\u0131k ge\u00e7irdi. Tedavisi esnas\u0131nda kalp krizi de ge\u00e7irdi. Ge\u00e7irdi\u011fi rahats\u0131zl\u0131klardan dolay\u0131 v\u00fccudunun sol taraf\u0131nda his kayb\u0131 olu\u015ftu. Sol kolunu kullanabiliyordu. Sol aya\u011f\u0131na \u00f6zel bir ayakkab\u0131 giyerek kenarlardan destek alarak tek ba\u015f\u0131na y\u00fcr\u00fcyebiliyordu. K\u0131z\u0131m ge\u00e7irdi\u011fi rahats\u0131zl\u0131klardan dolay\u0131 psikolojik problemleri iyice artmaya ba\u015flad\u0131. \u00dcniversite hastanesinde tedavi g\u00f6rd\u00fc\u011f\u00fcnde psikolog ona ila\u00e7 vermi\u015fti. \u0130la\u00e7lar\u0131n\u0131 kullanmad\u0131. Psikolojik rahats\u0131zl\u0131\u011f\u0131 i\u00e7in herhangi bir tedavi g\u00f6rmedi. Yakla\u015f\u0131k 15 g\u00fcn \u00f6nce bana sald\u0131rd\u0131. V\u00fccudunun sol taraf\u0131n\u0131n tutmay\u0131\u015f\u0131n\u0131 kabullenemedi. Bana &#8216;Sen sa\u011fl\u0131kl\u0131s\u0131n, ben neden b\u00f6yleyim&#8217; diyerek sald\u0131rm\u0131\u015ft\u0131. Olay gecesi saat 02.00 s\u0131ralar\u0131nda ben dinlendi\u011fim s\u0131rada k\u0131z\u0131m bana seslendi. Banyonun \u0131\u015f\u0131\u011f\u0131n\u0131n a\u00e7\u0131k oldu\u011funu g\u00f6rd\u00fcm. Banyoya gitti\u011fimde k\u0131z\u0131m bana yine sald\u0131rd\u0131. K\u0131z\u0131m\u0131n elinden kurtulmak amac\u0131yla itti\u011fimde yere d\u00fc\u015ferek ba\u015f\u0131n\u0131 banyonun zeminine \u00e7arpt\u0131. Yerdeyken bana sald\u0131rmaya devam etti. Omuzlar\u0131na \u00e7\u00f6kt\u00fcm fakat sald\u0131r\u0131s\u0131na devam etti. O anl\u0131k heyecanla k\u0131z\u0131m\u0131n bo\u011faz\u0131na sar\u0131ld\u0131m. Tam olarak ne kadar s\u00fcrd\u00fc\u011f\u00fcn\u00fc hat\u0131rlam\u0131yorum. Fakat 1-2 dakika bo\u011faz\u0131ndan tuttum. Kendime geldi\u011fimde k\u0131z\u0131m\u0131n nefes almad\u0131\u011f\u0131n\u0131 fark ettim. \u00d6ld\u00fc\u011f\u00fcn\u00fc anlad\u0131m. K\u0131z\u0131m bana daha \u00f6nce intihar edece\u011fini s\u00f6yl\u00fcyordu. Akl\u0131ma bu geldi. Mutfa\u011fa giderek b\u0131\u00e7ak ald\u0131m ve k\u0131z\u0131m\u0131n bileklerini intihar s\u00fcs\u00fc vermek amac\u0131 ile kestim. Daha sonra ba\u011f\u0131rd\u0131\u011f\u0131mda kom\u015fular\u0131m\u0131z geldi ve polise haber vermi\u015fler&#8221; dedi.<\/p>\n<p>\u00c7\u0131kar\u0131ld\u0131\u011f\u0131 mahkemece tutuklanarak cezaevine g\u00f6nderilen anne G\u00fcnayd\u0131n hakk\u0131nda dava a\u00e7\u0131ld\u0131. Soru\u015fturmay\u0131 y\u00fcr\u00fcten savc\u0131 taraf\u0131ndan haz\u0131rlanan iddianamede Sultan G\u00fcnayd\u0131n hakk\u0131nda, T\u00fcrk Ceza Kanunu (TCK) 82\/1-d-f-e.2 maddeleri gere\u011fi a\u011f\u0131rla\u015ft\u0131r\u0131lm\u0131\u015f hapis cezas\u0131 talep edildi. Savc\u0131l\u0131k iddianamesi Samsun 1.A\u011f\u0131r Ceza Mahkemesi taraf\u0131ndan kabul edildi ve ilk duru\u015fman\u0131n 16 Ekim 2025 tarihinde g\u00f6r\u00fclece\u011fi \u00f6\u011frenildi. &#8211; SAMSUN<\/p>\n<\/div>\n<\/div>\n<p><strong>KAYNAK:SONDAK\u0130KA<\/strong><\/p>\n<\/div>\n","protected":false},"excerpt":{"rendered":"<p>Samsun&#8217;da rehber \u00f6\u011fretmeni k\u0131z\u0131n\u0131 bo\u011farak \u00f6ld\u00fcren anne hakk\u0131nda haz\u0131rlanan savc\u0131l\u0131k iddianamesi a\u011f\u0131r ceza mahkemesi taraf\u0131ndan kabul edilirken, k\u0131z\u0131n\u0131 \u00f6ld\u00fcren anne hakk\u0131nda a\u011f\u0131rla\u015ft\u0131r\u0131lm\u0131\u015f hapis cezas\u0131 talep edildi. Samsun&#8217;da rehber \u00f6\u011fretmeni k\u0131z\u0131n\u0131 bo\u011farak \u00f6ld\u00fcren anne hakk\u0131nda haz\u0131rlanan savc\u0131l\u0131k iddianamesi a\u011f\u0131r ceza mahkemesi taraf\u0131ndan kabul edilirken, k\u0131z\u0131n\u0131 \u00f6ld\u00fcren anne hakk\u0131nda a\u011f\u0131rla\u015ft\u0131r\u0131lm\u0131\u015f hapis cezas\u0131 talep edildi. Olay, Samsun&#8217;un\u00a0Atakum\u00a0il\u00e7esi Esenevler [&hellip;]<\/p>\n","protected":false},"author":1,"featured_media":2834,"comment_status":"closed","ping_status":"closed","sticky":false,"template":"","format":"standard","meta":{"footnotes":""},"categories":[7,39],"tags":[60,148,71,470,366,331],"class_list":["post-2833","post","type-post","status-publish","format-standard","has-post-thumbnail","hentry","category-gundem","category-haber","tag-cinayet","tag-hukuk","tag-suc","tag-rehber","tag-samsun","tag-yerel-haberler"],"_links":{"self":[{"href":"https:\/\/avukatimtv.com\/index.php\/wp-json\/wp\/v2\/posts\/2833","targetHints":{"allow":["GET"]}}],"collection":[{"href":"https:\/\/avukatimtv.com\/index.php\/wp-json\/wp\/v2\/posts"}],"about":[{"href":"https:\/\/avukatimtv.com\/index.php\/wp-json\/wp\/v2\/types\/post"}],"author":[{"embeddable":true,"href":"https:\/\/avukatimtv.com\/index.php\/wp-json\/wp\/v2\/users\/1"}],"replies":[{"embeddable":true,"href":"https:\/\/avukatimtv.com\/index.php\/wp-json\/wp\/v2\/comments?post=2833"}],"version-history":[{"count":1,"href":"https:\/\/avukatimtv.com\/index.php\/wp-json\/wp\/v2\/posts\/2833\/revisions"}],"predecessor-version":[{"id":2835,"href":"https:\/\/avukatimtv.com\/index.php\/wp-json\/wp\/v2\/posts\/2833\/revisions\/2835"}],"wp:featuredmedia":[{"embeddable":true,"href":"https:\/\/avukatimtv.com\/index.php\/wp-json\/wp\/v2\/media\/2834"}],"wp:attachment":[{"href":"https:\/\/avukatimtv.com\/index.php\/wp-json\/wp\/v2\/media?parent=2833"}],"wp:term":[{"taxonomy":"category","embeddable":true,"href":"https:\/\/avukatimtv.com\/index.php\/wp-json\/wp\/v2\/categories?post=2833"},{"taxonomy":"post_tag","embeddable":true,"href":"https:\/\/avukatimtv.com\/index.php\/wp-json\/wp\/v2\/tags?post=2833"}],"curies":[{"name":"wp","href":"https:\/\/api.w.org\/{rel}","templated":true}]}}