{"id":2836,"date":"2025-07-02T19:28:22","date_gmt":"2025-07-02T16:28:22","guid":{"rendered":"https:\/\/avukatimtv.com\/?p=2836"},"modified":"2025-07-02T19:28:22","modified_gmt":"2025-07-02T16:28:22","slug":"karsta-6-yasindaki-cocugun-olumu-saniklar-yargilaniyor","status":"publish","type":"post","link":"https:\/\/avukatimtv.com\/index.php\/2025\/07\/02\/karsta-6-yasindaki-cocugun-olumu-saniklar-yargilaniyor\/","title":{"rendered":"Kars&#8217;ta 6 ya\u015f\u0131ndaki \u00c7ocu\u011fun \u00d6l\u00fcm\u00fc: San\u0131klar Yarg\u0131lan\u0131yor"},"content":{"rendered":"<div id=\"icerikAlani\" class=\"detay\" data-tuhps=\"18808519\">\n<h2 id=\"spot\" class=\"mt10 haber_ozet\">Kars&#8217;ta maganda kur\u015funuyla hayat\u0131n\u0131 kaybeden 6 ya\u015f\u0131ndaki Muhammet Poyraz Erda\u011f&#8217;\u0131n davas\u0131nda san\u0131klar yarg\u0131lanmaya ba\u015flad\u0131.<\/h2>\n<\/div>\n<div class=\"news-detail-container\">\n<div class=\"left-block\">\n<div class=\"wrapper detay-v3_3 haber_metni\">\n<p>Kars&#8217;ta ak\u00fcl\u00fc arac\u0131yla evinin \u00f6n\u00fcnde oynad\u0131\u011f\u0131 s\u0131rada maganda kur\u015funu isabet etmesi sonucu hayat\u0131n\u0131 kaybeden 6 ya\u015f\u0131ndaki Muhammet Poyraz Erda\u011f&#8217;\u0131n \u00f6l\u00fcm\u00fcne ili\u015fkin tutuklu 5 san\u0131\u011f\u0131n yarg\u0131lanmas\u0131na ba\u015fland\u0131.<\/p>\n<p>Kars 2. A\u011f\u0131r Ceza Mahkemesi&#8217;ndeki duru\u015fmada, tutuklu san\u0131klar Ahmet ve Mehmet A. ile Kazim, Yusuf ve Ya\u011fup Y, taraf avukatlar\u0131 ile Muhammet Poyraz Erda\u011f&#8217;\u0131n annesi Meltem ve babas\u0131 Murat Erda\u011f haz\u0131r bulundu. Anne Erda\u011f&#8217;\u0131n o\u011flunun foto\u011fraf\u0131n\u0131n yer ald\u0131\u011f\u0131 ti\u015f\u00f6rt giydi\u011fi g\u00f6r\u00fcld\u00fc.<\/p>\n<p>Erda\u011f ailesini yaln\u0131z b\u0131rakmak istemeyen baz\u0131 vatanda\u015flar da adliyeye gelerek bah\u00e7eden destek verdi.<\/p>\n<p>Polis\u00a0ekiplerinin yo\u011fun g\u00fcvenlik \u00f6nlemi ald\u0131\u011f\u0131 adliye \u00e7evresinde, vatanda\u015flar tek tek aranarak bah\u00e7eye ve adliyeye al\u0131nd\u0131.<\/p>\n<p>S\u00f6z verilen san\u0131klardan Kazim Y, olaydan 40-50 g\u00fcn \u00f6nce halas\u0131 Sevilay A. ile Mehmet A. aras\u0131nda tart\u0131\u015fma \u00e7\u0131kt\u0131\u011f\u0131n\u0131, onlar\u0131 bar\u0131\u015ft\u0131rmak i\u00e7in araca ald\u0131\u011f\u0131n\u0131 ancak burada da kavga ettiklerini s\u00f6yledi.<\/p>\n<p>Bu olaydan sonra birka\u00e7 kavgan\u0131n daha ya\u015fand\u0131\u011f\u0131n\u0131 anlatan Kazim Y, &#8220;Daha \u00f6nceki kavgalardan dolay\u0131 bir ka\u00e7 tehdit ald\u0131m, beni vuracaklar\u0131n\u0131 duydum. Ben de olay g\u00fcn\u00fc silah\u0131 yan\u0131ma ald\u0131m daha \u00f6nce de babam silahla vurularak \u00f6ld\u00fcr\u00fcld\u00fc. Ondan dolay\u0131 ben de \u00e7elik yelek giyiyordum. K\u00f6ye gitmek i\u00e7in\u00a0\u015e\u00f6len\u00a0D\u00fc\u011f\u00fcn Salonu&#8217;nun \u00f6n\u00fcnde bekledi\u011fim s\u0131rada Ahmet ve Mehmet A. ara\u00e7la gelip hedef g\u00f6zeterek bize ate\u015f a\u00e7t\u0131. Park halindeki ara\u00e7lar\u0131n arkas\u0131na sakland\u0131k. Daha sonra ben de kendimi korumak i\u00e7in 4-5 el ate\u015f ettim. Yusuf Y&#8217;nin elinde silah vard\u0131 ancak ate\u015f etti\u011fini g\u00f6rmedim, Ya\u011fup ate\u015f etti. D\u00fc\u011f\u00fcn salonun arkas\u0131ndan \u00e7\u0131karak yelek ve montumu yengeme teslim ederek ninemin evine gittim. Burada bulundu\u011fum s\u0131rada akrabalar yan\u0131ma geldi, akrabalar\u0131m\u0131nd\u0131 biri &#8216;seni k\u00f6ye b\u0131rakal\u0131m bunlar rahat durmayacak&#8217; dedi.&#8221; ifadesini kulland\u0131.<\/p>\n<p>K\u00f6y gittiklerinde s\u0131rada bir polisin kendisini aray\u0131p k\u00fc\u00e7\u00fck bir \u00e7ocu\u011fun vuruldu\u011funu s\u00f6yledi\u011fini aktaran Kazim Y, &#8220;Gidip teslim oldum, silah\u0131 ve olay yerinden toplad\u0131\u011f\u0131m kovanlar\u0131 da teslim ettim, olay b\u00f6yle ger\u00e7ekle\u015fti. Ke\u015fke b\u00f6yle bir olay ya\u015fanmasayd\u0131 Ahmet ve Mehmet A&#8217;dan \u015fikayet\u00e7iyim. Bu olaylar Mehmet A&#8217;n\u0131n e\u015fi Sevilay&#8217;\u0131 18 ya\u015f\u0131ndaki bir k\u0131zla aldatmas\u0131 ve bo\u015fanma davas\u0131n\u0131n a\u00e7\u0131lmas\u0131 nedeniyle \u00e7\u0131kt\u0131.&#8221; diye konu\u015ftu.<\/p>\n<p>San\u0131k Ya\u011fup Y. de k\u00f6ye gitmek i\u00e7in i\u015f yerleri olan \u015e\u00f6len D\u00fc\u011f\u00fcn Salonu&#8217;ndan malzeme almak i\u00e7in geldiklerini belirterek, &#8220;Ahmet ve Mehmet bir ara\u00e7la gelerek bize ve i\u015f yerimize ate\u015f ettiler. Biz de ara\u00e7lar\u0131n arkas\u0131ndan sakland\u0131k. Ahmet ve Mehmet bir\u00e7ok kez ate\u015f etti.&#8221; \u015feklinde beyan verdi.<\/p>\n<p>Ahmet A. ise k\u00f6y muhtar\u0131 oldu\u011funu ve olaydan bir g\u00fcn \u00f6nce kay\u0131npederinin vefat etti\u011fini cenaze i\u015fleriyle u\u011fra\u015ft\u0131\u011f\u0131n\u0131,\u00a029 Ekim\u00a0merasimi nedeniyle \u00e7ocuklar\u0131yla g\u00f6steriye kat\u0131ld\u0131\u011f\u0131n\u0131, d\u00f6n\u00fc\u015fte \u00e7ocuklar\u0131yla ara\u00e7tayken kendilerine ate\u015f a\u00e7\u0131ld\u0131\u011f\u0131n\u0131, kendisinin de hedef g\u00f6zetmeksizin havaya do\u011fru 3-5 el ate\u015f etti\u011fini anlatt\u0131.<\/p>\n<p>Mehmet A. da kar\u015f\u0131 taraf\u0131n \u00fczerine iftira att\u0131\u011f\u0131n\u0131 belirterek, \u015fikayet\u00e7i oldu\u011funu s\u00f6yledi.<\/p>\n<p>Beyanlar\u0131n ard\u0131ndan g\u00f6r\u00fc\u015f\u00fc sorulan cumhuriyet savc\u0131s\u0131, kuvvetli su\u00e7 \u015f\u00fcphesi ve ka\u00e7ma ihtimali nedeniyle tutuklu san\u0131klar\u0131n mevcut halinin devam\u0131na karar verilmesini talep etti.<\/p>\n<p>Mahkeme heyeti de 5 san\u0131\u011f\u0131n da tutukluluk halinin devam\u0131na, beyan\u0131 al\u0131namayan tan\u0131klar\u0131n gelecek celse dinlenilmesine karar verip eksik hususlar\u0131n giderilmesi i\u00e7in duru\u015fmay\u0131 9 Ekim&#8217;e erteledi.<\/p>\n<p>Avukatlar\u0131n a\u00e7\u0131klamas\u0131<\/p>\n<p>Erda\u011f ailesinin avukat\u0131 Bilgin Erta\u015f, adliye \u00e7\u0131k\u0131\u015f\u0131nda gazetecilere yapt\u0131\u011f\u0131 a\u00e7\u0131klamada, duru\u015fman\u0131n ertelendi\u011fini ifade ederek, &#8220;\u015eehir e\u015fkiyalar\u0131n\u0131n aralar\u0131ndaki bo\u015fanma meselesiyle geli\u015fen bir husumet kaynakl\u0131 olarak \u00e7\u0131k\u0131p orada ate\u015f edebilme c\u00fcretlerinin ellerinden al\u0131nmas\u0131 noktas\u0131nda t\u00fcm\u00a0T\u00fcrkiye&#8217;nin bu dosyay\u0131 takip etmesini kanaatindeyiz. Ya\u015fama hakk\u0131m vard\u0131r diyen \u00e7ocuk ilk bahar\u0131nda hayattan kopar\u0131ld\u0131 bunun faillerinin cezas\u0131z kalmamas\u0131n\u0131 istiyoruz.&#8221; dedi.<\/p>\n<p>Avukat\u00a0\u015eehrazat\u00a0Erda\u011f\u0131 ise Muhammet Poyraz Erda\u011f&#8217;\u0131n 6 ya\u015f\u0131nda hayattan kopar\u0131ld\u0131\u011f\u0131n\u0131 belirterek, &#8220;\u00c7ocuklar sadece uyudu\u011fu zaman sesleri k\u0131s\u0131lmas\u0131 gerekir. \u00c7ocuklar \u00f6ld\u00fc\u011f\u00fc zaman insanlar susmamas\u0131 gerekir, t\u00fcm barolar\u0131 bu davaya sahip \u00e7\u0131kmaya davet ediyorum.&#8221; diye konu\u015ftu.<\/p>\n<p>Olay<\/p>\n<p>Kars&#8217;taki \u0130n\u00f6n\u00fc Caddesi \u00fczerindeki bir d\u00fc\u011f\u00fcn salonuna 29 Ekim 2024&#8217;te d\u00fczenlenen silahl\u0131 sald\u0131r\u0131da, evinin \u00f6n\u00fcnde ak\u00fcl\u00fc arac\u0131yla oynayan 6 ya\u015f\u0131ndaki Muhammet Poyraz Erda\u011f, kur\u015fun isabet etmesi sonucu kald\u0131r\u0131ld\u0131\u011f\u0131 Harakani\u00a0Devlet Hastanesi&#8217;nde hayat\u0131n\u0131 kaybetmi\u015f, olayla ilgili g\u00f6zalt\u0131na al\u0131nan 9 \u015f\u00fcphelinden 5&#8217;i tutuklanm\u0131\u015ft\u0131.<\/p>\n<p>Kars 2. A\u011f\u0131r Ceza Mahkemesi&#8217;nden kabul edilen iddianamede tutuklu san\u0131klar Kazim, Ya\u011fup ve Yusuf Y&#8217;nin &#8220;\u00e7ocu\u011fu kasten \u00f6ld\u00fcrme&#8221; su\u00e7undan a\u011f\u0131rla\u015ft\u0131r\u0131lm\u0131\u015f m\u00fcebbet, Ahmet ve Mehmet A&#8217;n\u0131n ise has\u0131mlar\u0131 olan san\u0131klara y\u00f6nelik ger\u00e7ekle\u015ftirdikleri silahl\u0131 sald\u0131r\u0131 nedeniyle &#8220;Kasten \u00f6ld\u00fcrmeye te\u015febb\u00fcs&#8221; su\u00e7undan m\u00fcebbet hapis cezas\u0131 istenmi\u015fti.<\/p>\n<\/div>\n<p><strong>KAYNAK:SONDAK\u0130KA<\/strong><\/p>\n<\/div>\n<\/div>\n","protected":false},"excerpt":{"rendered":"<p>Kars&#8217;ta maganda kur\u015funuyla hayat\u0131n\u0131 kaybeden 6 ya\u015f\u0131ndaki Muhammet Poyraz Erda\u011f&#8217;\u0131n davas\u0131nda san\u0131klar yarg\u0131lanmaya ba\u015flad\u0131. Kars&#8217;ta ak\u00fcl\u00fc arac\u0131yla evinin \u00f6n\u00fcnde oynad\u0131\u011f\u0131 s\u0131rada maganda kur\u015funu isabet etmesi sonucu hayat\u0131n\u0131 kaybeden 6 ya\u015f\u0131ndaki Muhammet Poyraz Erda\u011f&#8217;\u0131n \u00f6l\u00fcm\u00fcne ili\u015fkin tutuklu 5 san\u0131\u011f\u0131n yarg\u0131lanmas\u0131na ba\u015fland\u0131. Kars 2. A\u011f\u0131r Ceza Mahkemesi&#8217;ndeki duru\u015fmada, tutuklu san\u0131klar Ahmet ve Mehmet A. ile Kazim, Yusuf [&hellip;]<\/p>\n","protected":false},"author":1,"featured_media":2837,"comment_status":"closed","ping_status":"closed","sticky":false,"template":"","format":"standard","meta":{"footnotes":""},"categories":[7,39],"tags":[60,164,175,148,254,71,334,332],"class_list":["post-2836","post","type-post","status-publish","format-standard","has-post-thumbnail","hentry","category-gundem","category-haber","tag-cinayet","tag-cocuk","tag-guvenlik","tag-hukuk","tag-kars","tag-suc","tag-guncel","tag-politika"],"_links":{"self":[{"href":"https:\/\/avukatimtv.com\/index.php\/wp-json\/wp\/v2\/posts\/2836","targetHints":{"allow":["GET"]}}],"collection":[{"href":"https:\/\/avukatimtv.com\/index.php\/wp-json\/wp\/v2\/posts"}],"about":[{"href":"https:\/\/avukatimtv.com\/index.php\/wp-json\/wp\/v2\/types\/post"}],"author":[{"embeddable":true,"href":"https:\/\/avukatimtv.com\/index.php\/wp-json\/wp\/v2\/users\/1"}],"replies":[{"embeddable":true,"href":"https:\/\/avukatimtv.com\/index.php\/wp-json\/wp\/v2\/comments?post=2836"}],"version-history":[{"count":1,"href":"https:\/\/avukatimtv.com\/index.php\/wp-json\/wp\/v2\/posts\/2836\/revisions"}],"predecessor-version":[{"id":2838,"href":"https:\/\/avukatimtv.com\/index.php\/wp-json\/wp\/v2\/posts\/2836\/revisions\/2838"}],"wp:featuredmedia":[{"embeddable":true,"href":"https:\/\/avukatimtv.com\/index.php\/wp-json\/wp\/v2\/media\/2837"}],"wp:attachment":[{"href":"https:\/\/avukatimtv.com\/index.php\/wp-json\/wp\/v2\/media?parent=2836"}],"wp:term":[{"taxonomy":"category","embeddable":true,"href":"https:\/\/avukatimtv.com\/index.php\/wp-json\/wp\/v2\/categories?post=2836"},{"taxonomy":"post_tag","embeddable":true,"href":"https:\/\/avukatimtv.com\/index.php\/wp-json\/wp\/v2\/tags?post=2836"}],"curies":[{"name":"wp","href":"https:\/\/api.w.org\/{rel}","templated":true}]}}