{"id":2841,"date":"2025-07-04T19:26:00","date_gmt":"2025-07-04T16:26:00","guid":{"rendered":"https:\/\/avukatimtv.com\/?p=2841"},"modified":"2025-07-04T19:26:00","modified_gmt":"2025-07-04T16:26:00","slug":"izmir-sorusturmasi-tunc-soyer-dahil-99-kisi-icin-tutuklama-talebi","status":"publish","type":"post","link":"https:\/\/avukatimtv.com\/index.php\/2025\/07\/04\/izmir-sorusturmasi-tunc-soyer-dahil-99-kisi-icin-tutuklama-talebi\/","title":{"rendered":"\u0130zmir soru\u015fturmas\u0131: Tun\u00e7 Soyer dahil 99 ki\u015fi i\u00e7in tutuklama talebi"},"content":{"rendered":"<p>Savc\u0131, \u0130zmir B\u00fcy\u00fck\u015fehir Belediyesi (\u0130zBB) odakl\u0131\u00a0<strong>\u2018yolsuzluk\u2019<\/strong>\u00a0soru\u015fturmas\u0131nda eski b\u00fcy\u00fck\u015fehir belediye ba\u015fkan\u0131 Tun\u00e7 Soyer dahil 99 ki\u015fi i\u00e7in tutuklama talep etti. 19 ki\u015fi i\u00e7in de adli kontrol istendi.<\/p>\n<p>\u0130zmir Ba\u015fsavc\u0131l\u0131\u011f\u0131 Ter\u00f6r ve \u00d6rg\u00fctl\u00fc Su\u00e7lar ile Organize Su\u00e7lar b\u00fcrosu, \u0130zBB i\u015ftiraki \u0130ZBETON A.\u015e.\u2019de ta\u015feron \u015firketler eliyle yolsuzluk yap\u0131ld\u0131\u011f\u0131 iddias\u0131yla inceleme ba\u015flatm\u0131\u015ft\u0131.<\/p>\n<p>&nbsp;<\/p>\n<p>Bu kapsamda Say\u0131\u015ftay, m\u00fclkiye m\u00fcfetti\u015fi, bilirki\u015fi ve \u0130zmir b\u00fcy\u00fck\u015fehir belediyesinin tefti\u015f raporlar\u0131 dikkate al\u0131narak\u00a0<strong>\u2018ihaleye ve edimin ifas\u0131na fesat kar\u0131\u015ft\u0131rma\u2019<\/strong>\u00a0ve\u00a0<strong>\u2018nitelikli doland\u0131r\u0131c\u0131l\u0131k\u2019<\/strong>\u00a0su\u00e7lamalar\u0131yla soru\u015fturma ba\u015flat\u0131lm\u0131\u015f, 157 \u015f\u00fcpheli hakk\u0131nda g\u00f6zalt\u0131 karar\u0131 verilmi\u015fti.<\/p>\n<p>1 Temmuz\u2019dan beri s\u00fcren operasyonlarda Soyer dahil 139 ki\u015fi g\u00f6zalt\u0131na al\u0131nm\u0131\u015ft\u0131.<\/p>\n<p>G\u00f6zalt\u0131ndakiler emniyetteki i\u015flemlerin ard\u0131ndan adliyeye sevk edildi.<\/p>\n<div id=\"dkn-355866609\" class=\"dkn-orta2\"><\/div>\n<p>Bir ki\u015fi savc\u0131l\u0131ktan serbest b\u0131rak\u0131ld\u0131.<\/p>\n<p>Savc\u0131, Soyer ve CHP \u0130zmir \u0130l Ba\u015fkan\u0131 \u015eenol Aslano\u011flu dahil 99 ki\u015fi i\u00e7in tutuklama talep etti. 19 ki\u015fi i\u00e7in de adli kontrol istendi.<\/p>\n<p>AA\u2019n\u0131n haberine 20 ki\u015fi de mali su\u00e7larla m\u00fccadele \u015fube m\u00fcd\u00fcrl\u00fc\u011f\u00fcnden serbest b\u0131rak\u0131ld\u0131.<\/p>\n<p>&nbsp;<\/p>\n<p><strong>KAYNAK:D\u0130KEN<\/strong><\/p>\n","protected":false},"excerpt":{"rendered":"<p>Savc\u0131, \u0130zmir B\u00fcy\u00fck\u015fehir Belediyesi (\u0130zBB) odakl\u0131\u00a0\u2018yolsuzluk\u2019\u00a0soru\u015fturmas\u0131nda eski b\u00fcy\u00fck\u015fehir belediye ba\u015fkan\u0131 Tun\u00e7 Soyer dahil 99 ki\u015fi i\u00e7in tutuklama talep etti. 19 ki\u015fi i\u00e7in de adli kontrol istendi. \u0130zmir Ba\u015fsavc\u0131l\u0131\u011f\u0131 Ter\u00f6r ve \u00d6rg\u00fctl\u00fc Su\u00e7lar ile Organize Su\u00e7lar b\u00fcrosu, \u0130zBB i\u015ftiraki \u0130ZBETON A.\u015e.\u2019de ta\u015feron \u015firketler eliyle yolsuzluk yap\u0131ld\u0131\u011f\u0131 iddias\u0131yla inceleme ba\u015flatm\u0131\u015ft\u0131. &nbsp; Bu kapsamda Say\u0131\u015ftay, m\u00fclkiye m\u00fcfetti\u015fi, bilirki\u015fi [&hellip;]<\/p>\n","protected":false},"author":1,"featured_media":2842,"comment_status":"closed","ping_status":"closed","sticky":false,"template":"","format":"standard","meta":{"footnotes":""},"categories":[38],"tags":[51,224,116,471],"class_list":["post-2841","post","type-post","status-publish","format-standard","has-post-thumbnail","hentry","category-hukuk","tag-gozalti","tag-izmir","tag-tutuklama","tag-yolsuzluk"],"_links":{"self":[{"href":"https:\/\/avukatimtv.com\/index.php\/wp-json\/wp\/v2\/posts\/2841","targetHints":{"allow":["GET"]}}],"collection":[{"href":"https:\/\/avukatimtv.com\/index.php\/wp-json\/wp\/v2\/posts"}],"about":[{"href":"https:\/\/avukatimtv.com\/index.php\/wp-json\/wp\/v2\/types\/post"}],"author":[{"embeddable":true,"href":"https:\/\/avukatimtv.com\/index.php\/wp-json\/wp\/v2\/users\/1"}],"replies":[{"embeddable":true,"href":"https:\/\/avukatimtv.com\/index.php\/wp-json\/wp\/v2\/comments?post=2841"}],"version-history":[{"count":1,"href":"https:\/\/avukatimtv.com\/index.php\/wp-json\/wp\/v2\/posts\/2841\/revisions"}],"predecessor-version":[{"id":2843,"href":"https:\/\/avukatimtv.com\/index.php\/wp-json\/wp\/v2\/posts\/2841\/revisions\/2843"}],"wp:featuredmedia":[{"embeddable":true,"href":"https:\/\/avukatimtv.com\/index.php\/wp-json\/wp\/v2\/media\/2842"}],"wp:attachment":[{"href":"https:\/\/avukatimtv.com\/index.php\/wp-json\/wp\/v2\/media?parent=2841"}],"wp:term":[{"taxonomy":"category","embeddable":true,"href":"https:\/\/avukatimtv.com\/index.php\/wp-json\/wp\/v2\/categories?post=2841"},{"taxonomy":"post_tag","embeddable":true,"href":"https:\/\/avukatimtv.com\/index.php\/wp-json\/wp\/v2\/tags?post=2841"}],"curies":[{"name":"wp","href":"https:\/\/api.w.org\/{rel}","templated":true}]}}