{"id":2844,"date":"2025-07-04T19:30:23","date_gmt":"2025-07-04T16:30:23","guid":{"rendered":"https:\/\/avukatimtv.com\/?p=2844"},"modified":"2025-07-04T19:30:38","modified_gmt":"2025-07-04T16:30:38","slug":"izmir-cesmedeki-orman-yangini-kontrol-altina-alindi-odemis-ve-bucada-mudahale-suruyor","status":"publish","type":"post","link":"https:\/\/avukatimtv.com\/index.php\/2025\/07\/04\/izmir-cesmedeki-orman-yangini-kontrol-altina-alindi-odemis-ve-bucada-mudahale-suruyor\/","title":{"rendered":"\u0130zmir \u00c7e\u015fme&#8217;deki orman yang\u0131n\u0131 kontrol alt\u0131na al\u0131nd\u0131, \u00d6demi\u015f ve Buca&#8217;da m\u00fcdahale s\u00fcr\u00fcyor"},"content":{"rendered":"<p class=\"selectionShareable\">\u0130zmir&#8217;in \u00d6demi\u015f il\u00e7esine ba\u011fl\u0131 Tosunlar Mahallesi Manast\u0131r mevkisinde ba\u015flayan ve yerle\u015fim yerlerine s\u0131\u00e7rayan yang\u0131n\u0131n kontrol alt\u0131na al\u0131nmas\u0131 amac\u0131yla ba\u015flat\u0131lan \u00e7al\u0131\u015fmalar s\u00fcr\u00fcyor.<\/p>\n<p><strong>Son bir haftada \u00e7\u0131kan 624 yang\u0131ndan 622&#8217;si kontrol alt\u0131na al\u0131nd\u0131<\/strong><\/p>\n<p class=\"selectionShareable\">Kara ekipleri, \u00e7al\u0131\u015fmalar\u0131na gece boyunca aral\u0131ks\u0131z devam etti. Havan\u0131n ayd\u0131nlanmas\u0131yla hava unsurlar\u0131 da alevlerle m\u00fccadeleye destek vermeye ba\u015flad\u0131.<\/p>\n<p class=\"selectionShareable\">\u00c7al\u0131\u015fmalar, \u0130zmir Orman B\u00f6lge M\u00fcd\u00fcrl\u00fc\u011f\u00fcne ait 2 u\u00e7ak, 9 helikopter, 35 araz\u00f6z, 9 su ikmal arac\u0131 ve 4 dozer ile y\u00fcr\u00fct\u00fcl\u00fcyor.<\/p>\n<p class=\"selectionShareable\">Tosunlar Mahallesi&#8217;ndeki ormanl\u0131k alanda 2 Temmuz saat 21.00 s\u0131ralar\u0131nda yang\u0131n \u00e7\u0131km\u0131\u015f, ihbar \u00fczerine b\u00f6lgeye \u0130zmir Orman B\u00f6lge M\u00fcd\u00fcrl\u00fc\u011f\u00fc ve itfaiye ekipleri sevk edilmi\u015fti.<\/p>\n<p class=\"selectionShareable\">R\u00fczgar\u0131n etkisiyle yay\u0131lan yang\u0131n nedeniyle Su\u00e7\u0131kt\u0131, Tosunlar, \u00dcz\u00fcml\u00fc, Ortak\u00f6y ve Karado\u011fan mahalleleri tedbir ama\u00e7l\u0131 tahliye edilmi\u015f, yang\u0131n s\u00f6z konusu mahallelerdeki ev ve a\u011f\u0131llarda hasara yol a\u00e7m\u0131\u015ft\u0131.<\/p>\n<p>Alevler, d\u00fcn ak\u015fam saatlerinde Yenik\u00f6y Mahallesi&#8217;ni de tehdit etmeye ba\u015flam\u0131\u015f, yang\u0131n nedeniyle Su\u00e7\u0131kt\u0131 Mahallesi&#8217;ndeki evde yaln\u0131z ya\u015fayan yatalak \u0130brahim Erkan (81) hayat\u0131n\u0131 kaybetmi\u015fti.<\/p>\n<p class=\"selectionShareable\">Bo\u015falt\u0131lan Karado\u011fan Mahallesi&#8217;nde bir\u00e7ok ev ve ah\u0131rda hasar olu\u015ftu.<\/p>\n<p class=\"selectionShareable\">Mahalle sakinlerinden Bayram Yal\u00e7\u0131n, AA muhabirine, yang\u0131n\u0131n r\u00fczgar\u0131n etkisiyle \u00e7ok b\u00fcy\u00fcd\u00fc\u011f\u00fcn\u00fc ve herkesi \u00e7ok korkuttu\u011funu s\u00f6yledi.<\/p>\n<h3>&#8220;Devletimiz u\u00e7aklar\u0131yla, helikopteriyle, insanlar\u0131n g\u00fcc\u00fcyle m\u00fccadele etti&#8221;<\/h3>\n<p class=\"selectionShareable\">Yang\u0131n nedeniyle k\u00f6ylerini b\u0131rakmak zorunda kald\u0131klar\u0131n\u0131 aktaran Yal\u00e7\u0131n, &#8220;Yang\u0131n\u0131n uzakl\u0131\u011f\u0131 2-3 kilometre ilerideydi. &#8216;Gelmez&#8217; diye hesap ediyorduk ama r\u00fczgar\u0131n etkisiyle ate\u015f 2 saatlik yolu 15-20 dakikada geldi. Biz bir anda panikledik. Allah&#8217;a \u00e7ok \u015f\u00fck\u00fcr can\u0131m\u0131z\u0131 kurtard\u0131k.&#8221; dedi.<\/p>\n<p class=\"selectionShareable\">Yal\u00e7\u0131n, bunun Allah&#8217;tan gelen bir \u015fey oldu\u011funu belirterek &#8220;Ama ben b\u00f6yle bir \u015fey g\u00f6rmedim. R\u00fczgar\u0131n etkisiyle yang\u0131n daha da b\u00fcy\u00fcd\u00fc ve \u00f6n\u00fcne ge\u00e7ilemedi. Sa\u011f olsun devletimiz, u\u00e7aklar\u0131yla, helikopteriyle, insanlar\u0131n g\u00fcc\u00fcyle m\u00fccadele etti. Hele hele \u015fu insanlar\u0131n dayan\u0131\u015fmas\u0131, birlik beraberli\u011fi&#8230; Bu, m\u00fckemmel bir \u015fey. Bu dayan\u0131\u015fma b\u00f6yle olursa bizi kimse y\u0131kamaz. \u00c7evre k\u00f6ylerden herkes suyuyla, yiyece\u011fiyle, g\u00fcc\u00fcyle geliyor. Yang\u0131n\u0131 g\u00f6ren bu yang\u0131n buraya ko\u015fup geldi. Buna &#8216;seferberlik&#8217; deniliyor i\u015fte.&#8221; ifadelerini kulland\u0131.<\/p>\n<p class=\"selectionShareable\">Kom\u015fular\u0131n\u0131n evlerinin yand\u0131\u011f\u0131n\u0131 anlatan 60 ya\u015f\u0131ndaki Mesude Yal\u00e7\u0131n ise alevlerin k\u00f6ye ula\u015faca\u011f\u0131n\u0131 hi\u00e7 tahmin etmediklerini belirtti.<\/p>\n<p class=\"selectionShareable\">Yang\u0131n\u0131 s\u00f6nd\u00fcrmek i\u00e7in \u00e7ok gayret edildi\u011fini anlatan Yal\u00e7\u0131n, &#8220;Ge\u00e7mi\u015fimiz, hat\u0131ralar\u0131m\u0131z vard\u0131. Ben k\u00f6ye 40 sene \u00f6nce gelmi\u015ftim. Ne diyelim, Allah&#8217;tan gelene raz\u0131y\u0131z. Devletimizden de Allah raz\u0131 olsun. S\u00f6nd\u00fcrelim diye \u00e7ok u\u011fra\u015ft\u0131lar. \u00dc\u00e7 g\u00fcnd\u00fcr helikopterler, u\u00e7aklar, itfaiyeler, vatanda\u015flar\u0131m\u0131z ko\u015ftu. Ellerinden geleni yapt\u0131lar.&#8221; diye konu\u015ftu.<\/p>\n<p class=\"selectionShareable\">Yal\u00e7\u0131n, kom\u015fular\u0131n\u0131n yanan evlerini g\u00f6r\u00fcnce kendi evinde rahat oturamad\u0131\u011f\u0131n\u0131 ifade etti.<\/p>\n<p class=\"selectionShareable\">Ailesini ziyaret etmek i\u00e7in k\u00f6ye gelen 30 ya\u015f\u0131ndaki Ebru Ayd\u0131n da yang\u0131n\u0131n ters r\u00fczgarla y\u00f6n de\u011fi\u015ftirdi\u011fini ve bir anda k\u00f6ye ula\u015ft\u0131\u011f\u0131n\u0131 anlatt\u0131.<\/p>\n<p class=\"selectionShareable\">Ailesiyle k\u00f6yden zor \u00e7\u0131kt\u0131\u011f\u0131n\u0131 ifade eden Ayd\u0131n, &#8220;Zaman\u0131nda k\u00f6y\u00fc bo\u015falt\u0131n diye anons gelmeseydi, y\u00f6nlendirmeseydik daha k\u00f6t\u00fc sonu\u00e7lar olabilirdi. Sadece kendimizi kurtarabilirdik, hayvanlar\u0131m\u0131z kal\u0131rd\u0131.&#8221; de\u011ferlendirmesini yapt\u0131.<\/p>\n<p class=\"selectionShareable\">Evi yanan 58 ya\u015f\u0131ndaki Mustafa U\u011fur ise yang\u0131n s\u0131ras\u0131nda ne tarafa gidece\u011fini bilemedi\u011fini, yanmaktan \u00e7ok korktu\u011funu s\u00f6yledi.<\/p>\n<p>&nbsp;<\/p>\n<p><img loading=\"lazy\" decoding=\"async\" class=\"alignnone size-medium wp-image-2846\" src=\"https:\/\/avukatimtv.com\/wp-content\/uploads\/2025\/07\/02.06_14_5_New-folder-2_AA-38465320-300x212.jpg\" alt=\"\" width=\"300\" height=\"212\" srcset=\"https:\/\/avukatimtv.com\/wp-content\/uploads\/2025\/07\/02.06_14_5_New-folder-2_AA-38465320-300x212.jpg 300w, https:\/\/avukatimtv.com\/wp-content\/uploads\/2025\/07\/02.06_14_5_New-folder-2_AA-38465320.jpg 750w\" sizes=\"auto, (max-width: 300px) 100vw, 300px\" \/><\/p>\n<h3>&#8220;Yang\u0131na m\u00fcdahale\u00a0540 personelle yo\u011fun \u015fekilde devam ediyor&#8221;<\/h3>\n<p class=\"selectionShareable\">AFAD Ba\u015fkanl\u0131\u011f\u0131n sosyal medya hesab\u0131ndan yap\u0131lan a\u00e7\u0131klamada, yang\u0131na kar\u015f\u0131 m\u00fccadelenin orman te\u015fkilat\u0131 ba\u015fta olmak \u00fczere ilgili t\u00fcm kurumlar\u0131n kat\u0131l\u0131m\u0131yla s\u00fcrd\u00fc\u011f\u00fc belirtildi.<\/p>\n<p class=\"selectionShareable\">AFAD Ba\u015fkan\u0131 Ali Hamza Pehlivan&#8217;\u0131n da yang\u0131n\u0131 kontrol alt\u0131na almak i\u00e7in kesintisiz bir \u015fekilde devam eden \u00e7al\u0131\u015fmalar ve T\u00fcrkiye Afet M\u00fcdahale Plan\u0131 (TAMP) kapsam\u0131nda yerine getirilmekte olan hizmetleri yerinde takip etti\u011fi kaydedildi.<\/p>\n<p class=\"selectionShareable\">Yang\u0131n\u0131 kontrol alt\u0131na alma, s\u00f6nd\u00fcrme ve so\u011futmaya y\u00f6nelik \u00e7al\u0131\u015fmalar\u0131n 14&#8217;\u00fc hava arac\u0131 toplam 182 ara\u00e7 ve 540 personelle yo\u011fun \u015fekilde devam etti\u011fi aktar\u0131ld\u0131.<\/p>\n<p class=\"selectionShareable\">A\u00e7\u0131klamada, m\u00fcdahale s\u0131ras\u0131nda \u015fehit olan orman personeli \u0130brahim Demir i\u00e7in Allahtan rahmet, yaralanan Rag\u0131p \u015eahin i\u00e7in de acil \u015fifa dilekleri iletildi.<\/p>\n<p>&nbsp;<\/p>\n<h3>Mehmet\u00e7ik, yang\u0131nda mahsur kalan aileyi kurtard\u0131<\/h3>\n<p class=\"selectionShareable\">Milli Savunma Bakanl\u0131\u011f\u0131n\u0131n sosyal medya hesab\u0131ndan yap\u0131lan a\u00e7\u0131klamada, &#8220;\u0130zmir&#8217;in \u00d6demi\u015f il\u00e7esi Tosunlar k\u00f6y\u00fcnde \u00e7\u0131kan yang\u0131nda mahsur kalan 4 ki\u015filik aile, Hava Kuvvetleri Komutanl\u0131\u011f\u0131m\u0131z taraf\u0131ndan kurtar\u0131ld\u0131. Hava Kuvvetleri personelimiz, kurtard\u0131klar\u0131 ailemizi helikopter ile g\u00fcvenli \u015fekilde tahliye ederek sa\u011fl\u0131k ekiplerine teslim etti.&#8221; ifadesine yer verildi.<\/p>\n<p class=\"selectionShareable\">Zafer Mahallesi&#8217;ndeki ormanl\u0131k alanda d\u00fcn ak\u015fam ba\u015flayan ve r\u00fczgar\u0131n etkisiyle yay\u0131lan yang\u0131n\u0131 kontrol alt\u0131na alma \u00e7al\u0131\u015fmalar\u0131 gece de devam etti.<\/p>\n<p class=\"selectionShareable\">Gece boyunca ekipler yang\u0131n\u0131n mobilya imalat\u0131 ve sat\u0131c\u0131lar\u0131n\u0131n yo\u011fun olarak bulundu\u011fu K\u0131s\u0131kk\u00f6y ve yak\u0131n\u0131ndaki akaryak\u0131t istasyonuna s\u0131\u00e7ramamas\u0131 i\u00e7in m\u00fcdahalede bulundu. Vatanda\u015flar da su tankerleriyle \u00e7al\u0131\u015fmalara destek verdi.<\/p>\n<p class=\"selectionShareable\">Havan\u0131n ayd\u0131nlanmas\u0131yla hava unsurlar\u0131 da alevlerle m\u00fccadeleye destek vermeye ba\u015flad\u0131.<\/p>\n<p class=\"selectionShareable\">\u00c7al\u0131\u015fmalar, \u0130zmir Orman B\u00f6lge M\u00fcd\u00fcrl\u00fc\u011f\u00fcne ba\u011fl\u0131 4 u\u00e7ak, 11 helikopter, \u00e7ok say\u0131da araz\u00f6z ve su ikmal ara\u00e7lar\u0131yla y\u00fcr\u00fct\u00fcl\u00fcyor.<\/p>\n<p class=\"selectionShareable\">Yang\u0131n nedeniyle trafi\u011fe kapat\u0131lan \u0130zmir-\u00c7e\u015fme Otoyolu yeniden ula\u015f\u0131ma a\u00e7\u0131ld\u0131.<\/p>\n<p class=\"selectionShareable\">Ekiplerin yang\u0131n\u0131 kontrol alt\u0131na almak i\u00e7in \u00e7al\u0131\u015fmalar\u0131 s\u00fcr\u00fcyor.<\/p>\n<p class=\"selectionShareable\">\n<p>&nbsp;<\/p>\n<p><strong>KAYNAK:AA<\/strong><\/p>\n","protected":false},"excerpt":{"rendered":"<p>\u0130zmir&#8217;in \u00d6demi\u015f il\u00e7esine ba\u011fl\u0131 Tosunlar Mahallesi Manast\u0131r mevkisinde ba\u015flayan ve yerle\u015fim yerlerine s\u0131\u00e7rayan yang\u0131n\u0131n kontrol alt\u0131na al\u0131nmas\u0131 amac\u0131yla ba\u015flat\u0131lan \u00e7al\u0131\u015fmalar s\u00fcr\u00fcyor. Son bir haftada \u00e7\u0131kan 624 yang\u0131ndan 622&#8217;si kontrol alt\u0131na al\u0131nd\u0131 Kara ekipleri, \u00e7al\u0131\u015fmalar\u0131na gece boyunca aral\u0131ks\u0131z devam etti. Havan\u0131n ayd\u0131nlanmas\u0131yla hava unsurlar\u0131 da alevlerle m\u00fccadeleye destek vermeye ba\u015flad\u0131. \u00c7al\u0131\u015fmalar, \u0130zmir Orman B\u00f6lge M\u00fcd\u00fcrl\u00fc\u011f\u00fcne ait [&hellip;]<\/p>\n","protected":false},"author":1,"featured_media":2845,"comment_status":"closed","ping_status":"closed","sticky":false,"template":"","format":"standard","meta":{"footnotes":""},"categories":[7,117],"tags":[475,473,224,472,474,337],"class_list":["post-2844","post","type-post","status-publish","format-standard","has-post-thumbnail","hentry","category-gundem","category-olay","tag-alev","tag-buca","tag-izmir","tag-ormanyangini","tag-yangin","tag-odemis"],"_links":{"self":[{"href":"https:\/\/avukatimtv.com\/index.php\/wp-json\/wp\/v2\/posts\/2844","targetHints":{"allow":["GET"]}}],"collection":[{"href":"https:\/\/avukatimtv.com\/index.php\/wp-json\/wp\/v2\/posts"}],"about":[{"href":"https:\/\/avukatimtv.com\/index.php\/wp-json\/wp\/v2\/types\/post"}],"author":[{"embeddable":true,"href":"https:\/\/avukatimtv.com\/index.php\/wp-json\/wp\/v2\/users\/1"}],"replies":[{"embeddable":true,"href":"https:\/\/avukatimtv.com\/index.php\/wp-json\/wp\/v2\/comments?post=2844"}],"version-history":[{"count":2,"href":"https:\/\/avukatimtv.com\/index.php\/wp-json\/wp\/v2\/posts\/2844\/revisions"}],"predecessor-version":[{"id":2848,"href":"https:\/\/avukatimtv.com\/index.php\/wp-json\/wp\/v2\/posts\/2844\/revisions\/2848"}],"wp:featuredmedia":[{"embeddable":true,"href":"https:\/\/avukatimtv.com\/index.php\/wp-json\/wp\/v2\/media\/2845"}],"wp:attachment":[{"href":"https:\/\/avukatimtv.com\/index.php\/wp-json\/wp\/v2\/media?parent=2844"}],"wp:term":[{"taxonomy":"category","embeddable":true,"href":"https:\/\/avukatimtv.com\/index.php\/wp-json\/wp\/v2\/categories?post=2844"},{"taxonomy":"post_tag","embeddable":true,"href":"https:\/\/avukatimtv.com\/index.php\/wp-json\/wp\/v2\/tags?post=2844"}],"curies":[{"name":"wp","href":"https:\/\/api.w.org\/{rel}","templated":true}]}}