{"id":2852,"date":"2025-07-08T19:02:25","date_gmt":"2025-07-08T16:02:25","guid":{"rendered":"https:\/\/avukatimtv.com\/?p=2852"},"modified":"2025-07-08T19:02:25","modified_gmt":"2025-07-08T16:02:25","slug":"kiz-kardesini-bicakla-olduren-agabey-tutuklandi","status":"publish","type":"post","link":"https:\/\/avukatimtv.com\/index.php\/2025\/07\/08\/kiz-kardesini-bicakla-olduren-agabey-tutuklandi\/","title":{"rendered":"K\u0131z karde\u015fini b\u0131\u00e7akla \u00f6ld\u00fcren a\u011fabey tutukland\u0131"},"content":{"rendered":"<h2 id=\"spot\" class=\"mt10 haber_ozet\">Antalya&#8217;da \u00fcniversite \u00f6\u011frencisi Nazife A., a\u011fabeyi taraf\u0131ndan b\u0131\u00e7aklanarak hayat\u0131n\u0131 kaybetti.<\/h2>\n<div class=\"news-detail-container\">\n<div class=\"left-block\">\n<div class=\"wrapper detay-v3_3 haber_metni\">\n<p>\u00dcniversite \u00f6\u011frencisi gen\u00e7 k\u0131z, yaz tatilini ge\u00e7irmek i\u00e7in geldi\u011fi\u00a0Antalya&#8217;n\u0131n\u00a0Manavgat\u00a0il\u00e7esinde a\u011fabeyi taraf\u0131ndan b\u0131\u00e7aklanarak \u00f6ld\u00fcr\u00fcld\u00fc.<\/p>\n<p>\u0130zmir&#8217;den ailesinin ya\u015fad\u0131\u011f\u0131 Manavgat&#8217;a gelen\u00a0Ege \u00dcniversitesi\u00a0\u00c7ocuk Geli\u015fimi B\u00f6l\u00fcm\u00fc \u00f6\u011frencisi Nazife A. (18) ile a\u011fabeyi M.A. (27) \u015eelale Mahallesi 3557 Sokak&#8217;taki evlerinde hen\u00fcz bilinmeyen nedenle tart\u0131\u015fma ya\u015fad\u0131.<\/p>\n<p>\u00c7\u0131kan arbedede M.A. k\u0131z karde\u015fini b\u0131\u00e7akla \u00f6ld\u00fcrd\u00fc. Karde\u015fleri ay\u0131rmaya \u00e7al\u0131\u015fan anne A.A&#8217;n\u0131n da o\u011flundaki b\u0131\u00e7a\u011f\u0131 almak isterken elinde kesikler olu\u015ftu.<\/p>\n<p>\u0130hbar \u00fczerine olay yerine polis ve sa\u011fl\u0131k ekipleri sevk edildi. Sa\u011fl\u0131k ekiplerinin yapt\u0131\u011f\u0131 kontrolde gen\u00e7 k\u0131z\u0131n ya\u015fam\u0131n\u0131 yitirdi\u011fi belirlendi.<\/p>\n<p>Polis ekiplerince g\u00f6zalt\u0131na al\u0131nan M.A, polis merkezine g\u00f6t\u00fcr\u00fcld\u00fc.<\/p>\n<p>Nazife A&#8217;n\u0131n cenazesi olay yerindeki savc\u0131l\u0131k incelemesinin ard\u0131ndan\u00a0Manavgat Devlet Hastanesi\u00a0morguna kald\u0131r\u0131ld\u0131.<\/p>\n<p>Emniyetteki i\u015flemlerinin ard\u0131ndan adliyeye sevk edilen zanl\u0131 M.A. tutukland\u0131.<\/p>\n<\/div>\n<\/div>\n<p><strong>KAYNAK:SONDAK\u0130KA<\/strong><\/p>\n<\/div>\n","protected":false},"excerpt":{"rendered":"<p>Antalya&#8217;da \u00fcniversite \u00f6\u011frencisi Nazife A., a\u011fabeyi taraf\u0131ndan b\u0131\u00e7aklanarak hayat\u0131n\u0131 kaybetti. \u00dcniversite \u00f6\u011frencisi gen\u00e7 k\u0131z, yaz tatilini ge\u00e7irmek i\u00e7in geldi\u011fi\u00a0Antalya&#8217;n\u0131n\u00a0Manavgat\u00a0il\u00e7esinde a\u011fabeyi taraf\u0131ndan b\u0131\u00e7aklanarak \u00f6ld\u00fcr\u00fcld\u00fc. \u0130zmir&#8217;den ailesinin ya\u015fad\u0131\u011f\u0131 Manavgat&#8217;a gelen\u00a0Ege \u00dcniversitesi\u00a0\u00c7ocuk Geli\u015fimi B\u00f6l\u00fcm\u00fc \u00f6\u011frencisi Nazife A. (18) ile a\u011fabeyi M.A. (27) \u015eelale Mahallesi 3557 Sokak&#8217;taki evlerinde hen\u00fcz bilinmeyen nedenle tart\u0131\u015fma ya\u015fad\u0131. \u00c7\u0131kan arbedede M.A. k\u0131z karde\u015fini b\u0131\u00e7akla [&hellip;]<\/p>\n","protected":false},"author":1,"featured_media":2853,"comment_status":"closed","ping_status":"closed","sticky":false,"template":"","format":"standard","meta":{"footnotes":""},"categories":[7,39],"tags":[104,60,311,262,71,476,334,477,332],"class_list":["post-2852","post","type-post","status-publish","format-standard","has-post-thumbnail","hentry","category-gundem","category-haber","tag-antalya","tag-cinayet","tag-kaza","tag-siddet","tag-suc","tag-ege-universitesi","tag-guncel","tag-manavgat","tag-politika"],"_links":{"self":[{"href":"https:\/\/avukatimtv.com\/index.php\/wp-json\/wp\/v2\/posts\/2852","targetHints":{"allow":["GET"]}}],"collection":[{"href":"https:\/\/avukatimtv.com\/index.php\/wp-json\/wp\/v2\/posts"}],"about":[{"href":"https:\/\/avukatimtv.com\/index.php\/wp-json\/wp\/v2\/types\/post"}],"author":[{"embeddable":true,"href":"https:\/\/avukatimtv.com\/index.php\/wp-json\/wp\/v2\/users\/1"}],"replies":[{"embeddable":true,"href":"https:\/\/avukatimtv.com\/index.php\/wp-json\/wp\/v2\/comments?post=2852"}],"version-history":[{"count":1,"href":"https:\/\/avukatimtv.com\/index.php\/wp-json\/wp\/v2\/posts\/2852\/revisions"}],"predecessor-version":[{"id":2854,"href":"https:\/\/avukatimtv.com\/index.php\/wp-json\/wp\/v2\/posts\/2852\/revisions\/2854"}],"wp:featuredmedia":[{"embeddable":true,"href":"https:\/\/avukatimtv.com\/index.php\/wp-json\/wp\/v2\/media\/2853"}],"wp:attachment":[{"href":"https:\/\/avukatimtv.com\/index.php\/wp-json\/wp\/v2\/media?parent=2852"}],"wp:term":[{"taxonomy":"category","embeddable":true,"href":"https:\/\/avukatimtv.com\/index.php\/wp-json\/wp\/v2\/categories?post=2852"},{"taxonomy":"post_tag","embeddable":true,"href":"https:\/\/avukatimtv.com\/index.php\/wp-json\/wp\/v2\/tags?post=2852"}],"curies":[{"name":"wp","href":"https:\/\/api.w.org\/{rel}","templated":true}]}}