{"id":2855,"date":"2025-07-08T19:15:53","date_gmt":"2025-07-08T16:15:53","guid":{"rendered":"https:\/\/avukatimtv.com\/?p=2855"},"modified":"2025-07-08T19:15:53","modified_gmt":"2025-07-08T16:15:53","slug":"ailesini-katletti-ayrintilar-ortaya-cikti-altinlari-satmis","status":"publish","type":"post","link":"https:\/\/avukatimtv.com\/index.php\/2025\/07\/08\/ailesini-katletti-ayrintilar-ortaya-cikti-altinlari-satmis\/","title":{"rendered":"Ailesini katletti, ayr\u0131nt\u0131lar ortaya \u00e7\u0131kt\u0131: Alt\u0131nlar\u0131 satm\u0131\u015f"},"content":{"rendered":"<h2 class=\"category-detail-sub-title\">Tekirda\u011f&#8217;da anne ve babas\u0131n\u0131 \u00f6ld\u00fcren 17 ya\u015f\u0131ndaki A.\u00c7., alt\u0131n meselesinden dolay\u0131 ailesiyle tart\u0131\u015ft\u0131klar\u0131n\u0131 iddia etti.<\/h2>\n<div class=\"category-detail-social-area\">\n<div class=\"news-info category-detail-news-info\">\n<div class=\"news-info-text\">\n<p>Tekirda\u011f\u00a03. A\u011f\u0131r Ceza Mahkemesi&#8217;nde g\u00f6r\u00fclen duru\u015fmaya, &#8220;\u00fcst soydan akrabay\u0131 tasarlayarak kasten \u00f6ld\u00fcrme&#8221; ve &#8220;tasarlayarak yak\u0131n akrabay\u0131 \u00f6ld\u00fcrmek&#8221; su\u00e7lamalar\u0131yla tutuklu yarg\u0131lanan A.\u00c7, Ses ve G\u00f6r\u00fcnt\u00fc Bili\u015fim Sistemi (SEGB\u0130S) arac\u0131l\u0131\u011f\u0131yla kat\u0131ld\u0131.<\/p>\n<p>Duru\u015fmada ayr\u0131ca, olayda yaralanan amca G.\u00c7., yenge F.\u00c7. ve dede C.\u00c7. ile taraf avukatlar\u0131 da haz\u0131r bulundu.<\/p>\n<p><strong>A\u0130LEN\u0130N ALTINLARINI SATTI\u011eI \u0130\u00c7\u0130N TARTI\u015eMA \u00c7IKMI\u015e<\/strong><\/p>\n<p>San\u0131k A.\u00c7., savunmas\u0131nda yapt\u0131\u011f\u0131 a\u00e7\u0131klamada pi\u015fmanl\u0131k duydu\u011funu dile getirdi.<\/p>\n<p>Alt\u0131n\u00a0meselesinden dolay\u0131 ailesiyle tart\u0131\u015ft\u0131klar\u0131n\u0131 iddia eden A.\u00c7., \u015funlar\u0131 s\u00f6yledi:<\/p>\n<p>&#8220;Olay\u0131n ya\u015fand\u0131\u011f\u0131 g\u00fcn anne babamla alt\u0131n meselesinden dolay\u0131 tart\u0131\u015fma oldu.<\/p>\n<p>Ben de olay\u0131n \u00fczerinden birka\u00e7 saat ge\u00e7tikten sonra \u00f6nce annemi, sonra babam\u0131 b\u0131\u00e7aklad\u0131m.<\/p>\n<p>Ard\u0131ndan apartmanda amcam\u0131, yengemi ve dedemi b\u0131\u00e7aklad\u0131m. Onlar\u0131 b\u0131\u00e7aklamak istememi\u015ftim ama o anl\u0131k sinirle oldu.&#8221;<\/p>\n<p>&nbsp;<\/p>\n<\/div>\n<p><img decoding=\"async\" src=\"https:\/\/cdn1.ntv.com.tr\/gorsel\/qHUO6g5h706ZrElstFH9Fg.jpg?width=960&amp;mode=crop&amp;scale=both\" alt=\"Ailesini katletti, ayr\u0131nt\u0131lar ortaya \u00e7\u0131kt\u0131: Alt\u0131nlar\u0131 satm\u0131\u015f - 1\" \/><\/p>\n<p><strong>\u00d6LD\u00dcR\u00dcLEN ANNE VE BABA<\/strong><\/p>\n<\/div>\n<\/div>\n<p>&nbsp;<\/p>\n<p>&nbsp;<\/p>\n<p>&nbsp;<\/p>\n<p>&nbsp;<\/p>\n<p><strong>FARE ZEHR\u0130, BI\u00c7AK VE S\u0130LAH AYRINTISI<\/strong><\/p>\n<p>Psikolojik sorunlar\u0131 oldu\u011funu ve bu durumu ailesiyle payla\u015ft\u0131\u011f\u0131n\u0131 dile getiren A.\u00c7., ailesinin kendisine bu konuda yard\u0131mc\u0131 olmad\u0131\u011f\u0131n\u0131 savundu.<\/p>\n<p>Ayr\u0131ca bilgisayar\u0131ndaki fare zehri, b\u0131\u00e7ak ve tabanca gibi aramalar\u0131n ailesiyle ilgisi olmad\u0131\u011f\u0131n\u0131 \u00f6ne s\u00fcrerek, &#8220;Ailemle sorunlar ya\u015f\u0131yordum. Alt\u0131nlar\u0131n\u0131 al\u0131p satt\u0131ktan sonra zaman zaman tart\u0131\u015fmam\u0131z oldu. Olaylar\u0131n buraya gelmesini istemedim. Di\u011fer akrabalar\u0131mla sorunum yoktu.&#8221; dedi.<\/p>\n<p><strong>&#8220;BEN\u0130 YARALAYIP E\u015e\u0130M\u0130 KOVALAMAYA BA\u015eLADI&#8221;<\/strong><\/p>\n<p>Olayda yaralanan amca G.\u00c7., duru\u015fmada verdi\u011fi ifadede sesleri duymas\u0131 \u00fczerine abisinin evine \u00e7\u0131kt\u0131klar\u0131n\u0131, yedek anahtarla i\u00e7eri girdiklerinde A.\u00c7. ile abisinin bo\u011fu\u015ftu\u011funu g\u00f6rd\u00fc\u011f\u00fcn\u00fc s\u00f6yledi.<\/p>\n<p>Amca G.\u00c7., &#8220;Abim kanlar i\u00e7indeydi. Kap\u0131y\u0131 a\u00e7t\u0131ktan sonra A.\u00c7. b\u0131\u00e7akla beni yaralayarak e\u015fimi kovalamaya ba\u015flad\u0131. Ondan sonra ben bay\u0131ld\u0131m. Kendisinden \u015fikayet\u00e7iyim.&#8221; diye konu\u015ftu.<\/p>\n<p>Yenge F.\u00c7. ile dede C.\u00c7. de san\u0131k A.\u00c7.&#8217;nin kendilerini b\u0131\u00e7akla yaralad\u0131\u011f\u0131n\u0131 s\u00f6yleyerek \u015fikayet\u00e7i olduklar\u0131n\u0131 ifade etti.<\/p>\n<p><strong>DURU\u015eMA ERTELEND\u0130<\/strong><\/p>\n<p>Mahkeme heyeti, anneanne R.K.&#8217;nin bir sonraki celsede tan\u0131k olarak dinlenmesine karar vererek duru\u015fmay\u0131 18 Eyl\u00fcl&#8217;e erteledi.<\/p>\n<p>\u00d6te yandan 11 Kas\u0131m 2024&#8217;te meydana gelen olayda \u015fah\u0131s tutuklanm\u0131\u015ft\u0131.<\/p>\n<p>&nbsp;<\/p>\n<p>&nbsp;<\/p>\n<p><strong>KAYNAK:SONDAK\u0130KA<\/strong><\/p>\n","protected":false},"excerpt":{"rendered":"<p>Tekirda\u011f&#8217;da anne ve babas\u0131n\u0131 \u00f6ld\u00fcren 17 ya\u015f\u0131ndaki A.\u00c7., alt\u0131n meselesinden dolay\u0131 ailesiyle tart\u0131\u015ft\u0131klar\u0131n\u0131 iddia etti. Tekirda\u011f\u00a03. A\u011f\u0131r Ceza Mahkemesi&#8217;nde g\u00f6r\u00fclen duru\u015fmaya, &#8220;\u00fcst soydan akrabay\u0131 tasarlayarak kasten \u00f6ld\u00fcrme&#8221; ve &#8220;tasarlayarak yak\u0131n akrabay\u0131 \u00f6ld\u00fcrmek&#8221; su\u00e7lamalar\u0131yla tutuklu yarg\u0131lanan A.\u00c7, Ses ve G\u00f6r\u00fcnt\u00fc Bili\u015fim Sistemi (SEGB\u0130S) arac\u0131l\u0131\u011f\u0131yla kat\u0131ld\u0131. Duru\u015fmada ayr\u0131ca, olayda yaralanan amca G.\u00c7., yenge F.\u00c7. ve dede C.\u00c7. [&hellip;]<\/p>\n","protected":false},"author":1,"featured_media":2856,"comment_status":"closed","ping_status":"closed","sticky":false,"template":"","format":"standard","meta":{"footnotes":""},"categories":[7,39],"tags":[178,60,196,465],"class_list":["post-2855","post","type-post","status-publish","format-standard","has-post-thumbnail","hentry","category-gundem","category-haber","tag-altin","tag-cinayet","tag-tekirdag","tag-katletme"],"_links":{"self":[{"href":"https:\/\/avukatimtv.com\/index.php\/wp-json\/wp\/v2\/posts\/2855","targetHints":{"allow":["GET"]}}],"collection":[{"href":"https:\/\/avukatimtv.com\/index.php\/wp-json\/wp\/v2\/posts"}],"about":[{"href":"https:\/\/avukatimtv.com\/index.php\/wp-json\/wp\/v2\/types\/post"}],"author":[{"embeddable":true,"href":"https:\/\/avukatimtv.com\/index.php\/wp-json\/wp\/v2\/users\/1"}],"replies":[{"embeddable":true,"href":"https:\/\/avukatimtv.com\/index.php\/wp-json\/wp\/v2\/comments?post=2855"}],"version-history":[{"count":1,"href":"https:\/\/avukatimtv.com\/index.php\/wp-json\/wp\/v2\/posts\/2855\/revisions"}],"predecessor-version":[{"id":2857,"href":"https:\/\/avukatimtv.com\/index.php\/wp-json\/wp\/v2\/posts\/2855\/revisions\/2857"}],"wp:featuredmedia":[{"embeddable":true,"href":"https:\/\/avukatimtv.com\/index.php\/wp-json\/wp\/v2\/media\/2856"}],"wp:attachment":[{"href":"https:\/\/avukatimtv.com\/index.php\/wp-json\/wp\/v2\/media?parent=2855"}],"wp:term":[{"taxonomy":"category","embeddable":true,"href":"https:\/\/avukatimtv.com\/index.php\/wp-json\/wp\/v2\/categories?post=2855"},{"taxonomy":"post_tag","embeddable":true,"href":"https:\/\/avukatimtv.com\/index.php\/wp-json\/wp\/v2\/tags?post=2855"}],"curies":[{"name":"wp","href":"https:\/\/api.w.org\/{rel}","templated":true}]}}