{"id":2858,"date":"2025-07-08T19:27:42","date_gmt":"2025-07-08T16:27:42","guid":{"rendered":"https:\/\/avukatimtv.com\/?p=2858"},"modified":"2025-07-08T19:27:42","modified_gmt":"2025-07-08T16:27:42","slug":"bursada-feci-olum","status":"publish","type":"post","link":"https:\/\/avukatimtv.com\/index.php\/2025\/07\/08\/bursada-feci-olum\/","title":{"rendered":"Bursa\u2019da feci \u00f6l\u00fcm!"},"content":{"rendered":"<p>Bursa\u2019da, dini nikahla birlikte ya\u015fad\u0131\u011f\u0131 kad\u0131n\u0131n o\u011flu taraf\u0131ndan b\u0131\u00e7akland\u0131\u011f\u0131 iddia edilen ki\u015fi, hayat\u0131n\u0131 kaybetti.<\/p>\n<div class=\"entry-meta est-post-meta-1\">\n<p>Osmangazi Mahallesi \u00c7ekirge Mahallesi G\u00fcnayd\u0131n Sokak\u2019taki bir evde birlikte ya\u015fayan Erol Kutlu (38) ile H.D. aras\u0131nda hen\u00fcz bilinmeyen nedenle tart\u0131\u015fma \u00e7\u0131kt\u0131.<\/p>\n<p>Kutlu, H.D\u2019nin o\u011flu E.D. (15) taraf\u0131ndan g\u00f6\u011fs\u00fcne ald\u0131\u011f\u0131 b\u0131\u00e7ak darbesiyle yaralanarak hastaneye kald\u0131r\u0131ld\u0131.<\/p>\n<p>A\u011f\u0131r yaralanan Kutlu, hastanedeki m\u00fcdahaleye ra\u011fmen kurtar\u0131lamad\u0131.<\/p>\n<div class=\"sadx rb20\"><\/div>\n<p>G\u00f6zalt\u0131na al\u0131nan \u015f\u00fcpheli E.D\u2019nin polisteki i\u015flemleri s\u00fcr\u00fcyor.<\/p>\n<\/div>\n<p><strong>KAYNAK:OLAY<\/strong><\/p>\n","protected":false},"excerpt":{"rendered":"<p>Bursa\u2019da, dini nikahla birlikte ya\u015fad\u0131\u011f\u0131 kad\u0131n\u0131n o\u011flu taraf\u0131ndan b\u0131\u00e7akland\u0131\u011f\u0131 iddia edilen ki\u015fi, hayat\u0131n\u0131 kaybetti. Osmangazi Mahallesi \u00c7ekirge Mahallesi G\u00fcnayd\u0131n Sokak\u2019taki bir evde birlikte ya\u015fayan Erol Kutlu (38) ile H.D. aras\u0131nda hen\u00fcz bilinmeyen nedenle tart\u0131\u015fma \u00e7\u0131kt\u0131. Kutlu, H.D\u2019nin o\u011flu E.D. (15) taraf\u0131ndan g\u00f6\u011fs\u00fcne ald\u0131\u011f\u0131 b\u0131\u00e7ak darbesiyle yaralanarak hastaneye kald\u0131r\u0131ld\u0131. A\u011f\u0131r yaralanan Kutlu, hastanedeki m\u00fcdahaleye ra\u011fmen kurtar\u0131lamad\u0131. [&hellip;]<\/p>\n","protected":false},"author":1,"featured_media":2859,"comment_status":"closed","ping_status":"closed","sticky":false,"template":"","format":"standard","meta":{"footnotes":""},"categories":[7,39],"tags":[80,51,47,181,478],"class_list":["post-2858","post","type-post","status-publish","format-standard","has-post-thumbnail","hentry","category-gundem","category-haber","tag-bursa","tag-gozalti","tag-haber","tag-olum","tag-yarali"],"_links":{"self":[{"href":"https:\/\/avukatimtv.com\/index.php\/wp-json\/wp\/v2\/posts\/2858","targetHints":{"allow":["GET"]}}],"collection":[{"href":"https:\/\/avukatimtv.com\/index.php\/wp-json\/wp\/v2\/posts"}],"about":[{"href":"https:\/\/avukatimtv.com\/index.php\/wp-json\/wp\/v2\/types\/post"}],"author":[{"embeddable":true,"href":"https:\/\/avukatimtv.com\/index.php\/wp-json\/wp\/v2\/users\/1"}],"replies":[{"embeddable":true,"href":"https:\/\/avukatimtv.com\/index.php\/wp-json\/wp\/v2\/comments?post=2858"}],"version-history":[{"count":1,"href":"https:\/\/avukatimtv.com\/index.php\/wp-json\/wp\/v2\/posts\/2858\/revisions"}],"predecessor-version":[{"id":2860,"href":"https:\/\/avukatimtv.com\/index.php\/wp-json\/wp\/v2\/posts\/2858\/revisions\/2860"}],"wp:featuredmedia":[{"embeddable":true,"href":"https:\/\/avukatimtv.com\/index.php\/wp-json\/wp\/v2\/media\/2859"}],"wp:attachment":[{"href":"https:\/\/avukatimtv.com\/index.php\/wp-json\/wp\/v2\/media?parent=2858"}],"wp:term":[{"taxonomy":"category","embeddable":true,"href":"https:\/\/avukatimtv.com\/index.php\/wp-json\/wp\/v2\/categories?post=2858"},{"taxonomy":"post_tag","embeddable":true,"href":"https:\/\/avukatimtv.com\/index.php\/wp-json\/wp\/v2\/tags?post=2858"}],"curies":[{"name":"wp","href":"https:\/\/api.w.org\/{rel}","templated":true}]}}