{"id":2865,"date":"2025-07-09T19:37:17","date_gmt":"2025-07-09T16:37:17","guid":{"rendered":"https:\/\/avukatimtv.com\/?p=2865"},"modified":"2025-07-09T19:37:17","modified_gmt":"2025-07-09T16:37:17","slug":"tufekle-vurulmustu-4-gunluk-yasam-mucadelesini-kaybetti-son-yolculuguna-ugurlandi","status":"publish","type":"post","link":"https:\/\/avukatimtv.com\/index.php\/2025\/07\/09\/tufekle-vurulmustu-4-gunluk-yasam-mucadelesini-kaybetti-son-yolculuguna-ugurlandi\/","title":{"rendered":"T\u00fcfekle vurulmu\u015ftu, 4 g\u00fcnl\u00fck ya\u015fam m\u00fccadelesini kaybetti: Son yolculu\u011funa u\u011furland\u0131"},"content":{"rendered":"<p>Kocaeli\u2019nin Ba\u015fiskele il\u00e7esinde t\u00fcfekle vurulduktan sonra kald\u0131r\u0131ld\u0131\u011f\u0131 hastanede 4 g\u00fcnl\u00fck ya\u015fam m\u00fccadelesini kaybeden Yasin \u00d6r\u00e7en (39), son yolculu\u011funa u\u011furland\u0131.<\/p>\n<p>&nbsp;<\/p>\n<p>Olay, 4 Temmuz\u2019da Do\u011fantepe Mahallesi Kiraz Deresi mevkisinde meydana geldi. Edinilen bilgiye g\u00f6re, B.K. hen\u00fcz bilinmeyen nedenle t\u00fcfekle Yasin \u00d6r\u00e7en\u2019e ate\u015f a\u00e7t\u0131. \u00d6r\u00e7en bacaklar\u0131ndan yaralan\u0131rken, B.K. ise olay yerinden ka\u00e7t\u0131. 112 Acil \u00c7a\u011fr\u0131 Merkezi\u2019ne yap\u0131lan ihbar \u00fczerine olay yerine sa\u011fl\u0131k ve jandarma ekipleri sevk edildi. Yaral\u0131, ilk m\u00fcdahalesinin ard\u0131ndan \u015eehir Hastanesi\u2019ne kald\u0131r\u0131ld\u0131. \u00d6r\u00e7en, 4 g\u00fcnl\u00fck ya\u015fam m\u00fccadelesini kaybetti.<\/p>\n<p>&nbsp;<\/p>\n<p>Hayat\u0131n\u0131 kaybeden \u00d6r\u00e7en\u2019in cenazesi, ikindi namaz\u0131na m\u00fcteakip Do\u011fantepe Camii\u2019nde k\u0131l\u0131nan cenaze namaz\u0131n\u0131n ard\u0131ndan son yolculu\u011funa u\u011furland\u0131.<\/p>\n<p>&nbsp;<\/p>\n<p><img decoding=\"async\" src=\"https:\/\/cdn.iha.com.tr\/Contents\/images\/2025\/07\/09\/20250709aw493784-5.jpg\" alt=\"T\u00fcfekle vurulmu\u015ftu, 4 g\u00fcnl\u00fck ya\u015fam m\u00fccadelesini kaybetti: Son yolculu\u011funa u\u011furland\u0131\n\" \/><\/p>\n<p>&nbsp;<\/p>\n<p>&nbsp;<\/p>\n<p><strong>KAYNAK:\u0130HA<\/strong><\/p>\n","protected":false},"excerpt":{"rendered":"<p>Kocaeli\u2019nin Ba\u015fiskele il\u00e7esinde t\u00fcfekle vurulduktan sonra kald\u0131r\u0131ld\u0131\u011f\u0131 hastanede 4 g\u00fcnl\u00fck ya\u015fam m\u00fccadelesini kaybeden Yasin \u00d6r\u00e7en (39), son yolculu\u011funa u\u011furland\u0131. &nbsp; Olay, 4 Temmuz\u2019da Do\u011fantepe Mahallesi Kiraz Deresi mevkisinde meydana geldi. Edinilen bilgiye g\u00f6re, B.K. hen\u00fcz bilinmeyen nedenle t\u00fcfekle Yasin \u00d6r\u00e7en\u2019e ate\u015f a\u00e7t\u0131. \u00d6r\u00e7en bacaklar\u0131ndan yaralan\u0131rken, B.K. ise olay yerinden ka\u00e7t\u0131. 112 Acil \u00c7a\u011fr\u0131 Merkezi\u2019ne yap\u0131lan [&hellip;]<\/p>\n","protected":false},"author":1,"featured_media":2866,"comment_status":"closed","ping_status":"closed","sticky":false,"template":"","format":"standard","meta":{"footnotes":""},"categories":[7,39],"tags":[60,47,143,74],"class_list":["post-2865","post","type-post","status-publish","format-standard","has-post-thumbnail","hentry","category-gundem","category-haber","tag-cinayet","tag-haber","tag-kocaeli","tag-olu"],"_links":{"self":[{"href":"https:\/\/avukatimtv.com\/index.php\/wp-json\/wp\/v2\/posts\/2865","targetHints":{"allow":["GET"]}}],"collection":[{"href":"https:\/\/avukatimtv.com\/index.php\/wp-json\/wp\/v2\/posts"}],"about":[{"href":"https:\/\/avukatimtv.com\/index.php\/wp-json\/wp\/v2\/types\/post"}],"author":[{"embeddable":true,"href":"https:\/\/avukatimtv.com\/index.php\/wp-json\/wp\/v2\/users\/1"}],"replies":[{"embeddable":true,"href":"https:\/\/avukatimtv.com\/index.php\/wp-json\/wp\/v2\/comments?post=2865"}],"version-history":[{"count":1,"href":"https:\/\/avukatimtv.com\/index.php\/wp-json\/wp\/v2\/posts\/2865\/revisions"}],"predecessor-version":[{"id":2867,"href":"https:\/\/avukatimtv.com\/index.php\/wp-json\/wp\/v2\/posts\/2865\/revisions\/2867"}],"wp:featuredmedia":[{"embeddable":true,"href":"https:\/\/avukatimtv.com\/index.php\/wp-json\/wp\/v2\/media\/2866"}],"wp:attachment":[{"href":"https:\/\/avukatimtv.com\/index.php\/wp-json\/wp\/v2\/media?parent=2865"}],"wp:term":[{"taxonomy":"category","embeddable":true,"href":"https:\/\/avukatimtv.com\/index.php\/wp-json\/wp\/v2\/categories?post=2865"},{"taxonomy":"post_tag","embeddable":true,"href":"https:\/\/avukatimtv.com\/index.php\/wp-json\/wp\/v2\/tags?post=2865"}],"curies":[{"name":"wp","href":"https:\/\/api.w.org\/{rel}","templated":true}]}}