{"id":2871,"date":"2025-07-10T19:27:59","date_gmt":"2025-07-10T16:27:59","guid":{"rendered":"https:\/\/avukatimtv.com\/?p=2871"},"modified":"2025-07-10T19:27:59","modified_gmt":"2025-07-10T16:27:59","slug":"luleburgazda-cinayet-zanli-tutuklandi","status":"publish","type":"post","link":"https:\/\/avukatimtv.com\/index.php\/2025\/07\/10\/luleburgazda-cinayet-zanli-tutuklandi\/","title":{"rendered":"L\u00fcleburgaz&#8217;da Cinayet: Zanl\u0131 Tutukland\u0131"},"content":{"rendered":"<h2 id=\"spot\" class=\"mt10 haber_ozet\">K\u0131rklareli&#8217;nin L\u00fcleburgaz il\u00e7esinde tart\u0131\u015ft\u0131\u011f\u0131 ki\u015fiyi \u00f6ld\u00fcren zanl\u0131 U.Y.Y. tutukland\u0131.<\/h2>\n<div class=\"news-detail-container\">\n<div class=\"left-block\">\n<div class=\"wrapper detay-v3_3 haber_metni\">\n<p>K\u0131rklareli&#8217;nin\u00a0L\u00fcleburgaz\u00a0il\u00e7esinde tart\u0131\u015ft\u0131\u011f\u0131 ki\u015fiyi silahla \u00f6ld\u00fcren zanl\u0131 tutukland\u0131.<\/p>\n<p>Emniyetteki i\u015flemleri tamamlanan cinayet zanl\u0131s\u0131 U.Y.Y. adliyeye sevk edildi.<\/p>\n<p>Zanl\u0131, \u00e7\u0131kar\u0131ld\u0131\u011f\u0131 hakimlik\u00e7e tutukland\u0131.<\/p>\n<p>\u00d6nceki g\u00fcn\u00a0H\u00fcrriyet\u00a0Caddesi&#8217;nde \u015f\u00fcpheli U.Y.Y. ile Cengiz \u00c7. aras\u0131nda bilinmeyen nedenle tart\u0131\u015fma \u00e7\u0131km\u0131\u015f, zanl\u0131 U.Y.Y. silahla Cengiz \u00c7&#8217;yi \u00f6ld\u00fcrm\u00fc\u015ft\u00fc.<\/p>\n<\/div>\n<\/div>\n<\/div>\n<p><strong>KAYNAK:SONDAK\u0130KA<\/strong><\/p>\n","protected":false},"excerpt":{"rendered":"<p>K\u0131rklareli&#8217;nin L\u00fcleburgaz il\u00e7esinde tart\u0131\u015ft\u0131\u011f\u0131 ki\u015fiyi \u00f6ld\u00fcren zanl\u0131 U.Y.Y. tutukland\u0131. K\u0131rklareli&#8217;nin\u00a0L\u00fcleburgaz\u00a0il\u00e7esinde tart\u0131\u015ft\u0131\u011f\u0131 ki\u015fiyi silahla \u00f6ld\u00fcren zanl\u0131 tutukland\u0131. Emniyetteki i\u015flemleri tamamlanan cinayet zanl\u0131s\u0131 U.Y.Y. adliyeye sevk edildi. Zanl\u0131, \u00e7\u0131kar\u0131ld\u0131\u011f\u0131 hakimlik\u00e7e tutukland\u0131. \u00d6nceki g\u00fcn\u00a0H\u00fcrriyet\u00a0Caddesi&#8217;nde \u015f\u00fcpheli U.Y.Y. ile Cengiz \u00c7. aras\u0131nda bilinmeyen nedenle tart\u0131\u015fma \u00e7\u0131km\u0131\u015f, zanl\u0131 U.Y.Y. silahla Cengiz \u00c7&#8217;yi \u00f6ld\u00fcrm\u00fc\u015ft\u00fc. KAYNAK:SONDAK\u0130KA<\/p>\n","protected":false},"author":1,"featured_media":2872,"comment_status":"closed","ping_status":"closed","sticky":false,"template":"","format":"standard","meta":{"footnotes":""},"categories":[7,39],"tags":[60,175,148,71,334,480,332,331],"class_list":["post-2871","post","type-post","status-publish","format-standard","has-post-thumbnail","hentry","category-gundem","category-haber","tag-cinayet","tag-guvenlik","tag-hukuk","tag-suc","tag-guncel","tag-luleburgaz","tag-politika","tag-yerel-haberler"],"_links":{"self":[{"href":"https:\/\/avukatimtv.com\/index.php\/wp-json\/wp\/v2\/posts\/2871","targetHints":{"allow":["GET"]}}],"collection":[{"href":"https:\/\/avukatimtv.com\/index.php\/wp-json\/wp\/v2\/posts"}],"about":[{"href":"https:\/\/avukatimtv.com\/index.php\/wp-json\/wp\/v2\/types\/post"}],"author":[{"embeddable":true,"href":"https:\/\/avukatimtv.com\/index.php\/wp-json\/wp\/v2\/users\/1"}],"replies":[{"embeddable":true,"href":"https:\/\/avukatimtv.com\/index.php\/wp-json\/wp\/v2\/comments?post=2871"}],"version-history":[{"count":1,"href":"https:\/\/avukatimtv.com\/index.php\/wp-json\/wp\/v2\/posts\/2871\/revisions"}],"predecessor-version":[{"id":2873,"href":"https:\/\/avukatimtv.com\/index.php\/wp-json\/wp\/v2\/posts\/2871\/revisions\/2873"}],"wp:featuredmedia":[{"embeddable":true,"href":"https:\/\/avukatimtv.com\/index.php\/wp-json\/wp\/v2\/media\/2872"}],"wp:attachment":[{"href":"https:\/\/avukatimtv.com\/index.php\/wp-json\/wp\/v2\/media?parent=2871"}],"wp:term":[{"taxonomy":"category","embeddable":true,"href":"https:\/\/avukatimtv.com\/index.php\/wp-json\/wp\/v2\/categories?post=2871"},{"taxonomy":"post_tag","embeddable":true,"href":"https:\/\/avukatimtv.com\/index.php\/wp-json\/wp\/v2\/tags?post=2871"}],"curies":[{"name":"wp","href":"https:\/\/api.w.org\/{rel}","templated":true}]}}