{"id":2884,"date":"2025-07-15T19:10:13","date_gmt":"2025-07-15T16:10:13","guid":{"rendered":"https:\/\/avukatimtv.com\/?p=2884"},"modified":"2025-07-15T19:10:13","modified_gmt":"2025-07-15T16:10:13","slug":"ayse-tokyazin-katilinden-akilalmaz-plan-evi-kirmiziya-boyamis","status":"publish","type":"post","link":"https:\/\/avukatimtv.com\/index.php\/2025\/07\/15\/ayse-tokyazin-katilinden-akilalmaz-plan-evi-kirmiziya-boyamis\/","title":{"rendered":"Ay\u015fe Tokyaz&#8217;\u0131n katilinden ak\u0131lalmaz plan! Evi k\u0131rm\u0131z\u0131ya boyam\u0131\u015f"},"content":{"rendered":"<h2 id=\"spot\" class=\"mt10 haber_ozet\">Ey\u00fcpsultan&#8217;da yol kenar\u0131nda valizde bulunan 22 ya\u015f\u0131ndaki \u00fcniversite \u00f6\u011frencisi Ay\u015fe Tokyaz&#8217;\u0131 \u00f6ld\u00fcren eski erkek arkada\u015f\u0131, eski polis Cemil Ko\u00e7&#8217;un evdeki kan izlerini yok etmek i\u00e7in evi \u00f6nce k\u0131rm\u0131z\u0131ya boyad\u0131\u011f\u0131, ard\u0131ndan evi temizletti\u011fi belirlendi.<\/h2>\n<div class=\"news-detail-container\">\n<div class=\"left-block\">\n<div class=\"wrapper detay-v3_3 haber_metni\">\n<p>Ey\u00fcpsultan&#8217;da, \u00fcniversite \u00f6\u011frencisinin cesedinin yol kenar\u0131nda valizde bulunmas\u0131na ili\u015fkin, aralar\u0131nda eski erkek arkada\u015f\u0131n\u0131n da bulundu\u011fu 6 \u015f\u00fcpheli g\u00f6zalt\u0131na al\u0131nd\u0131.<\/p>\n<h3>AY\u015eE TOKYAZ&#8217;IN CESED\u0130 VAL\u0130ZDE BULUNDU<\/h3>\n<p>\u0130stanbul Emniyet M\u00fcd\u00fcrl\u00fc\u011f\u00fc\u00a0ekipleri, d\u00fcn yol kenar\u0131nda bir valiz i\u00e7erisinde ceset bulundu\u011fu ihbar\u0131 \u00fczerine b\u00f6lgeye gitti. Valizin i\u00e7erisindeki ceset incelenmek \u00fczere\u00a0Adli T\u0131p Kurumu&#8217;na g\u00f6nderildi. Cesedin \u00fcniversite \u00f6\u011frencisi Ay\u015fe Tokyaz&#8217;a (22) ait oldu\u011fu belirlendi.<\/p>\n<\/div>\n<p><img decoding=\"async\" src=\"https:\/\/foto.sondakika.com\/haber\/2025\/07\/14\/ayse-tokyaz-in-katilinden-akilalmaz-plan-evi-18847323_8204_m.jpg\" alt=\"Ay\u015fe Tokyaz'\u0131n katilinden ak\u0131lalmaz plan! Evi k\u0131rm\u0131z\u0131ya boyam\u0131\u015f\" \/><\/p>\n<\/div>\n<h3>ESK\u0130 ERKEK ARKADA\u015eI G\u00d6ZALTINA ALINDI<\/h3>\n<p>Ara\u015ft\u0131rmalar\u0131n\u0131 derinle\u015ftiren polis ekipleri, Tokyaz&#8217;\u0131n son olarak eski erkek arkada\u015f\u0131 Cemil Ko\u00e7&#8217;un (38)\u00a0K\u00fc\u00e7\u00fck\u00e7ekmece&#8217;deki evine gitti\u011fini belirledi. Ekipler, Tokyaz&#8217;\u0131n bu evde \u00f6ld\u00fcr\u00fcl\u00fcp valize konuldu\u011funu, daha sonra Ey\u00fcpsultan&#8217;da yol kenar\u0131na at\u0131ld\u0131\u011f\u0131n\u0131 tespit etti.\u00a0G\u00fcvenlik\u00a0kameras\u0131nca kaydedilen g\u00f6r\u00fcnt\u00fclerin incelenmesinin ard\u0131ndan, aralar\u0131nda eski polis memuru Cemil Ko\u00e7&#8217;un da bulundu\u011fu 6 \u015f\u00fcpheli g\u00f6zalt\u0131na al\u0131nd\u0131.<\/p>\n<\/div>\n<p><img decoding=\"async\" src=\"https:\/\/foto.sondakika.com\/haber\/2025\/07\/14\/ayse-tokyaz-in-katilinden-akilalmaz-plan-evi-18847323_7583_m.jpg\" alt=\"Ay\u015fe Tokyaz'\u0131n katilinden ak\u0131lalmaz plan! Evi k\u0131rm\u0131z\u0131ya boyam\u0131\u015f\" \/><\/p>\n<p>&nbsp;<\/p>\n<h3>KAN \u0130ZLER\u0130N\u0130 YOK ETMEK \u0130\u00c7\u0130N EV\u0130 KIRMIZIYA BOYAMI\u015e<\/h3>\n<p>\u015e\u00fcpheli Cemil Ko\u00e7&#8217;un evdeki kan izlerini yok etmek i\u00e7in \u00f6nce evi k\u0131rm\u0131z\u0131 renge boyad\u0131\u011f\u0131, ard\u0131ndan da evi temizletti\u011fi ortaya \u00e7\u0131kt\u0131. \u00dcniversite \u00f6\u011frencisi Ay\u015fe Tokyaz&#8217;\u0131n cenazesinin Adli T\u0131p Kurumu&#8217;ndaki i\u015flemlerin tamamlanmas\u0131n\u0131n ard\u0131ndan\u00a0Hatay&#8217;da defnedildi\u011fi \u00f6\u011frenildi.<\/p>\n<p>&nbsp;<\/p>\n<p>&nbsp;<\/p>\n<p><strong>KAYNAK:SONDAK\u0130KA<\/strong><\/p>\n","protected":false},"excerpt":{"rendered":"<p>Ey\u00fcpsultan&#8217;da yol kenar\u0131nda valizde bulunan 22 ya\u015f\u0131ndaki \u00fcniversite \u00f6\u011frencisi Ay\u015fe Tokyaz&#8217;\u0131 \u00f6ld\u00fcren eski erkek arkada\u015f\u0131, eski polis Cemil Ko\u00e7&#8217;un evdeki kan izlerini yok etmek i\u00e7in evi \u00f6nce k\u0131rm\u0131z\u0131ya boyad\u0131\u011f\u0131, ard\u0131ndan evi temizletti\u011fi belirlendi. Ey\u00fcpsultan&#8217;da, \u00fcniversite \u00f6\u011frencisinin cesedinin yol kenar\u0131nda valizde bulunmas\u0131na ili\u015fkin, aralar\u0131nda eski erkek arkada\u015f\u0131n\u0131n da bulundu\u011fu 6 \u015f\u00fcpheli g\u00f6zalt\u0131na al\u0131nd\u0131. AY\u015eE TOKYAZ&#8217;IN CESED\u0130 [&hellip;]<\/p>\n","protected":false},"author":1,"featured_media":2885,"comment_status":"closed","ping_status":"closed","sticky":false,"template":"","format":"standard","meta":{"footnotes":""},"categories":[7,39],"tags":[60,175,69,49,71,382,482,334,332],"class_list":["post-2884","post","type-post","status-publish","format-standard","has-post-thumbnail","hentry","category-gundem","category-haber","tag-cinayet","tag-guvenlik","tag-istanbul","tag-polis","tag-suc","tag-adli-tip-kurumu","tag-eyupsultan","tag-guncel","tag-politika"],"_links":{"self":[{"href":"https:\/\/avukatimtv.com\/index.php\/wp-json\/wp\/v2\/posts\/2884","targetHints":{"allow":["GET"]}}],"collection":[{"href":"https:\/\/avukatimtv.com\/index.php\/wp-json\/wp\/v2\/posts"}],"about":[{"href":"https:\/\/avukatimtv.com\/index.php\/wp-json\/wp\/v2\/types\/post"}],"author":[{"embeddable":true,"href":"https:\/\/avukatimtv.com\/index.php\/wp-json\/wp\/v2\/users\/1"}],"replies":[{"embeddable":true,"href":"https:\/\/avukatimtv.com\/index.php\/wp-json\/wp\/v2\/comments?post=2884"}],"version-history":[{"count":1,"href":"https:\/\/avukatimtv.com\/index.php\/wp-json\/wp\/v2\/posts\/2884\/revisions"}],"predecessor-version":[{"id":2886,"href":"https:\/\/avukatimtv.com\/index.php\/wp-json\/wp\/v2\/posts\/2884\/revisions\/2886"}],"wp:featuredmedia":[{"embeddable":true,"href":"https:\/\/avukatimtv.com\/index.php\/wp-json\/wp\/v2\/media\/2885"}],"wp:attachment":[{"href":"https:\/\/avukatimtv.com\/index.php\/wp-json\/wp\/v2\/media?parent=2884"}],"wp:term":[{"taxonomy":"category","embeddable":true,"href":"https:\/\/avukatimtv.com\/index.php\/wp-json\/wp\/v2\/categories?post=2884"},{"taxonomy":"post_tag","embeddable":true,"href":"https:\/\/avukatimtv.com\/index.php\/wp-json\/wp\/v2\/tags?post=2884"}],"curies":[{"name":"wp","href":"https:\/\/api.w.org\/{rel}","templated":true}]}}