{"id":2887,"date":"2025-07-15T19:17:35","date_gmt":"2025-07-15T16:17:35","guid":{"rendered":"https:\/\/avukatimtv.com\/?p=2887"},"modified":"2025-07-15T19:17:35","modified_gmt":"2025-07-15T16:17:35","slug":"kartepede-amca-iki-yegenini-oldurdu","status":"publish","type":"post","link":"https:\/\/avukatimtv.com\/index.php\/2025\/07\/15\/kartepede-amca-iki-yegenini-oldurdu\/","title":{"rendered":"Kartepe&#8217;de Amca \u0130ki Ye\u011fenini \u00d6ld\u00fcrd\u00fc"},"content":{"rendered":"<h2 id=\"spot\" class=\"mt10 haber_ozet\">Kocaeli Kartepe&#8217;de amca F.Y. tart\u0131\u015ft\u0131\u011f\u0131 ye\u011fenlerini \u00f6ld\u00fcr\u00fcp bir ki\u015fiyi yaralad\u0131, tutukland\u0131.<\/h2>\n<div class=\"news-detail-container\">\n<div class=\"left-block\">\n<div class=\"wrapper detay-v3_3 haber_metni\">\n<p>Kocaeli&#8217;nin\u00a0Kartepe\u00a0il\u00e7esinde tart\u0131\u015ft\u0131\u011f\u0131 2 ye\u011fenini \u00f6ld\u00fcren, 1 ki\u015fiyi de yaralayan amca tutukland\u0131.<\/p>\n<p>Olay, 10 Temmuz Per\u015fembe g\u00fcn\u00fc ak\u015fam saatlerinde\u00a0Fatih Sultan Mehmet\u00a0Mahallesi Gazi Caddesi&#8217;ndeki tek katl\u0131 evde meydana geldi. \u0130ddiaya g\u00f6re, aile i\u00e7inde \u00e7\u0131kan tart\u0131\u015fma k\u0131sa s\u00fcrede b\u00fcy\u00fcyerek kavgaya d\u00f6n\u00fc\u015ft\u00fc. Olayda amca F.Y., ye\u011fenleri Gazi Zafer Y. ve G\u00fcven Y. ile M.S&#8217;ye ate\u015f etti. M.S., kendi imkanlar\u0131yla hastaneye giderken, 112 Acil \u00c7a\u011fr\u0131 Merkezi&#8217;ne yap\u0131lan ihbar \u00fczerine olay yerine sa\u011fl\u0131k ve polis ekipleri sevk edildi. Sa\u011fl\u0131k ekipleri yapt\u0131klar\u0131 kontrolde, Gazi Zafer Y. ile G\u00fcven Y. isimli karde\u015flerin hayat\u0131n\u0131 kaybetti\u011fini tespit etti.\u00a0Polis, olaya ili\u015fkin &#8220;kasten \u00f6ld\u00fcrme &#8211; kasten \u00f6ld\u00fcrmeye te\u015febb\u00fcs ve kasten \u00f6ld\u00fcrmeye azmettirme&#8221; su\u00e7u iddias\u0131yla amca F.Y., K.Y. ve D.Y&#8217;yi g\u00f6zalt\u0131na ald\u0131.<\/p>\n<p>Asayi\u015f \u015eube M\u00fcd\u00fcrl\u00fc\u011f\u00fc\u00a0Cinayet\u00a0B\u00fcro Amirli\u011finde tamamlanan i\u015flemlerinin ard\u0131ndan adliyeye sevk edilen \u015f\u00fcphelilerden K.Y., savc\u0131l\u0131k\u00e7a serbest, D.Y. de sevk edildi\u011fi hakimlik\u00e7e adli kontrol \u015fart\u0131yla serbest b\u0131rak\u0131ld\u0131. F.Y. ise tutukland\u0131. &#8211; KOCAEL\u0130<\/p>\n<\/div>\n<\/div>\n<\/div>\n","protected":false},"excerpt":{"rendered":"<p>Kocaeli Kartepe&#8217;de amca F.Y. tart\u0131\u015ft\u0131\u011f\u0131 ye\u011fenlerini \u00f6ld\u00fcr\u00fcp bir ki\u015fiyi yaralad\u0131, tutukland\u0131. Kocaeli&#8217;nin\u00a0Kartepe\u00a0il\u00e7esinde tart\u0131\u015ft\u0131\u011f\u0131 2 ye\u011fenini \u00f6ld\u00fcren, 1 ki\u015fiyi de yaralayan amca tutukland\u0131. Olay, 10 Temmuz Per\u015fembe g\u00fcn\u00fc ak\u015fam saatlerinde\u00a0Fatih Sultan Mehmet\u00a0Mahallesi Gazi Caddesi&#8217;ndeki tek katl\u0131 evde meydana geldi. \u0130ddiaya g\u00f6re, aile i\u00e7inde \u00e7\u0131kan tart\u0131\u015fma k\u0131sa s\u00fcrede b\u00fcy\u00fcyerek kavgaya d\u00f6n\u00fc\u015ft\u00fc. Olayda amca F.Y., ye\u011fenleri Gazi Zafer [&hellip;]<\/p>\n","protected":false},"author":1,"featured_media":2888,"comment_status":"closed","ping_status":"closed","sticky":false,"template":"","format":"standard","meta":{"footnotes":""},"categories":[7,39],"tags":[143,483],"class_list":["post-2887","post","type-post","status-publish","format-standard","has-post-thumbnail","hentry","category-gundem","category-haber","tag-kocaeli","tag-kartepe"],"_links":{"self":[{"href":"https:\/\/avukatimtv.com\/index.php\/wp-json\/wp\/v2\/posts\/2887","targetHints":{"allow":["GET"]}}],"collection":[{"href":"https:\/\/avukatimtv.com\/index.php\/wp-json\/wp\/v2\/posts"}],"about":[{"href":"https:\/\/avukatimtv.com\/index.php\/wp-json\/wp\/v2\/types\/post"}],"author":[{"embeddable":true,"href":"https:\/\/avukatimtv.com\/index.php\/wp-json\/wp\/v2\/users\/1"}],"replies":[{"embeddable":true,"href":"https:\/\/avukatimtv.com\/index.php\/wp-json\/wp\/v2\/comments?post=2887"}],"version-history":[{"count":1,"href":"https:\/\/avukatimtv.com\/index.php\/wp-json\/wp\/v2\/posts\/2887\/revisions"}],"predecessor-version":[{"id":2889,"href":"https:\/\/avukatimtv.com\/index.php\/wp-json\/wp\/v2\/posts\/2887\/revisions\/2889"}],"wp:featuredmedia":[{"embeddable":true,"href":"https:\/\/avukatimtv.com\/index.php\/wp-json\/wp\/v2\/media\/2888"}],"wp:attachment":[{"href":"https:\/\/avukatimtv.com\/index.php\/wp-json\/wp\/v2\/media?parent=2887"}],"wp:term":[{"taxonomy":"category","embeddable":true,"href":"https:\/\/avukatimtv.com\/index.php\/wp-json\/wp\/v2\/categories?post=2887"},{"taxonomy":"post_tag","embeddable":true,"href":"https:\/\/avukatimtv.com\/index.php\/wp-json\/wp\/v2\/tags?post=2887"}],"curies":[{"name":"wp","href":"https:\/\/api.w.org\/{rel}","templated":true}]}}