{"id":2890,"date":"2025-07-15T19:24:17","date_gmt":"2025-07-15T16:24:17","guid":{"rendered":"https:\/\/avukatimtv.com\/?p=2890"},"modified":"2025-07-15T19:24:17","modified_gmt":"2025-07-15T16:24:17","slug":"minguzzi-cinayetinde-yeni-goruntuler-ortaya-cikti-gulerek-poz-vermisler","status":"publish","type":"post","link":"https:\/\/avukatimtv.com\/index.php\/2025\/07\/15\/minguzzi-cinayetinde-yeni-goruntuler-ortaya-cikti-gulerek-poz-vermisler\/","title":{"rendered":"Minguzzi cinayetinde yeni g\u00f6r\u00fcnt\u00fcler ortaya \u00e7\u0131kt\u0131! G\u00fclerek poz vermi\u015fler"},"content":{"rendered":"<h2 id=\"spot\" class=\"mt10 haber_ozet\">Kad\u0131k\u00f6y&#8217;de 15 ya\u015f\u0131ndaki Mattia Ahmet Minguzzi&#8217;nin b\u0131\u00e7aklanarak \u00f6ld\u00fcr\u00fclmesine ili\u015fkin iddianamede yeni g\u00f6r\u00fcnt\u00fcler yer ald\u0131. G\u00f6r\u00fcnt\u00fclerde, olaya kar\u0131\u015fan \u015f\u00fcphelinin birlikte metroda g\u00fclerek foto\u011fraf \u00e7ektirdikleri g\u00f6r\u00fcld\u00fc.<\/h2>\n<div class=\"news-detail-container\">\n<div class=\"left-block\">\n<div class=\"wrapper detay-v3_3 haber_metni\">\n<p>Kad\u0131k\u00f6y&#8217;de 15 ya\u015f\u0131ndaki\u00a0Mattia Ahmet Minguzzi&#8217;nin b\u0131\u00e7aklanarak \u00f6ld\u00fcr\u00fclmesine ili\u015fkin yarg\u0131lanan 2 san\u0131\u011f\u0131n olay g\u00fcn\u00fc yan\u0131nda oldu\u011fu belirlenen 2 \u00e7ocuk \u015f\u00fcpheli hakk\u0131nda, iddianame haz\u0131rland\u0131. \u0130ddianamede olay g\u00fcn\u00fc 4 \u015f\u00fcphelinin metro \u00e7ektirdikleri foto\u011fraf da yer ald\u0131.<\/p>\n<p>Kad\u0131k\u00f6y&#8217;de 15 ya\u015f\u0131ndaki Mattia Ahmet Minguzzi&#8217;nin \u00f6ld\u00fcr\u00fclmesine ili\u015fkin Anadolu Cumhuriyet Ba\u015fsavc\u0131l\u0131\u011f\u0131nca haz\u0131rlanan iddianamede dikkat \u00e7eken detaylar yer ald\u0131.<\/p>\n<h3>YA\u015eANANLAR TEK TEK ANLATILDI<\/h3>\n<p>\u0130ddianamede \u00e7ocuk \u015f\u00fcpheliler A.\u00d6. ve M.A.D&#8217;nin 24 Ocak&#8217;ta, Minguzzi cinayetinin ana dosyas\u0131nda yarg\u0131lanan \u00e7ocuk san\u0131klar B.B. ve U.B.B ile sal\u0131 pazar\u0131na geldikleri belirtildi.<\/p>\n<p>Pazarda, B.B. ve U.B.B. ile dola\u015fan \u015f\u00fcphelilerin maktul ve arkada\u015flar\u0131yla kar\u015f\u0131la\u015ft\u0131klar\u0131 anlat\u0131lan iddianamede, iki \u015f\u00fcphelinin yarg\u0131lamalar\u0131 s\u00fcren as\u0131l faillerle birlikte su\u00e7 i\u015fleme iradesiyle hareket ettikleri, Minguzzi&#8217;ye fiziki m\u00fcdahalede bulunan B.B&#8217;yi cesaretlendirici davran\u0131\u015f g\u00f6sterdikleri ve maktul\u00fcn direncini k\u0131rd\u0131klar\u0131 aktar\u0131ld\u0131.<\/p>\n<p>\u0130ddianamede, maktul b\u0131\u00e7aklan\u0131p, darbedilirken iki \u015f\u00fcphelinin de maktule m\u00fcdahaleye haz\u0131r vaziyette bekledikleri, B.B. tezgahtan b\u0131\u00e7ak al\u0131rken \u015f\u00fcpheli M.A.D&#8217;nin yan\u0131nda durdu\u011fu ve perdeleme yapt\u0131\u011f\u0131, olay bittikten sonra ise ka\u00e7t\u0131klar\u0131 anlat\u0131ld\u0131.<\/p>\n<h3>20 YILA KADAR HAP\u0130S CEZASI \u0130STEND\u0130<\/h3>\n<p>\u0130ddianamede, her iki \u015f\u00fcphelinin de maktul\u00fcn kasten \u00f6ld\u00fcr\u00fclmesi olay\u0131nda di\u011fer asli failler B.B. ile U.B&#8217;nin su\u00e7 i\u015fleme karar\u0131n\u0131 kuvvetlendirmek, su\u00e7un i\u015flemesinden \u00f6nce veya sonras\u0131nda icras\u0131n\u0131 kolayla\u015ft\u0131rmak, su\u00e7 sonras\u0131 g\u00fcvenli \u015fekilde ka\u00e7malar\u0131nda eylemin icras\u0131n\u0131 kuvvetlendirmek suretiyle yard\u0131m etme \u015feklinde su\u00e7a i\u015ftirak ettikleri kaydedildi.<\/p>\n<p>Tutuklu \u015f\u00fcpheliler M.A.D. ve A.\u00d6. hakk\u0131nda &#8220;\u00e7ocu\u011fu kasten \u00f6ld\u00fcrmek su\u00e7una yard\u0131m&#8221; su\u00e7undan 15&#8217;er y\u0131ldan 20&#8217;\u015fer y\u0131la kadar hapis cezas\u0131 talep edildi.<\/p>\n<h3>YEN\u0130 G\u00d6R\u00dcNT\u00dcLER ORTAYA \u00c7IKTI<\/h3>\n<p>\u00d6te yandan \u015f\u00fcpheliler hakk\u0131nda haz\u0131rlanan bilirki\u015fi raporunda ise M.A.D&#8217;nin telefonunda yap\u0131lan incelemede, olay g\u00fcne ait foto\u011fraflar\u0131n silinen dosyalar k\u0131sm\u0131nda bulundu\u011fu aktar\u0131ld\u0131. Bunlar\u0131n baz\u0131lar\u0131n\u0131n, olay sonras\u0131nda 4 \u015f\u00fcphelinin birlikte metroda \u00e7ektirdikleri foto\u011fraflar oldu\u011fu anla\u015f\u0131l\u0131yor. Foto\u011fraflarda, \u015f\u00fcphelilerin g\u00fclerek poz verdikleri g\u00f6r\u00fcl\u00fcyor.<\/p>\n<\/div>\n<p><img decoding=\"async\" src=\"https:\/\/foto.sondakika.com\/haber\/2025\/07\/14\/minguzzi-cinayetinde-yeni-goruntuler-ortaya-cikti-18847546_6744_m.jpg\" alt=\"Minguzzi cinayetinde yeni g\u00f6r\u00fcnt\u00fcler ortaya \u00e7\u0131kt\u0131! G\u00fclerek poz vermi\u015fler\" \/><\/p>\n<\/div>\n<\/div>\n<p><img decoding=\"async\" src=\"https:\/\/foto.sondakika.com\/haber\/2025\/07\/14\/minguzzi-cinayetinde-yeni-goruntuler-ortaya-cikti-18847546_1975_m.jpg\" alt=\"Minguzzi cinayetinde yeni g\u00f6r\u00fcnt\u00fcler ortaya \u00e7\u0131kt\u0131! G\u00fclerek poz vermi\u015fler\" \/><\/p>\n<p>&nbsp;<\/p>\n<h3 class=\"neolduh3\">NE OLMU\u015eTU?<\/h3>\n<p>Arkada\u015flar\u0131yla 24 Ocak&#8217;ta kaykay malzemesi almak i\u00e7in Kad\u0131k\u00f6y Hasanpa\u015fa Mahallesi&#8217;ndeki pazara giden Mattia Ahmet Minguzzi ile B.B. ve U.B. aras\u0131nda tart\u0131\u015fma ya\u015fanm\u0131\u015f, pazardan ayr\u0131lmak isteyen Minguzzi, B.B. taraf\u0131ndan b\u0131\u00e7aklanm\u0131\u015f, U.B. ise yere d\u00fc\u015fen Minguzzi&#8217;yi tekmelemi\u015fti.<\/p>\n<p>A\u011f\u0131r yaralanan Minguzzi hastaneye kald\u0131r\u0131l\u0131rken, ka\u00e7an 2 \u015f\u00fcpheli yakaland\u0131ktan sonra tutuklanm\u0131\u015ft\u0131. Minguzzi, hastanede yo\u011fun bak\u0131m servisine al\u0131nm\u0131\u015f ancak 9 \u015eubat&#8217;ta hayat\u0131n\u0131 kaybetmi\u015fti.<\/p>\n<p>Anadolu Cumhuriyet Ba\u015fsavc\u0131l\u0131\u011f\u0131nca y\u00fcr\u00fct\u00fclen soru\u015fturma sonucunda, Minguzzi&#8217;yi tekmeleyen U.B. ile b\u0131\u00e7aklayan B.B. hakk\u0131nda, &#8220;\u00e7ocu\u011fa kar\u015f\u0131 kasten \u00f6ld\u00fcrme&#8221; su\u00e7undan 18&#8217;er y\u0131ldan 24&#8217;er y\u0131la kadar hapis cezas\u0131 istemiyle dava a\u00e7\u0131lm\u0131\u015ft\u0131.<br \/>\nYarg\u0131laman\u0131n devam etti\u011fi Anadolu 2.\u00a0\u00c7ocuk\u00a0A\u011f\u0131r Ceza Mahkemesine g\u00f6nderilen olaya ili\u015fkin g\u00f6r\u00fcnt\u00fclerle ilgili haz\u0131rlanan bilirki\u015fi raporunda, Minguzzi b\u0131\u00e7aklanmadan \u00f6nce ve sonra B.B. ve U.B. ile iki \u015f\u00fcphelinin daha varl\u0131\u011f\u0131na ili\u015fkin tespitler yer alm\u0131\u015ft\u0131.<\/p>\n<p>Asayi\u015f \u015eube M\u00fcd\u00fcrl\u00fc\u011f\u00fc\u00a0ekiplerinin y\u00fcr\u00fctt\u00fc\u011f\u00fc \u00e7al\u0131\u015fmalar sonucunda yakalanan 18 ya\u015f\u0131ndan k\u00fc\u00e7\u00fck \u015f\u00fcpheliler M.A.D. ve A.\u00d6. sevk edildikleri adli makamlarca tutuklanm\u0131\u015ft\u0131.<\/p>\n<p>&nbsp;<\/p>\n<p>&nbsp;<\/p>\n<p>&nbsp;<\/p>\n<p><strong>KAYNAK:SONDAK\u0130KA<\/strong><\/p>\n<p>&nbsp;<\/p>\n","protected":false},"excerpt":{"rendered":"<p>Kad\u0131k\u00f6y&#8217;de 15 ya\u015f\u0131ndaki Mattia Ahmet Minguzzi&#8217;nin b\u0131\u00e7aklanarak \u00f6ld\u00fcr\u00fclmesine ili\u015fkin iddianamede yeni g\u00f6r\u00fcnt\u00fcler yer ald\u0131. G\u00f6r\u00fcnt\u00fclerde, olaya kar\u0131\u015fan \u015f\u00fcphelinin birlikte metroda g\u00fclerek foto\u011fraf \u00e7ektirdikleri g\u00f6r\u00fcld\u00fc. Kad\u0131k\u00f6y&#8217;de 15 ya\u015f\u0131ndaki\u00a0Mattia Ahmet Minguzzi&#8217;nin b\u0131\u00e7aklanarak \u00f6ld\u00fcr\u00fclmesine ili\u015fkin yarg\u0131lanan 2 san\u0131\u011f\u0131n olay g\u00fcn\u00fc yan\u0131nda oldu\u011fu belirlenen 2 \u00e7ocuk \u015f\u00fcpheli hakk\u0131nda, iddianame haz\u0131rland\u0131. \u0130ddianamede olay g\u00fcn\u00fc 4 \u015f\u00fcphelinin metro \u00e7ektirdikleri foto\u011fraf da [&hellip;]<\/p>\n","protected":false},"author":1,"featured_media":2891,"comment_status":"closed","ping_status":"closed","sticky":false,"template":"","format":"standard","meta":{"footnotes":""},"categories":[7,39],"tags":[164,175,148,71,334,485,484],"class_list":["post-2890","post","type-post","status-publish","format-standard","has-post-thumbnail","hentry","category-gundem","category-haber","tag-cocuk","tag-guvenlik","tag-hukuk","tag-suc","tag-guncel","tag-kadikoy","tag-mattia-ahmet-minguzzi"],"_links":{"self":[{"href":"https:\/\/avukatimtv.com\/index.php\/wp-json\/wp\/v2\/posts\/2890","targetHints":{"allow":["GET"]}}],"collection":[{"href":"https:\/\/avukatimtv.com\/index.php\/wp-json\/wp\/v2\/posts"}],"about":[{"href":"https:\/\/avukatimtv.com\/index.php\/wp-json\/wp\/v2\/types\/post"}],"author":[{"embeddable":true,"href":"https:\/\/avukatimtv.com\/index.php\/wp-json\/wp\/v2\/users\/1"}],"replies":[{"embeddable":true,"href":"https:\/\/avukatimtv.com\/index.php\/wp-json\/wp\/v2\/comments?post=2890"}],"version-history":[{"count":1,"href":"https:\/\/avukatimtv.com\/index.php\/wp-json\/wp\/v2\/posts\/2890\/revisions"}],"predecessor-version":[{"id":2892,"href":"https:\/\/avukatimtv.com\/index.php\/wp-json\/wp\/v2\/posts\/2890\/revisions\/2892"}],"wp:featuredmedia":[{"embeddable":true,"href":"https:\/\/avukatimtv.com\/index.php\/wp-json\/wp\/v2\/media\/2891"}],"wp:attachment":[{"href":"https:\/\/avukatimtv.com\/index.php\/wp-json\/wp\/v2\/media?parent=2890"}],"wp:term":[{"taxonomy":"category","embeddable":true,"href":"https:\/\/avukatimtv.com\/index.php\/wp-json\/wp\/v2\/categories?post=2890"},{"taxonomy":"post_tag","embeddable":true,"href":"https:\/\/avukatimtv.com\/index.php\/wp-json\/wp\/v2\/tags?post=2890"}],"curies":[{"name":"wp","href":"https:\/\/api.w.org\/{rel}","templated":true}]}}