{"id":2893,"date":"2025-07-18T19:47:04","date_gmt":"2025-07-18T16:47:04","guid":{"rendered":"https:\/\/avukatimtv.com\/?p=2893"},"modified":"2025-07-18T19:47:04","modified_gmt":"2025-07-18T16:47:04","slug":"eskisehirde-kadin-cinayeti","status":"publish","type":"post","link":"https:\/\/avukatimtv.com\/index.php\/2025\/07\/18\/eskisehirde-kadin-cinayeti\/","title":{"rendered":"Eski\u015fehir&#8217;de Kad\u0131n Cinayeti"},"content":{"rendered":"<h2 id=\"spot\" class=\"mt10 haber_ozet\">Yabanc\u0131 uyruklu S.S.K., eski erkek arkada\u015f\u0131 taraf\u0131ndan b\u0131\u00e7aklanarak \u00f6ld\u00fcr\u00fcld\u00fc.<\/h2>\n<div class=\"news-detail-container\">\n<div class=\"left-block\">\n<div class=\"wrapper detay-v3_3 haber_metni\">\n<p>Eski\u015fehir&#8217;in\u00a0Tepeba\u015f\u0131\u00a0il\u00e7esinde yabanc\u0131 uyruklu bir kad\u0131n, eski erkek arkada\u015f\u0131 taraf\u0131ndan b\u0131\u00e7akla \u00f6ld\u00fcr\u00fcld\u00fc.<\/p>\n<p>\u0130l\u00e7eye ba\u011fl\u0131\u00a0G\u00fcll\u00fck Mahallesi\u00a0Havlucu Soka\u011f\u0131&#8217;nda ikamet eden 4 \u00e7ocuk annesi yabanc\u0131 uyruklu S.S.K. (29) ile yabanc\u0131 uyruklu eski erkek arkada\u015f\u0131 A.S. (37) aras\u0131nda hen\u00fcz bilinmeyen nedenle tart\u0131\u015fma \u00e7\u0131kt\u0131.<\/p>\n<p>Tart\u0131\u015fman\u0131n b\u00fcy\u00fcyerek kavgaya d\u00f6n\u00fc\u015fmesi \u00fczerine A.S., b\u0131\u00e7akla S.S.K&#8217;n\u0131n bo\u011faz\u0131n\u0131 kesti.<\/p>\n<p>Gen\u00e7 kad\u0131n\u0131n evde hareketsiz yatt\u0131\u011f\u0131n\u0131 fark eden kom\u015fular\u0131n\u0131n ihbar\u0131 \u00fczerine olay yerine polis ve sa\u011fl\u0131k ekipleri sevk edildi.<\/p>\n<p>Hayat\u0131n\u0131 kaybetti\u011fi belirlenen S.S.K&#8217;n\u0131n cesedi, savc\u0131l\u0131k incelemesinin ard\u0131ndan otopsi i\u00e7in Eski\u015fehir \u015eehir Hastanesi morguna g\u00f6t\u00fcr\u00fcld\u00fc.<\/p>\n<p>S.S.K&#8217;n\u0131n biri \u00f6zel gereksinimli 4 \u00e7ocu\u011fu ise Aile ve Sosyal Hizmetler \u0130l M\u00fcd\u00fcrl\u00fc\u011f\u00fc ekiplerince koruma alt\u0131na al\u0131nd\u0131.<\/p>\n<p>\u00c7evredeki g\u00fcvenlik kameras\u0131 g\u00f6r\u00fcnt\u00fclerini inceleyen polis, cinayet \u015f\u00fcphelisi A.S&#8217;yi\u00a0Sakarya&#8217;da yakalad\u0131.<\/p>\n<p>Eski\u015fehir&#8217;e getirilen zanl\u0131, sa\u011fl\u0131k kontrol\u00fc i\u00e7in\u00a0Yunus Emre Devlet Hastanesi&#8217;ne g\u00f6t\u00fcr\u00fcld\u00fc.<\/p>\n<p>G\u00f6zalt\u0131na al\u0131nan \u015f\u00fcphelinin i\u015flemlerinin s\u00fcrd\u00fc\u011f\u00fc \u00f6\u011frenildi.<\/p>\n<p>G\u00f6rg\u00fc tan\u0131klar\u0131 olay\u0131 anlatt\u0131<\/p>\n<p>G\u00f6rg\u00fc tan\u0131\u011f\u0131 67 ya\u015f\u0131ndaki Sevim Akg\u00fcn, gazetecilere, saat 05.30&#8217;da polislerin g\u00fcvenlik kameras\u0131 g\u00f6r\u00fcnt\u00fcs\u00fc almak i\u00e7in zilini \u00e7ald\u0131\u011f\u0131n\u0131 s\u00f6yledi.<\/p>\n<p>\u0130lk \u00f6nce h\u0131rs\u0131zl\u0131ktan \u015f\u00fcphelendiklerini anlatan Akg\u00fcn, &#8220;Daha sonra eve girip, yatt\u0131m. Bir uyand\u0131m ki, kom\u015fumun \u00f6ld\u00fcr\u00fcld\u00fc\u011f\u00fcn\u00fc \u00f6\u011frendim. 4 \u00e7ocu\u011fu bulunan kad\u0131n 3&#8217;\u00fcn\u00fc eski kocas\u0131n\u0131n yan\u0131na g\u00f6ndermi\u015f. Kap\u0131n\u0131n \u00f6n\u00fcnde oynarken onlar\u0131 g\u00f6r\u00fcyorum ama isimlerini bilmem. Bir \u00e7ocu\u011fu engelliydi.\u00a0Cinayet\u00a0s\u0131ras\u0131nda onun evde oldu\u011funu duydum. Engelli \u00e7ocu\u011fu evden polis kuca\u011f\u0131nda \u00e7\u0131kartt\u0131.&#8221; diye konu\u015ftu.<\/p>\n<p>Di\u011fer g\u00f6rg\u00fc tan\u0131\u011f\u0131 Banu Ko\u00e7yi\u011fit de polisin sabaha kar\u015f\u0131 olay yerine geldi\u011fini dile getirdi.<\/p>\n<p>S.S.K&#8217;n\u0131n \u00e7ocuklar\u0131ndan birinin engelli oldu\u011funu belirten Ko\u00e7yi\u011fit, \u015funlar\u0131 kaydetti:<\/p>\n<p>&#8220;Hi\u00e7 evden \u00e7\u0131kmayan, \u00e7ok gen\u00e7, \u00e7ok g\u00fczel, namuslu bir kad\u0131nd\u0131. Herhangi bir ses duymad\u0131m. Sadece bir ara \u00e7arp\u0131\u015fma sesi duydum. \u00c7ocu\u011funun ba\u011f\u0131rt\u0131 sesini duydum ama uyumaya devam ettim. \u00c7\u00fcnk\u00fc \u00e7ocuk rahats\u0131z oldu\u011fu i\u00e7in devaml\u0131 ba\u011f\u0131r\u0131yordu. Kendisi T\u00fcrk\u00e7e konu\u015fam\u0131yordu ama anl\u0131yordu.&#8221;<\/p>\n<\/div>\n<\/div>\n<\/div>\n","protected":false},"excerpt":{"rendered":"<p>Yabanc\u0131 uyruklu S.S.K., eski erkek arkada\u015f\u0131 taraf\u0131ndan b\u0131\u00e7aklanarak \u00f6ld\u00fcr\u00fcld\u00fc. Eski\u015fehir&#8217;in\u00a0Tepeba\u015f\u0131\u00a0il\u00e7esinde yabanc\u0131 uyruklu bir kad\u0131n, eski erkek arkada\u015f\u0131 taraf\u0131ndan b\u0131\u00e7akla \u00f6ld\u00fcr\u00fcld\u00fc. \u0130l\u00e7eye ba\u011fl\u0131\u00a0G\u00fcll\u00fck Mahallesi\u00a0Havlucu Soka\u011f\u0131&#8217;nda ikamet eden 4 \u00e7ocuk annesi yabanc\u0131 uyruklu S.S.K. (29) ile yabanc\u0131 uyruklu eski erkek arkada\u015f\u0131 A.S. (37) aras\u0131nda hen\u00fcz bilinmeyen nedenle tart\u0131\u015fma \u00e7\u0131kt\u0131. Tart\u0131\u015fman\u0131n b\u00fcy\u00fcyerek kavgaya d\u00f6n\u00fc\u015fmesi \u00fczerine A.S., b\u0131\u00e7akla S.S.K&#8217;n\u0131n [&hellip;]<\/p>\n","protected":false},"author":1,"featured_media":2894,"comment_status":"closed","ping_status":"closed","sticky":false,"template":"","format":"standard","meta":{"footnotes":""},"categories":[7,39],"tags":[60,164,175,148,324,71,334,332,486,331],"class_list":["post-2893","post","type-post","status-publish","format-standard","has-post-thumbnail","hentry","category-gundem","category-haber","tag-cinayet","tag-cocuk","tag-guvenlik","tag-hukuk","tag-otopsi","tag-suc","tag-guncel","tag-politika","tag-tepebasi","tag-yerel-haberler"],"_links":{"self":[{"href":"https:\/\/avukatimtv.com\/index.php\/wp-json\/wp\/v2\/posts\/2893","targetHints":{"allow":["GET"]}}],"collection":[{"href":"https:\/\/avukatimtv.com\/index.php\/wp-json\/wp\/v2\/posts"}],"about":[{"href":"https:\/\/avukatimtv.com\/index.php\/wp-json\/wp\/v2\/types\/post"}],"author":[{"embeddable":true,"href":"https:\/\/avukatimtv.com\/index.php\/wp-json\/wp\/v2\/users\/1"}],"replies":[{"embeddable":true,"href":"https:\/\/avukatimtv.com\/index.php\/wp-json\/wp\/v2\/comments?post=2893"}],"version-history":[{"count":1,"href":"https:\/\/avukatimtv.com\/index.php\/wp-json\/wp\/v2\/posts\/2893\/revisions"}],"predecessor-version":[{"id":2895,"href":"https:\/\/avukatimtv.com\/index.php\/wp-json\/wp\/v2\/posts\/2893\/revisions\/2895"}],"wp:featuredmedia":[{"embeddable":true,"href":"https:\/\/avukatimtv.com\/index.php\/wp-json\/wp\/v2\/media\/2894"}],"wp:attachment":[{"href":"https:\/\/avukatimtv.com\/index.php\/wp-json\/wp\/v2\/media?parent=2893"}],"wp:term":[{"taxonomy":"category","embeddable":true,"href":"https:\/\/avukatimtv.com\/index.php\/wp-json\/wp\/v2\/categories?post=2893"},{"taxonomy":"post_tag","embeddable":true,"href":"https:\/\/avukatimtv.com\/index.php\/wp-json\/wp\/v2\/tags?post=2893"}],"curies":[{"name":"wp","href":"https:\/\/api.w.org\/{rel}","templated":true}]}}