{"id":2896,"date":"2025-07-18T19:56:03","date_gmt":"2025-07-18T16:56:03","guid":{"rendered":"https:\/\/avukatimtv.com\/?p=2896"},"modified":"2025-07-18T19:56:03","modified_gmt":"2025-07-18T16:56:03","slug":"pendikte-20-yil-onceki-cinayet-aydinlatiliyor","status":"publish","type":"post","link":"https:\/\/avukatimtv.com\/index.php\/2025\/07\/18\/pendikte-20-yil-onceki-cinayet-aydinlatiliyor\/","title":{"rendered":"Pendik&#8217;te 20 Y\u0131l \u00d6nceki Cinayet Ayd\u0131nlat\u0131l\u0131yor"},"content":{"rendered":"<h2 id=\"spot\" class=\"mt10 haber_ozet\">G\u00f6n\u00fcl \u00c7elen&#8217;in cinayet \u015f\u00fcphesiyle 7 ki\u015fi g\u00f6zalt\u0131na al\u0131nd\u0131. Dosya 20 y\u0131l sonra ihbarla yeniden a\u00e7\u0131ld\u0131.<\/h2>\n<div class=\"news-detail-container\">\n<div class=\"left-block\">\n<div class=\"wrapper detay-v3_3 haber_metni\">\n<p>&nbsp;<\/p>\n<p>Ali AKSOYER\/\u0130STANBUL, PEND\u0130K&#8217;te 20 y\u0131l \u00f6nce tren raylar\u0131nda par\u00e7alanm\u0131\u015f olarak cesedi bulunan G\u00f6n\u00fcl \u00c7elen(26)&#8217;in cinayete kurban gitti\u011fi belirlendi.\u00a0Polis\u00a0d\u00fczenlendi\u011fi operasyonda 4&#8217;\u00fc kad\u0131n 7 ki\u015fiyi g\u00f6zalt\u0131na ald\u0131. Bir ihbar \u00fczerine ba\u015flat\u0131ld\u0131\u011f\u0131 \u00f6\u011frenilen soru\u015fturmada g\u00f6zalt\u0131na al\u0131nan ki\u015filerin olayla bir ilgilerinin bulunmad\u0131\u011f\u0131n\u0131 s\u00f6yledikleri \u00f6\u011frenildi. \u015e\u00fcpheliler adliyeye sevk edildi.<\/p>\n<p>Pendik,\u00a0Kaynarca\u00a0mahallesi, Tersane Tren \u0130stasyonunda 25 Nisan 2005 tarihinde meydana gelen olayda tren raylar\u0131nda, \u00fczerinden ge\u00e7en tren nedeniyle par\u00e7alanm\u0131\u015f bir kad\u0131n cesedi bulunmu\u015ftu. Yap\u0131lan inceleme sonucu cesedin 2 \u00e7ocuk annesi G\u00f6n\u00fcl \u00c7elen&#8217;e ait oldu\u011fu belirlenmi\u015fti. Olay polis kay\u0131tlar\u0131na intihar olarak ge\u00e7mi\u015fti.<\/p>\n<p>\u0130HBAR YAPILINCA POL\u0130S HAREKETE GE\u00c7T\u0130<\/p>\n<p>Aradan ge\u00e7en 20 y\u0131l boyunca tozlu raflarda bekleyen dosya, bir ihbarla yeniden a\u00e7\u0131ld\u0131. \u0130hbarc\u0131n\u0131n gen\u00e7 kad\u0131n\u0131n cinayete kurban gitti\u011fini s\u00f6yledi\u011fi \u00f6\u011frenildi.\u00a0Cinayet\u00a0B\u00fcro Amirli\u011fi taraf\u0131ndan olayla ilgili ba\u015flat\u0131lan soru\u015fturmada olayla ilgileri oldu\u011fu tespit edilen N.K.(60), H.\u00c7.(60), A.T.(66), \u0130.G.(55), R.U.(40), M.A.K.(39), \u00d6.K.(34)\u00a0Mu\u011fla,\u00a0Edirne,\u00a0Sakarya,\u00a0Trabzon\u00a0ve\u00a0\u0130stanbul&#8217;daki adreslere d\u00fczenlenen operasyonlarla g\u00f6zalt\u0131na al\u0131nd\u0131.<\/p>\n<p>ADL\u0130 TIP KURUMU &#8220;KEND\u0130 Y\u00dcR\u00dcYEMEZ&#8221; DED\u0130<\/p>\n<p>Cinayet B\u00fcro Amirli\u011fi taraf\u0131ndan y\u00fcr\u00fct\u00fclen soru\u015fturma kapsam\u0131nda yap\u0131lan incelemede G\u00f6n\u00fcl \u00c7elen&#8217;in cesedi \u00fczerinde\u00a0Adli T\u0131p Kurumu\u00a0taraf\u0131ndan yap\u0131lan incelemede 304 promil alkoll\u00fc oldu\u011fu belirlendi. Bu derece alkol alan bir ki\u015finin y\u00fcr\u00fcyemez durumda oldu\u011fu ve kendi ba\u015f\u0131na tren raylar\u0131na kadar gelmesinin m\u00fcmk\u00fcn olmad\u0131\u011f\u0131 belirtildi. Ayr\u0131ca intihar saatinden birka\u00e7 dakika sonra G\u00f6n\u00fcl \u00c7elen&#8217;in telefonuna ba\u015fka bir hat tak\u0131larak arama yap\u0131ld\u0131\u011f\u0131 ortaya \u00e7\u0131kt\u0131.<\/p>\n<p>\u0130K\u0130 S\u0130LAH ELE GE\u00c7\u0130R\u0130LD\u0130<\/p>\n<p>Asayi\u015f\u00a0\u015fube m\u00fcd\u00fcrl\u00fc\u011f\u00fcnde sorgulanan \u015f\u00fcphelilerin ikisinin G\u00f6n\u00fcl \u00c7elen&#8217;in son g\u00f6r\u00fc\u015ft\u00fc\u011f\u00fc arkada\u015flar\u0131, eski patronu, cep telefonunu tak\u0131ld\u0131\u011f\u0131 hatt\u0131n sahibi, o hatla yap\u0131lan ilk aranan ki\u015finin bulundu\u011fu \u00f6\u011frenildi. Bask\u0131n yap\u0131lan evlerden birinde kuru s\u0131k\u0131dan bozma iki adet ruhsats\u0131z tabanca ile \u00e7ok say\u0131da mermi ele ge\u00e7irildi\u011fi \u00f6\u011frenildi. \u015e\u00fcpheliler i\u015flemlerinin ard\u0131ndan adliyeye sevk edildiler. \u015e\u00fcpheliler adliyeye sevk edildi.<\/p>\n<\/div>\n<\/div>\n<\/div>\n","protected":false},"excerpt":{"rendered":"<p>G\u00f6n\u00fcl \u00c7elen&#8217;in cinayet \u015f\u00fcphesiyle 7 ki\u015fi g\u00f6zalt\u0131na al\u0131nd\u0131. Dosya 20 y\u0131l sonra ihbarla yeniden a\u00e7\u0131ld\u0131. &nbsp; Ali AKSOYER\/\u0130STANBUL, PEND\u0130K&#8217;te 20 y\u0131l \u00f6nce tren raylar\u0131nda par\u00e7alanm\u0131\u015f olarak cesedi bulunan G\u00f6n\u00fcl \u00c7elen(26)&#8217;in cinayete kurban gitti\u011fi belirlendi.\u00a0Polis\u00a0d\u00fczenlendi\u011fi operasyonda 4&#8217;\u00fc kad\u0131n 7 ki\u015fiyi g\u00f6zalt\u0131na ald\u0131. Bir ihbar \u00fczerine ba\u015flat\u0131ld\u0131\u011f\u0131 \u00f6\u011frenilen soru\u015fturmada g\u00f6zalt\u0131na al\u0131nan ki\u015filerin olayla bir ilgilerinin bulunmad\u0131\u011f\u0131n\u0131 s\u00f6yledikleri [&hellip;]<\/p>\n","protected":false},"author":1,"featured_media":2897,"comment_status":"closed","ping_status":"closed","sticky":false,"template":"","format":"standard","meta":{"footnotes":""},"categories":[7,39],"tags":[60,175,148,299,71,487,334,333,332],"class_list":["post-2896","post","type-post","status-publish","format-standard","has-post-thumbnail","hentry","category-gundem","category-haber","tag-cinayet","tag-guvenlik","tag-hukuk","tag-pendik","tag-suc","tag-gonul-celen","tag-guncel","tag-olaylar","tag-politika"],"_links":{"self":[{"href":"https:\/\/avukatimtv.com\/index.php\/wp-json\/wp\/v2\/posts\/2896","targetHints":{"allow":["GET"]}}],"collection":[{"href":"https:\/\/avukatimtv.com\/index.php\/wp-json\/wp\/v2\/posts"}],"about":[{"href":"https:\/\/avukatimtv.com\/index.php\/wp-json\/wp\/v2\/types\/post"}],"author":[{"embeddable":true,"href":"https:\/\/avukatimtv.com\/index.php\/wp-json\/wp\/v2\/users\/1"}],"replies":[{"embeddable":true,"href":"https:\/\/avukatimtv.com\/index.php\/wp-json\/wp\/v2\/comments?post=2896"}],"version-history":[{"count":1,"href":"https:\/\/avukatimtv.com\/index.php\/wp-json\/wp\/v2\/posts\/2896\/revisions"}],"predecessor-version":[{"id":2898,"href":"https:\/\/avukatimtv.com\/index.php\/wp-json\/wp\/v2\/posts\/2896\/revisions\/2898"}],"wp:featuredmedia":[{"embeddable":true,"href":"https:\/\/avukatimtv.com\/index.php\/wp-json\/wp\/v2\/media\/2897"}],"wp:attachment":[{"href":"https:\/\/avukatimtv.com\/index.php\/wp-json\/wp\/v2\/media?parent=2896"}],"wp:term":[{"taxonomy":"category","embeddable":true,"href":"https:\/\/avukatimtv.com\/index.php\/wp-json\/wp\/v2\/categories?post=2896"},{"taxonomy":"post_tag","embeddable":true,"href":"https:\/\/avukatimtv.com\/index.php\/wp-json\/wp\/v2\/tags?post=2896"}],"curies":[{"name":"wp","href":"https:\/\/api.w.org\/{rel}","templated":true}]}}