{"id":2900,"date":"2025-07-23T19:42:51","date_gmt":"2025-07-23T16:42:51","guid":{"rendered":"https:\/\/avukatimtv.com\/?p=2900"},"modified":"2025-07-23T19:42:51","modified_gmt":"2025-07-23T16:42:51","slug":"agabey-miras-kavgasinda-kardesini-pompali-tufekle-oldurdu","status":"publish","type":"post","link":"https:\/\/avukatimtv.com\/index.php\/2025\/07\/23\/agabey-miras-kavgasinda-kardesini-pompali-tufekle-oldurdu\/","title":{"rendered":"A\u011fabey, miras kavgas\u0131nda karde\u015fini pompal\u0131 t\u00fcfekle \u00f6ld\u00fcrd\u00fc"},"content":{"rendered":"<h2 id=\"spot\" class=\"mt10 haber_ozet\">Yalova&#8217;n\u0131n Esadiye k\u00f6y\u00fcnde miras anla\u015fmazl\u0131\u011f\u0131 nedeniyle a\u011fabey, karde\u015fini pompal\u0131 t\u00fcfekle \u00f6ld\u00fcrd\u00fc. Yeri termal kameral\u0131 dronla 16 saat sonra tespit edilen zanl\u0131, jandarman\u0131n film gibi operasyonuyla yakaland\u0131.<\/h2>\n<div class=\"news-detail-container\">\n<div class=\"left-block\">\n<div class=\"wrapper detay-v3_3 haber_metni\">\n<p>Yalova\u00a0merkeze ba\u011fl\u0131 Esadiye k\u00f6y\u00fcnde miras kavgas\u0131 nedeniyle karde\u015fini pompal\u0131 t\u00fcfekle \u00f6ld\u00fcren zanl\u0131 jandarman\u0131n operasyonuyla sakland\u0131\u011f\u0131 ormanl\u0131k alanda yakaland\u0131.<\/p>\n<h3>M\u0130RAS ANLA\u015eMAZLI\u011eINDA KARDE\u015e\u0130N\u0130 \u00d6LD\u00dcRD\u00dc<\/h3>\n<p>Al\u0131nan bilgiye g\u00f6re, Esadiye k\u00f6y\u00fcnde d\u00fcn sabah erken saatlerde Muhammet\u00a0Zeytin\u00a0(49), aralar\u0131nda miras anla\u015fmazl\u0131\u011f\u0131 nedeniyle husumet bulunan karde\u015fi H\u0131z\u0131r Zeytin&#8217;in (45) evinin \u00f6n\u00fcne geldi. A\u011fabey, burada evinden i\u015fe gitmek i\u00e7in \u00e7\u0131kan karde\u015fine bindi\u011fi otomobilin i\u00e7inde pompal\u0131 t\u00fcfekle 3 el ate\u015f etti. V\u00fccudunun \u00e7e\u015fitli yerlerine sa\u00e7malar isabet eden H\u0131z\u0131r Zeytin, olay yerinde hayat\u0131n\u0131 kaybetti.\u00a0Cinayet\u00a0zanl\u0131s\u0131 ise b\u00f6lgeden yaya olarak ka\u00e7t\u0131.<\/p>\n<\/div>\n<p><img decoding=\"async\" src=\"https:\/\/foto.sondakika.com\/haber\/2025\/07\/23\/agabey-miras-kavgasinda-kardesini-pompali-18876249_4484_m.jpg\" alt=\"Muhammet Zeytin\" \/><\/p>\n<\/div>\n<p>Cinayet mahalline gelen Yalova\u00a0Jandarma\u00a0Komutanl\u0131\u011f\u0131 Olay Yeri\u00a0\u0130nceleme\u00a0ekipleri ve savc\u0131 inceleme ger\u00e7ekle\u015ftirdi. Yap\u0131lan incelemelerin ard\u0131ndan H\u0131z\u0131r Zeytin&#8217;in cans\u0131z bedeni otopsi i\u00e7in Yalova\u00a0E\u011fitim ve Ara\u015ft\u0131rma Hastanesi&#8217;ne kald\u0131r\u0131ld\u0131.<\/p>\n<\/div>\n<div class=\"drimg\"><\/div>\n<div><\/div>\n<div><img decoding=\"async\" src=\"https:\/\/foto.sondakika.com\/haber\/2025\/07\/23\/agabey-miras-kavgasinda-kardesini-pompali-18876249_7186_m.jpg\" alt=\"H\u0131z\u0131r Zeytin\" \/><\/div>\n<div><\/div>\n<div>\n<h3>16 SAAT SONRA YAKALANDI<\/h3>\n<p>Ya\u015fanan olay sonras\u0131nda ormanl\u0131k alana ka\u00e7an cinayet zanl\u0131s\u0131n\u0131n pe\u015fine d\u00fc\u015fen jandarma ekipleri \u015f\u00fcphelinin yerini termal kameral\u0131 dronla tespit etti. Tespit edilen noktaya\u00a0JASAT\u00a0istihbarat, 4 asayi\u015f timi, 2 a\u015fayi\u015f komando timi ile operasyon ger\u00e7ekle\u015ftirildi. \u00c7evresi sar\u0131lan zanl\u0131 16 saatlik arama sonras\u0131nda yakaland\u0131. G\u00f6zalt\u0131na al\u0131nan \u015f\u00fcpheli ilk ifadesinde miras nedeniyle karde\u015finden alacakl\u0131 oldu\u011funu ve bu nedenle de cinayeti i\u015fledi\u011fini itiraf etti. Zanl\u0131 jandarmadaki i\u015flemlerinin ard\u0131ndan adliyeye sevk edildi.<\/p>\n<\/div>\n<p><img decoding=\"async\" src=\"https:\/\/foto.sondakika.com\/haber\/2025\/07\/23\/agabey-miras-kavgasinda-kardesini-pompali-18876249_2102_m.jpg\" alt=\"A\u011fabey, miras kavgas\u0131nda karde\u015fini pompal\u0131 t\u00fcfekle \u00f6ld\u00fcrd\u00fc\" \/><\/p>\n<p>&nbsp;<\/p>\n<div class=\"wrapper detay-v3_3 haber_metni\">\n<p>\u00d6te yandan, a\u011fabeyi taraf\u0131ndan \u00f6ld\u00fcr\u00fclen H\u0131z\u0131r Zeytin Esadiye k\u00f6y\u00fcnde topra\u011fa verildi.<\/p>\n<\/div>\n","protected":false},"excerpt":{"rendered":"<p>Yalova&#8217;n\u0131n Esadiye k\u00f6y\u00fcnde miras anla\u015fmazl\u0131\u011f\u0131 nedeniyle a\u011fabey, karde\u015fini pompal\u0131 t\u00fcfekle \u00f6ld\u00fcrd\u00fc. Yeri termal kameral\u0131 dronla 16 saat sonra tespit edilen zanl\u0131, jandarman\u0131n film gibi operasyonuyla yakaland\u0131. Yalova\u00a0merkeze ba\u011fl\u0131 Esadiye k\u00f6y\u00fcnde miras kavgas\u0131 nedeniyle karde\u015fini pompal\u0131 t\u00fcfekle \u00f6ld\u00fcren zanl\u0131 jandarman\u0131n operasyonuyla sakland\u0131\u011f\u0131 ormanl\u0131k alanda yakaland\u0131. M\u0130RAS ANLA\u015eMAZLI\u011eINDA KARDE\u015e\u0130N\u0130 \u00d6LD\u00dcRD\u00dc Al\u0131nan bilgiye g\u00f6re, Esadiye k\u00f6y\u00fcnde d\u00fcn sabah [&hellip;]<\/p>\n","protected":false},"author":1,"featured_media":2901,"comment_status":"closed","ping_status":"closed","sticky":false,"template":"","format":"standard","meta":{"footnotes":""},"categories":[7,39],"tags":[135,79,71,189,458,332,467],"class_list":["post-2900","post","type-post","status-publish","format-standard","has-post-thumbnail","hentry","category-gundem","category-haber","tag-jandarma","tag-operasyon","tag-suc","tag-yargi","tag-miras","tag-politika","tag-yalova"],"_links":{"self":[{"href":"https:\/\/avukatimtv.com\/index.php\/wp-json\/wp\/v2\/posts\/2900","targetHints":{"allow":["GET"]}}],"collection":[{"href":"https:\/\/avukatimtv.com\/index.php\/wp-json\/wp\/v2\/posts"}],"about":[{"href":"https:\/\/avukatimtv.com\/index.php\/wp-json\/wp\/v2\/types\/post"}],"author":[{"embeddable":true,"href":"https:\/\/avukatimtv.com\/index.php\/wp-json\/wp\/v2\/users\/1"}],"replies":[{"embeddable":true,"href":"https:\/\/avukatimtv.com\/index.php\/wp-json\/wp\/v2\/comments?post=2900"}],"version-history":[{"count":1,"href":"https:\/\/avukatimtv.com\/index.php\/wp-json\/wp\/v2\/posts\/2900\/revisions"}],"predecessor-version":[{"id":2902,"href":"https:\/\/avukatimtv.com\/index.php\/wp-json\/wp\/v2\/posts\/2900\/revisions\/2902"}],"wp:featuredmedia":[{"embeddable":true,"href":"https:\/\/avukatimtv.com\/index.php\/wp-json\/wp\/v2\/media\/2901"}],"wp:attachment":[{"href":"https:\/\/avukatimtv.com\/index.php\/wp-json\/wp\/v2\/media?parent=2900"}],"wp:term":[{"taxonomy":"category","embeddable":true,"href":"https:\/\/avukatimtv.com\/index.php\/wp-json\/wp\/v2\/categories?post=2900"},{"taxonomy":"post_tag","embeddable":true,"href":"https:\/\/avukatimtv.com\/index.php\/wp-json\/wp\/v2\/tags?post=2900"}],"curies":[{"name":"wp","href":"https:\/\/api.w.org\/{rel}","templated":true}]}}