{"id":2906,"date":"2025-07-24T18:55:18","date_gmt":"2025-07-24T15:55:18","guid":{"rendered":"https:\/\/avukatimtv.com\/?p=2906"},"modified":"2025-07-24T18:55:18","modified_gmt":"2025-07-24T15:55:18","slug":"alanyada-bicakli-kavga-1-olu-2-gozalti","status":"publish","type":"post","link":"https:\/\/avukatimtv.com\/index.php\/2025\/07\/24\/alanyada-bicakli-kavga-1-olu-2-gozalti\/","title":{"rendered":"Alanya&#8217;da B\u0131\u00e7akl\u0131 Kavga: 1 \u00d6l\u00fc, 2 G\u00f6zalt\u0131"},"content":{"rendered":"<h2 id=\"spot\" class=\"mt10 haber_ozet\">Alanya&#8217;da Rus Andrey Makarov b\u0131\u00e7aklanarak \u00f6ld\u00fcr\u00fcld\u00fc. Olayla ilgili 2 Rus vatanda\u015f\u0131 g\u00f6zalt\u0131na al\u0131nd\u0131.<\/h2>\n<div class=\"news-detail-container\">\n<div class=\"left-block\">\n<div class=\"wrapper detay-v3_3 haber_metni\">ANTALYA&#8217;n\u0131n\u00a0Alanya\u00a0il\u00e7esinde Rus Andrey Makarov&#8217;un (35) b\u0131\u00e7aklanarak hayat\u0131n\u0131 kaybetti\u011fi kavgayla ilgili g\u00f6zalt\u0131na al\u0131nan Rus vatanda\u015flar\u0131 N.K. (21) ile K.C. (27), adliyeye sevk edildi.&nbsp;<\/p>\n<p>Olay, d\u00fcn saat 02.30 s\u0131ralar\u0131nda\u00a0Mahmutlar\u00a0Mahallesi 209 Numaral\u0131 Sokak&#8217;ta meydana geldi. Rus vatanda\u015f\u0131 Andrey Makarov ile vatanda\u015flar\u0131 N.K. ve K.C. aras\u0131nda hen\u00fcz bilinmeyen nedenle tart\u0131\u015fma \u00e7\u0131kt\u0131. Tart\u0131\u015fman\u0131n kavgaya d\u00f6n\u00fc\u015fmesi \u00fczerine Makarov, s\u0131rt k\u0131sm\u0131ndan b\u0131\u00e7akland\u0131. \u00c7evredekiler, durumu 112 Acil \u00c7a\u011fr\u0131 Merkezi&#8217;ne ihbarda bulundu. \u0130hbarla b\u00f6lgeye ekipler sevk edildi. Olay yerine gelen sa\u011fl\u0131k ve jandarma ekipleri Makarov&#8217;u yerde s\u0131rt \u00fcst\u00fc, a\u011f\u0131r yaral\u0131 halde buldu. Hayati tehlikesi bulunan ve ilk m\u00fcdahalesi olay yerinde yap\u0131lan Makarov, ambulansla\u00a0Alanya E\u011fitim ve Ara\u015ft\u0131rma Hastanesi&#8217;ne sevk edildi. Makarov, hastanede hayat\u0131n\u0131 kaybetti. Mahmutlar\u00a0Jandarma\u00a0Karakol Komutanl\u0131\u011f\u0131 ve\u00a0JASAT\u00a0ekipleri taraf\u0131ndan yap\u0131lan \u00e7al\u0131\u015fma ile olaya kar\u0131\u015fan Rus vatanda\u015flar\u0131 N.K. ile K.C., evlerinde g\u00f6zalt\u0131na al\u0131nd\u0131. N.K. ile K.C. karakoldaki i\u015flemlerinin ard\u0131ndan bug\u00fcn \u00f6\u011fle saatlerinde Alanya Adliyesi&#8217;ne sevk edildi.<\/p>\n<\/div>\n<\/div>\n<\/div>\n","protected":false},"excerpt":{"rendered":"<p>Alanya&#8217;da Rus Andrey Makarov b\u0131\u00e7aklanarak \u00f6ld\u00fcr\u00fcld\u00fc. Olayla ilgili 2 Rus vatanda\u015f\u0131 g\u00f6zalt\u0131na al\u0131nd\u0131. ANTALYA&#8217;n\u0131n\u00a0Alanya\u00a0il\u00e7esinde Rus Andrey Makarov&#8217;un (35) b\u0131\u00e7aklanarak hayat\u0131n\u0131 kaybetti\u011fi kavgayla ilgili g\u00f6zalt\u0131na al\u0131nan Rus vatanda\u015flar\u0131 N.K. (21) ile K.C. (27), adliyeye sevk edildi.&nbsp; Olay, d\u00fcn saat 02.30 s\u0131ralar\u0131nda\u00a0Mahmutlar\u00a0Mahallesi 209 Numaral\u0131 Sokak&#8217;ta meydana geldi. Rus vatanda\u015f\u0131 Andrey Makarov ile vatanda\u015flar\u0131 N.K. ve K.C. aras\u0131nda [&hellip;]<\/p>\n","protected":false},"author":1,"featured_media":2907,"comment_status":"closed","ping_status":"closed","sticky":false,"template":"","format":"standard","meta":{"footnotes":""},"categories":[7,39],"tags":[175,83,490,22,334,489],"class_list":["post-2906","post","type-post","status-publish","format-standard","has-post-thumbnail","hentry","category-gundem","category-haber","tag-guvenlik","tag-kavga","tag-alanya","tag-dunya","tag-guncel","tag-uluslararasi-iliskiler"],"_links":{"self":[{"href":"https:\/\/avukatimtv.com\/index.php\/wp-json\/wp\/v2\/posts\/2906","targetHints":{"allow":["GET"]}}],"collection":[{"href":"https:\/\/avukatimtv.com\/index.php\/wp-json\/wp\/v2\/posts"}],"about":[{"href":"https:\/\/avukatimtv.com\/index.php\/wp-json\/wp\/v2\/types\/post"}],"author":[{"embeddable":true,"href":"https:\/\/avukatimtv.com\/index.php\/wp-json\/wp\/v2\/users\/1"}],"replies":[{"embeddable":true,"href":"https:\/\/avukatimtv.com\/index.php\/wp-json\/wp\/v2\/comments?post=2906"}],"version-history":[{"count":1,"href":"https:\/\/avukatimtv.com\/index.php\/wp-json\/wp\/v2\/posts\/2906\/revisions"}],"predecessor-version":[{"id":2908,"href":"https:\/\/avukatimtv.com\/index.php\/wp-json\/wp\/v2\/posts\/2906\/revisions\/2908"}],"wp:featuredmedia":[{"embeddable":true,"href":"https:\/\/avukatimtv.com\/index.php\/wp-json\/wp\/v2\/media\/2907"}],"wp:attachment":[{"href":"https:\/\/avukatimtv.com\/index.php\/wp-json\/wp\/v2\/media?parent=2906"}],"wp:term":[{"taxonomy":"category","embeddable":true,"href":"https:\/\/avukatimtv.com\/index.php\/wp-json\/wp\/v2\/categories?post=2906"},{"taxonomy":"post_tag","embeddable":true,"href":"https:\/\/avukatimtv.com\/index.php\/wp-json\/wp\/v2\/tags?post=2906"}],"curies":[{"name":"wp","href":"https:\/\/api.w.org\/{rel}","templated":true}]}}