{"id":2909,"date":"2025-07-24T19:06:49","date_gmt":"2025-07-24T16:06:49","guid":{"rendered":"https:\/\/avukatimtv.com\/?p=2909"},"modified":"2025-07-24T19:06:49","modified_gmt":"2025-07-24T16:06:49","slug":"orman-yangininda-sehit-olan-denizlili-orman-iscileri-icin-toren-duzenlendi","status":"publish","type":"post","link":"https:\/\/avukatimtv.com\/index.php\/2025\/07\/24\/orman-yangininda-sehit-olan-denizlili-orman-iscileri-icin-toren-duzenlendi\/","title":{"rendered":"Orman yang\u0131n\u0131nda \u015fehit olan Denizlili orman i\u015f\u00e7ileri i\u00e7in t\u00f6ren d\u00fczenlendi"},"content":{"rendered":"<h2 id=\"spot\" class=\"mt10 haber_ozet\">Eski\u015fehir&#8217;in Seyitgazi il\u00e7esinde \u00e7\u0131k\u0131p Afyonkarahisar&#8217;a s\u0131\u00e7rayan orman yang\u0131n\u0131nda \u015fehit olan orman i\u015f\u00e7ileri Sercan \u00dctni (26) ve Hilmi \u015eahin (23) i\u00e7in Denizli&#8217;de t\u00f6ren d\u00fczenlendi.<\/h2>\n<div class=\"news-detail-container\">\n<div class=\"left-block\">\n<div class=\"wrapper detay-v3_3 haber_metni\">\n<p>Eski\u015fehir&#8217;in\u00a0Seyitgazi\u00a0il\u00e7esinde \u00e7\u0131k\u0131p Afyonkarahisar&#8217;a s\u0131\u00e7rayan orman yang\u0131n\u0131nda \u015fehit olan orman i\u015f\u00e7ileri Sercan \u00dctni (26) ve\u00a0Hilmi \u015eahin\u00a0(23) i\u00e7in\u00a0Denizli&#8217;de t\u00f6ren d\u00fczenlendi.<\/p>\n<p>\u015eehit \u015eahin ve \u00dctni&#8217;nin T\u00fcrk bayra\u011f\u0131na sar\u0131l\u0131 tabutu, mesai arkada\u015flar\u0131n\u0131n omuzlar\u0131nda\u00a0Pamukkale\u00a0il\u00e7esindeki Denizli Orman B\u00f6lge M\u00fcd\u00fcrl\u00fc\u011f\u00fc bah\u00e7esine getirildi.<\/p>\n<p>Burada sayg\u0131 duru\u015fundan bulunuldu, \u015fehitlerin \u00f6z ge\u00e7mi\u015flerinin okunmas\u0131n\u0131n ard\u0131ndan dua edildi. T\u00f6rene kat\u0131lan baz\u0131 orman \u00e7al\u0131\u015fanlar\u0131 g\u00f6zya\u015f\u0131 d\u00f6kt\u00fc.<\/p>\n<p>\u015eehitlerin naa\u015f\u0131 daha sonra orman muhafaza memurlar\u0131n\u0131n omuzlar\u0131nda cenaze nakil arac\u0131na kadar ta\u015f\u0131nd\u0131.<\/p>\n<p>Cenazeler topra\u011fa verilmek \u00fczere\u00a0Beya\u011fa\u00e7\u00a0il\u00e7esine g\u00f6t\u00fcr\u00fcld\u00fc.<\/p>\n<p>T\u00f6rene, \u015fehitlerin ailesi ve yak\u0131nlar\u0131n\u0131n yan\u0131 s\u0131ra Gen\u00e7lik ve\u00a0Spor\u00a0Bakan\u0131\u00a0Osman A\u015fk\u0131n Bak, Vali\u00a0\u00d6mer Faruk Co\u015fkun,\u00a0AK Parti\u00a0Genel Ba\u015fkan Yard\u0131mc\u0131s\u0131\u00a0Nihat Zeybekci, AK Parti Denizli milletvekilleri \u015eahin Tin ve\u00a0Nilg\u00fcn \u00d6k,\u00a0\u0130Y\u0130 Parti\u00a0Denizli\u00a0Milletvekili\u00a0Yasin \u00d6zt\u00fcrk, CHP Denizli Milletvekili\u00a0\u015eeref Arpac\u0131, B\u00fcy\u00fck\u015fehir Belediye Ba\u015fkan\u0131\u00a0B\u00fclent Nuri \u00c7avu\u015fo\u011flu\u00a0ve Orman B\u00f6lge M\u00fcd\u00fcrl\u00fc\u011f\u00fc \u00e7al\u0131\u015fanlar\u0131 kat\u0131ld\u0131.<\/p>\n<\/div>\n<\/div>\n<\/div>\n","protected":false},"excerpt":{"rendered":"<p>Eski\u015fehir&#8217;in Seyitgazi il\u00e7esinde \u00e7\u0131k\u0131p Afyonkarahisar&#8217;a s\u0131\u00e7rayan orman yang\u0131n\u0131nda \u015fehit olan orman i\u015f\u00e7ileri Sercan \u00dctni (26) ve Hilmi \u015eahin (23) i\u00e7in Denizli&#8217;de t\u00f6ren d\u00fczenlendi. Eski\u015fehir&#8217;in\u00a0Seyitgazi\u00a0il\u00e7esinde \u00e7\u0131k\u0131p Afyonkarahisar&#8217;a s\u0131\u00e7rayan orman yang\u0131n\u0131nda \u015fehit olan orman i\u015f\u00e7ileri Sercan \u00dctni (26) ve\u00a0Hilmi \u015eahin\u00a0(23) i\u00e7in\u00a0Denizli&#8217;de t\u00f6ren d\u00fczenlendi. \u015eehit \u015eahin ve \u00dctni&#8217;nin T\u00fcrk bayra\u011f\u0131na sar\u0131l\u0131 tabutu, mesai arkada\u015flar\u0131n\u0131n omuzlar\u0131nda\u00a0Pamukkale\u00a0il\u00e7esindeki Denizli Orman B\u00f6lge [&hellip;]<\/p>\n","protected":false},"author":1,"featured_media":2910,"comment_status":"closed","ping_status":"closed","sticky":false,"template":"","format":"standard","meta":{"footnotes":""},"categories":[7,39],"tags":[175,494,348,493,334,491,492,495,331],"class_list":["post-2909","post","type-post","status-publish","format-standard","has-post-thumbnail","hentry","category-gundem","category-haber","tag-guvenlik","tag-cevre","tag-denizli","tag-eskisehir","tag-guncel","tag-hilmi-sahin","tag-seyitgazi","tag-toren","tag-yerel-haberler"],"_links":{"self":[{"href":"https:\/\/avukatimtv.com\/index.php\/wp-json\/wp\/v2\/posts\/2909","targetHints":{"allow":["GET"]}}],"collection":[{"href":"https:\/\/avukatimtv.com\/index.php\/wp-json\/wp\/v2\/posts"}],"about":[{"href":"https:\/\/avukatimtv.com\/index.php\/wp-json\/wp\/v2\/types\/post"}],"author":[{"embeddable":true,"href":"https:\/\/avukatimtv.com\/index.php\/wp-json\/wp\/v2\/users\/1"}],"replies":[{"embeddable":true,"href":"https:\/\/avukatimtv.com\/index.php\/wp-json\/wp\/v2\/comments?post=2909"}],"version-history":[{"count":1,"href":"https:\/\/avukatimtv.com\/index.php\/wp-json\/wp\/v2\/posts\/2909\/revisions"}],"predecessor-version":[{"id":2911,"href":"https:\/\/avukatimtv.com\/index.php\/wp-json\/wp\/v2\/posts\/2909\/revisions\/2911"}],"wp:featuredmedia":[{"embeddable":true,"href":"https:\/\/avukatimtv.com\/index.php\/wp-json\/wp\/v2\/media\/2910"}],"wp:attachment":[{"href":"https:\/\/avukatimtv.com\/index.php\/wp-json\/wp\/v2\/media?parent=2909"}],"wp:term":[{"taxonomy":"category","embeddable":true,"href":"https:\/\/avukatimtv.com\/index.php\/wp-json\/wp\/v2\/categories?post=2909"},{"taxonomy":"post_tag","embeddable":true,"href":"https:\/\/avukatimtv.com\/index.php\/wp-json\/wp\/v2\/tags?post=2909"}],"curies":[{"name":"wp","href":"https:\/\/api.w.org\/{rel}","templated":true}]}}