{"id":2912,"date":"2025-07-26T17:42:52","date_gmt":"2025-07-26T14:42:52","guid":{"rendered":"https:\/\/avukatimtv.com\/?p=2912"},"modified":"2025-07-26T17:42:52","modified_gmt":"2025-07-26T14:42:52","slug":"cinayet-oncesi-tartisma-kamerada","status":"publish","type":"post","link":"https:\/\/avukatimtv.com\/index.php\/2025\/07\/26\/cinayet-oncesi-tartisma-kamerada\/","title":{"rendered":"Cinayet \u00d6ncesi Tart\u0131\u015fma Kamerada"},"content":{"rendered":"<h2 id=\"spot\" class=\"mt10 haber_ozet\">Antalya&#8217;da hem\u015fire Sevcan Demir Sakman, e\u015fi taraf\u0131ndan \u00f6ld\u00fcr\u00fcld\u00fc. G\u00fcvenlik kameralar\u0131 olay an\u0131n\u0131 kaydetti.<\/h2>\n<div class=\"news-detail-container\">\n<div class=\"left-block\">\n<div class=\"wrapper detay-v3_3 haber_metni\">\n<p>Antalya&#8217;n\u0131n\u00a0Kepez\u00a0il\u00e7esinde \u00f6zel bir hastanede hem\u015fire olan Sevcan Demir Sakman&#8217;\u0131n (26), Mart ay\u0131nda e\u015fi taraf\u0131ndan kesici aletle \u00f6ld\u00fcr\u00fclmesiyle ilgili cinayete ili\u015fkin g\u00fcvenlik kamera g\u00f6r\u00fcnt\u00fcleri ortaya \u00e7\u0131kt\u0131. G\u00f6r\u00fcnt\u00fclerde gen\u00e7 hem\u015fire ile tutuklu yarg\u0131lanan e\u015finin cinayet \u00f6ncesi tart\u0131\u015ft\u0131\u011f\u0131 anlar ile cinayetin ard\u0131ndan katil zanl\u0131s\u0131n\u0131n \u00fcst\u00fcn\u00fcn kanl\u0131 bir \u015fekilde evden \u00e7\u0131kt\u0131\u011f\u0131 anlar yer ald\u0131.<\/p>\n<p>Edinilen bilgiye g\u00f6re, 9 Mart&#8217;ta \u00f6zel bir hastanede hem\u015fire olarak \u00e7al\u0131\u015fan 2 ayl\u0131k evli Halit Can (26) ve Sevcan Demir Sakman (26) \u00e7ifti, \u00f6\u011fle saatlerinde maddi sorunlar nedeniyle tart\u0131\u015ft\u0131. Halit Can Sakman&#8217;\u0131n ak\u015fam eve gelmesiyle tart\u0131\u015fma yeniden alevlendi. Sakman, kendisine b\u0131\u00e7akla sald\u0131rd\u0131\u011f\u0131n\u0131 \u00f6ne s\u00fcrd\u00fc\u011f\u00fc e\u015fi Sevcan&#8217;a sat\u0131rla vurdu. Kom\u015fular\u0131n ihbar\u0131 \u00fczerine olay yerine gelen polis, Sevcan Demir Sakman&#8217;\u0131 karn\u0131nda ve bo\u011faz\u0131nda kesilerle yerde hareketsiz buldu. Gen\u00e7 kad\u0131n\u0131n hayat\u0131n\u0131 kaybetti\u011fi belirlendi. E\u015fi Halit Can Sakman cinayet \u015f\u00fcphelisi olarak g\u00f6zalt\u0131na al\u0131n\u0131p tutukland\u0131.<\/p>\n<p>Otopsi\u00a0raporunda gen\u00e7 kad\u0131n\u0131n v\u00fccudunda 11 yaralanma belirlendi<\/p>\n<p>Otopsi raporunda, maktul\u00fcn v\u00fccudunda toplam 11 yaralanma oldu\u011fu belirlendi. \u0130ddianamede kamera kay\u0131tlar\u0131na g\u00f6re \u00e7ift aras\u0131nda g\u00fcn i\u00e7inde birden fazla tart\u0131\u015fma ya\u015fand\u0131\u011f\u0131 ve saat 20.49&#8217;da Sevcan&#8217;\u0131n evden \u00e7\u0131kt\u0131\u011f\u0131, ancak \u015f\u00fcpheli Halit&#8217;in onu geri getirdi\u011fi g\u00f6r\u00fcld\u00fc. Saat 21.51&#8217;de ikametlerine d\u00f6nen \u00e7iftin, 25 saniye sonra daire kap\u0131s\u0131n\u0131n a\u00e7\u0131ld\u0131\u011f\u0131 ve maktul\u00fcn \u00e7\u0131rp\u0131nan aya\u011f\u0131n\u0131n g\u00f6r\u00fcnt\u00fclendi\u011fi belirtildi. Saat 21.32&#8217;de \u015f\u00fcphelinin \u00fczerinde kan lekeleriyle sigara i\u00e7erken g\u00f6r\u00fcnt\u00fclendi\u011fi bilgileri de iddianamede yer ald\u0131.<\/p>\n<p>\u015e\u00fcphelinin ifadesi<\/p>\n<p>\u015e\u00fcpheli Halit Can Sakman, ifadesinde e\u015finin kendisine b\u0131\u00e7akla sald\u0131rd\u0131\u011f\u0131n\u0131 ve boynundan yaraland\u0131\u011f\u0131n\u0131 iddia etti. Halit Can Sakman&#8217;\u0131n olaydan sonra \u00e7ocukluk arkada\u015f\u0131 Hidayet E. ve babas\u0131n\u0131 arayarak durumu bildirdi\u011fi, ancak boynunda herhangi bir yaralanma izi olmad\u0131\u011f\u0131 bilgilerinin de yer ald\u0131\u011f\u0131 iddianemede \u015f\u00fcpheli, alkol ald\u0131ktan sonra e\u015fine sald\u0131rd\u0131\u011f\u0131n\u0131 itiraf etti\u011fi ve olay\u0131n detaylar\u0131n\u0131 tam hat\u0131rlamad\u0131\u011f\u0131 bilgisi de kay\u0131tlara ge\u00e7ti.<\/p>\n<p>Savc\u0131l\u0131k, \u015f\u00fcphelinin T\u00fcrk Ceza Kanunu&#8217;nun 82\/1-b, 54\/1, 63 ve 53\/1 maddeleri uyar\u0131nca &#8220;canavarca hisle e\u015fe kar\u015f\u0131 kasten \u00f6ld\u00fcrme&#8221; su\u00e7undan yarg\u0131lanmas\u0131n\u0131 talep etti. \u0130ddianamede, \u015f\u00fcphelinin e\u015fini bilin\u00e7li ve planl\u0131 bir \u015fekilde \u00f6ld\u00fcrd\u00fc\u011f\u00fc, savunmas\u0131n\u0131n su\u00e7tan kurtulmaya y\u00f6nelik oldu\u011fu vurguland\u0131.<\/p>\n<p>Kan donduran anlar kamerada<\/p>\n<p>\u00d6te yandan, cinayetten hemen \u00f6nce ikilinin aras\u0131ndaki tart\u0131\u015fma ve kavga anlar\u0131 ile cinayetin i\u015flendikten sonra katil zanl\u0131s\u0131n\u0131n yer ald\u0131\u011f\u0131 g\u00f6r\u00fcnt\u00fcler ortaya \u00e7\u0131kt\u0131. G\u00f6r\u00fcnt\u00fclerde Sevcan Demir Sakman, g\u00f6rd\u00fc\u011f\u00fc \u015fiddetten ka\u00e7mak i\u00e7in evden defalarca \u00e7\u0131kmaya \u00e7al\u0131\u015f\u0131yor ancak Halit Can Sakman taraf\u0131ndan bir\u00e7ok kez geri d\u00f6nd\u00fcr\u00fcl\u00fcyor. Son ka\u00e7ma giri\u015fiminde ise kap\u0131ya y\u00f6nelen Sevcan&#8217;\u0131n, katil e\u015fi taraf\u0131ndan durdurulup tekrar i\u00e7eri al\u0131nd\u0131\u011f\u0131, bir s\u00fcre sonra ise evden Halit Can Sakman&#8217;\u0131n \u00fczeri kanl\u0131 bir \u015fekilde tek ba\u015f\u0131na \u00e7\u0131kt\u0131\u011f\u0131 g\u00f6r\u00fcl\u00fcyor. &#8211; ANTALYA<\/p>\n<\/div>\n<\/div>\n<\/div>\n","protected":false},"excerpt":{"rendered":"<p>Antalya&#8217;da hem\u015fire Sevcan Demir Sakman, e\u015fi taraf\u0131ndan \u00f6ld\u00fcr\u00fcld\u00fc. G\u00fcvenlik kameralar\u0131 olay an\u0131n\u0131 kaydetti. Antalya&#8217;n\u0131n\u00a0Kepez\u00a0il\u00e7esinde \u00f6zel bir hastanede hem\u015fire olan Sevcan Demir Sakman&#8217;\u0131n (26), Mart ay\u0131nda e\u015fi taraf\u0131ndan kesici aletle \u00f6ld\u00fcr\u00fclmesiyle ilgili cinayete ili\u015fkin g\u00fcvenlik kamera g\u00f6r\u00fcnt\u00fcleri ortaya \u00e7\u0131kt\u0131. G\u00f6r\u00fcnt\u00fclerde gen\u00e7 hem\u015fire ile tutuklu yarg\u0131lanan e\u015finin cinayet \u00f6ncesi tart\u0131\u015ft\u0131\u011f\u0131 anlar ile cinayetin ard\u0131ndan katil zanl\u0131s\u0131n\u0131n \u00fcst\u00fcn\u00fcn [&hellip;]<\/p>\n","protected":false},"author":1,"featured_media":2913,"comment_status":"closed","ping_status":"closed","sticky":false,"template":"","format":"standard","meta":{"footnotes":""},"categories":[7,39],"tags":[104,60,496,497],"class_list":["post-2912","post","type-post","status-publish","format-standard","has-post-thumbnail","hentry","category-gundem","category-haber","tag-antalya","tag-cinayet","tag-kepez","tag-son-dakikacinayet"],"_links":{"self":[{"href":"https:\/\/avukatimtv.com\/index.php\/wp-json\/wp\/v2\/posts\/2912","targetHints":{"allow":["GET"]}}],"collection":[{"href":"https:\/\/avukatimtv.com\/index.php\/wp-json\/wp\/v2\/posts"}],"about":[{"href":"https:\/\/avukatimtv.com\/index.php\/wp-json\/wp\/v2\/types\/post"}],"author":[{"embeddable":true,"href":"https:\/\/avukatimtv.com\/index.php\/wp-json\/wp\/v2\/users\/1"}],"replies":[{"embeddable":true,"href":"https:\/\/avukatimtv.com\/index.php\/wp-json\/wp\/v2\/comments?post=2912"}],"version-history":[{"count":1,"href":"https:\/\/avukatimtv.com\/index.php\/wp-json\/wp\/v2\/posts\/2912\/revisions"}],"predecessor-version":[{"id":2914,"href":"https:\/\/avukatimtv.com\/index.php\/wp-json\/wp\/v2\/posts\/2912\/revisions\/2914"}],"wp:featuredmedia":[{"embeddable":true,"href":"https:\/\/avukatimtv.com\/index.php\/wp-json\/wp\/v2\/media\/2913"}],"wp:attachment":[{"href":"https:\/\/avukatimtv.com\/index.php\/wp-json\/wp\/v2\/media?parent=2912"}],"wp:term":[{"taxonomy":"category","embeddable":true,"href":"https:\/\/avukatimtv.com\/index.php\/wp-json\/wp\/v2\/categories?post=2912"},{"taxonomy":"post_tag","embeddable":true,"href":"https:\/\/avukatimtv.com\/index.php\/wp-json\/wp\/v2\/tags?post=2912"}],"curies":[{"name":"wp","href":"https:\/\/api.w.org\/{rel}","templated":true}]}}