{"id":2915,"date":"2025-07-26T17:53:43","date_gmt":"2025-07-26T14:53:43","guid":{"rendered":"https:\/\/avukatimtv.com\/?p=2915"},"modified":"2025-07-26T17:53:43","modified_gmt":"2025-07-26T14:53:43","slug":"anne-ve-kizi-evinde-olu-bulundu-cinayet-suphelisi-tanidik","status":"publish","type":"post","link":"https:\/\/avukatimtv.com\/index.php\/2025\/07\/26\/anne-ve-kizi-evinde-olu-bulundu-cinayet-suphelisi-tanidik\/","title":{"rendered":"Anne ve k\u0131z\u0131 evinde \u00f6l\u00fc bulundu! Cinayet \u015f\u00fcphelisi tan\u0131d\u0131k"},"content":{"rendered":"<h2 id=\"spot\" class=\"mt10 haber_ozet\">Mersin&#8217;de anne T\u00fcrkan S\u00f6ylemez ile k\u0131z\u0131 Ayg\u00fcl \u00c7\u0131nar evde ba\u015f\u0131ndan vurulmu\u015f halde \u00f6l\u00fc bulundu. Olayla ilgili soru\u015fturma ba\u015flat\u0131l\u0131rken evden ka\u00e7t\u0131\u011f\u0131 belirtilen Ayg\u00fcl \u00c7\u0131nar&#8217;\u0131n kay\u0131nbiraderi aran\u0131yor.<\/h2>\n<div class=\"news-detail-container\">\n<div class=\"left-block\">\n<div class=\"wrapper detay-v3_3 haber_metni\">\n<p>Mersin&#8217;in\u00a0Akdeniz\u00a0il\u00e7esine ba\u011fl\u0131\u00a0G\u00fcndo\u011fdu\u00a0Mahallesi&#8217;nde yer alan 5720 Sokak&#8217;ta evden gelen silah seslerini duyan mahalleli 112 Acil \u00c7a\u011fr\u0131 Merkezi&#8217;ne ihbarda bulundu.<\/p>\n<h3>ANNE VE KIZI EVDE \u00d6L\u00dc BULUNDU<\/h3>\n<p>Eve gelen sa\u011fl\u0131k ekipleri T\u00fcrkan S\u00f6ylemez ve k\u0131z\u0131 Ayg\u00fcl\u00a0\u00c7\u0131nar&#8217;\u0131 kanlar i\u00e7inde buldu. Sa\u011fl\u0131k ekibinin yapt\u0131\u011f\u0131 kontrolde ba\u015f\u0131ndan vurulan T\u00fcrkan S\u00f6ylemez&#8217;in \u00f6ld\u00fc\u011f\u00fc belirlendi. Yaralanan S\u00f6ylemez&#8217;in evli k\u0131z\u0131 Ayg\u00fcl \u00c7\u0131nar ise Mersin \u015eehir Hastanesi&#8217;ne kald\u0131r\u0131ld\u0131. Tedaviye al\u0131nan \u00c7\u0131nar da t\u00fcm m\u00fcdahalelere ra\u011fmen kurtar\u0131lamad\u0131.<\/p>\n<h3>\u015e\u00dcPHEL\u0130 KAYINB\u0130RADER ARANIYOR<\/h3>\n<p>Olayla ilgili soru\u015fturma ba\u015flat\u0131l\u0131rken, evden \u00e7\u0131k\u0131p ka\u00e7t\u0131\u011f\u0131 belirtilen Ayg\u00fcl \u00c7\u0131nar&#8217;\u0131n kay\u0131nbiraderi \u00d6.\u00c7. aran\u0131yor.<\/p>\n<\/div>\n<\/div>\n<\/div>\n","protected":false},"excerpt":{"rendered":"<p>Mersin&#8217;de anne T\u00fcrkan S\u00f6ylemez ile k\u0131z\u0131 Ayg\u00fcl \u00c7\u0131nar evde ba\u015f\u0131ndan vurulmu\u015f halde \u00f6l\u00fc bulundu. Olayla ilgili soru\u015fturma ba\u015flat\u0131l\u0131rken evden ka\u00e7t\u0131\u011f\u0131 belirtilen Ayg\u00fcl \u00c7\u0131nar&#8217;\u0131n kay\u0131nbiraderi aran\u0131yor. Mersin&#8217;in\u00a0Akdeniz\u00a0il\u00e7esine ba\u011fl\u0131\u00a0G\u00fcndo\u011fdu\u00a0Mahallesi&#8217;nde yer alan 5720 Sokak&#8217;ta evden gelen silah seslerini duyan mahalleli 112 Acil \u00c7a\u011fr\u0131 Merkezi&#8217;ne ihbarda bulundu. ANNE VE KIZI EVDE \u00d6L\u00dc BULUNDU Eve gelen sa\u011fl\u0131k ekipleri T\u00fcrkan S\u00f6ylemez [&hellip;]<\/p>\n","protected":false},"author":1,"featured_media":2916,"comment_status":"closed","ping_status":"closed","sticky":false,"template":"","format":"standard","meta":{"footnotes":""},"categories":[7,39],"tags":[60,71,424,334,498,499,331],"class_list":["post-2915","post","type-post","status-publish","format-standard","has-post-thumbnail","hentry","category-gundem","category-haber","tag-cinayet","tag-suc","tag-cinar","tag-guncel","tag-gundogdu","tag-mersin","tag-yerel-haberler"],"_links":{"self":[{"href":"https:\/\/avukatimtv.com\/index.php\/wp-json\/wp\/v2\/posts\/2915","targetHints":{"allow":["GET"]}}],"collection":[{"href":"https:\/\/avukatimtv.com\/index.php\/wp-json\/wp\/v2\/posts"}],"about":[{"href":"https:\/\/avukatimtv.com\/index.php\/wp-json\/wp\/v2\/types\/post"}],"author":[{"embeddable":true,"href":"https:\/\/avukatimtv.com\/index.php\/wp-json\/wp\/v2\/users\/1"}],"replies":[{"embeddable":true,"href":"https:\/\/avukatimtv.com\/index.php\/wp-json\/wp\/v2\/comments?post=2915"}],"version-history":[{"count":1,"href":"https:\/\/avukatimtv.com\/index.php\/wp-json\/wp\/v2\/posts\/2915\/revisions"}],"predecessor-version":[{"id":2917,"href":"https:\/\/avukatimtv.com\/index.php\/wp-json\/wp\/v2\/posts\/2915\/revisions\/2917"}],"wp:featuredmedia":[{"embeddable":true,"href":"https:\/\/avukatimtv.com\/index.php\/wp-json\/wp\/v2\/media\/2916"}],"wp:attachment":[{"href":"https:\/\/avukatimtv.com\/index.php\/wp-json\/wp\/v2\/media?parent=2915"}],"wp:term":[{"taxonomy":"category","embeddable":true,"href":"https:\/\/avukatimtv.com\/index.php\/wp-json\/wp\/v2\/categories?post=2915"},{"taxonomy":"post_tag","embeddable":true,"href":"https:\/\/avukatimtv.com\/index.php\/wp-json\/wp\/v2\/tags?post=2915"}],"curies":[{"name":"wp","href":"https:\/\/api.w.org\/{rel}","templated":true}]}}