{"id":2918,"date":"2025-07-26T18:03:41","date_gmt":"2025-07-26T15:03:41","guid":{"rendered":"https:\/\/avukatimtv.com\/?p=2918"},"modified":"2025-07-26T18:03:41","modified_gmt":"2025-07-26T15:03:41","slug":"ispartada-silahli-kavga-1-olu","status":"publish","type":"post","link":"https:\/\/avukatimtv.com\/index.php\/2025\/07\/26\/ispartada-silahli-kavga-1-olu\/","title":{"rendered":"Isparta&#8217;da Silahl\u0131 Kavga: 1 \u00d6l\u00fc"},"content":{"rendered":"<h2 id=\"spot\" class=\"mt10 haber_ozet\">Isparta&#8217;da iki ki\u015fi aras\u0131nda \u00e7\u0131kan silahl\u0131 kavgada \u0130smail \u00d6zdemir hayat\u0131n\u0131 kaybetti.<\/h2>\n<div class=\"news-detail-container\">\n<div class=\"left-block\">\n<div class=\"wrapper detay-v3_3 haber_metni\">\n<p>Isparta&#8217;da iki ki\u015fi aras\u0131nda \u00e7\u0131kan silahl\u0131 kavgada 1 ki\u015fi \u00f6ld\u00fc.<\/p>\n<p>Modernevler Mahallesi&#8217;nde Nafiz G. (34) ile k\u0131z arkada\u015f\u0131 F.T.&#8217;yi rahats\u0131z etti\u011fi iddias\u0131yla\u00a0\u0130smail \u00d6zdemir\u00a0(22) aras\u0131nda tart\u0131\u015fma \u00e7\u0131kt\u0131. Tart\u0131\u015fman\u0131n kavgaya d\u00f6n\u00fc\u015fmesi \u00fczerine Nafiz G. yan\u0131ndaki tabanca ile \u00d6zdemir&#8217;e ate\u015f etti.<\/p>\n<p>\u0130hbar \u00fczerine olay yerine polis ve sa\u011fl\u0131k ekipleri sevk edildi.<\/p>\n<p>Yaralanan \u00d6zdemir, kald\u0131r\u0131ld\u0131\u011f\u0131 hastanede hayat\u0131n\u0131 kaybetti.<\/p>\n<p>\u00d6te yandan olay\u0131n ard\u0131ndan ka\u00e7an Nafiz G. polis taraf\u0131ndan yakaland\u0131. \u0130l Emniyet M\u00fcd\u00fcrl\u00fc\u011f\u00fcndeki i\u015flemlerinin ard\u0131ndan adliyeye sevk edilen zanl\u0131, tutukland\u0131.<\/p>\n<\/div>\n<\/div>\n<\/div>\n","protected":false},"excerpt":{"rendered":"<p>Isparta&#8217;da iki ki\u015fi aras\u0131nda \u00e7\u0131kan silahl\u0131 kavgada \u0130smail \u00d6zdemir hayat\u0131n\u0131 kaybetti. Isparta&#8217;da iki ki\u015fi aras\u0131nda \u00e7\u0131kan silahl\u0131 kavgada 1 ki\u015fi \u00f6ld\u00fc. Modernevler Mahallesi&#8217;nde Nafiz G. (34) ile k\u0131z arkada\u015f\u0131 F.T.&#8217;yi rahats\u0131z etti\u011fi iddias\u0131yla\u00a0\u0130smail \u00d6zdemir\u00a0(22) aras\u0131nda tart\u0131\u015fma \u00e7\u0131kt\u0131. Tart\u0131\u015fman\u0131n kavgaya d\u00f6n\u00fc\u015fmesi \u00fczerine Nafiz G. yan\u0131ndaki tabanca ile \u00d6zdemir&#8217;e ate\u015f etti. \u0130hbar \u00fczerine olay yerine polis ve [&hellip;]<\/p>\n","protected":false},"author":1,"featured_media":2919,"comment_status":"closed","ping_status":"closed","sticky":false,"template":"","format":"standard","meta":{"footnotes":""},"categories":[7,39],"tags":[60,175,83,71,334,500,332,331],"class_list":["post-2918","post","type-post","status-publish","format-standard","has-post-thumbnail","hentry","category-gundem","category-haber","tag-cinayet","tag-guvenlik","tag-kavga","tag-suc","tag-guncel","tag-ismail-ozdemir","tag-politika","tag-yerel-haberler"],"_links":{"self":[{"href":"https:\/\/avukatimtv.com\/index.php\/wp-json\/wp\/v2\/posts\/2918","targetHints":{"allow":["GET"]}}],"collection":[{"href":"https:\/\/avukatimtv.com\/index.php\/wp-json\/wp\/v2\/posts"}],"about":[{"href":"https:\/\/avukatimtv.com\/index.php\/wp-json\/wp\/v2\/types\/post"}],"author":[{"embeddable":true,"href":"https:\/\/avukatimtv.com\/index.php\/wp-json\/wp\/v2\/users\/1"}],"replies":[{"embeddable":true,"href":"https:\/\/avukatimtv.com\/index.php\/wp-json\/wp\/v2\/comments?post=2918"}],"version-history":[{"count":1,"href":"https:\/\/avukatimtv.com\/index.php\/wp-json\/wp\/v2\/posts\/2918\/revisions"}],"predecessor-version":[{"id":2920,"href":"https:\/\/avukatimtv.com\/index.php\/wp-json\/wp\/v2\/posts\/2918\/revisions\/2920"}],"wp:featuredmedia":[{"embeddable":true,"href":"https:\/\/avukatimtv.com\/index.php\/wp-json\/wp\/v2\/media\/2919"}],"wp:attachment":[{"href":"https:\/\/avukatimtv.com\/index.php\/wp-json\/wp\/v2\/media?parent=2918"}],"wp:term":[{"taxonomy":"category","embeddable":true,"href":"https:\/\/avukatimtv.com\/index.php\/wp-json\/wp\/v2\/categories?post=2918"},{"taxonomy":"post_tag","embeddable":true,"href":"https:\/\/avukatimtv.com\/index.php\/wp-json\/wp\/v2\/tags?post=2918"}],"curies":[{"name":"wp","href":"https:\/\/api.w.org\/{rel}","templated":true}]}}