{"id":2921,"date":"2025-07-28T18:36:03","date_gmt":"2025-07-28T15:36:03","guid":{"rendered":"https:\/\/avukatimtv.com\/?p=2921"},"modified":"2025-07-28T18:36:03","modified_gmt":"2025-07-28T15:36:03","slug":"sancaktepede-aile-katliami-anne-ve-babasini-oldurdu","status":"publish","type":"post","link":"https:\/\/avukatimtv.com\/index.php\/2025\/07\/28\/sancaktepede-aile-katliami-anne-ve-babasini-oldurdu\/","title":{"rendered":"Sancaktepe&#8217;de aile katliam\u0131! Anne ve babas\u0131n\u0131 \u00f6ld\u00fcrd\u00fc"},"content":{"rendered":"<h2 id=\"spot\" class=\"mt10 haber_ozet\">Sancaktepe&#8217;de 28 ya\u015f\u0131ndaki B.C., tart\u0131\u015ft\u0131\u011f\u0131 annesi ve babas\u0131n\u0131 b\u0131\u00e7aklayarak \u00f6ld\u00fcrd\u00fc. Olay sonras\u0131 zanl\u0131 su\u00e7 aletiyle birlikte yakalanarak g\u00f6zalt\u0131na al\u0131nd\u0131.<\/h2>\n<div class=\"news-detail-container\">\n<div class=\"left-block\">\n<div class=\"wrapper detay-v3_3 haber_metni\">\n<p>Sancaktepe&#8217;de tart\u0131\u015ft\u0131\u011f\u0131 anne ve babas\u0131n\u0131 b\u0131\u00e7aklayarak \u00f6ld\u00fcrd\u00fc\u011f\u00fc belirlenen \u015f\u00fcpheli g\u00f6zalt\u0131na al\u0131nd\u0131.<\/p>\n<h3>GECE YARISI TARTI\u015eTI\u011eI ANNES\u0130N\u0130 VE BABASINI KATLETT\u0130<\/h3>\n<p>\u0130ddiaya g\u00f6re,\u00a0Veysel Karani\u00a0Mahallesi&#8217;ndeki 3 katl\u0131 binan\u0131n giri\u015f kat\u0131ndaki dairede ya\u015fayan B.C. (28), gece saatlerinde annesi Emine C. (60) ile babas\u0131 Ahmet C. (65) ile tart\u0131\u015ft\u0131. Tart\u0131\u015fman\u0131n b\u00fcy\u00fcmesi \u00fczerine B.C, anne ve babas\u0131n\u0131 b\u0131\u00e7aklad\u0131. \u0130hbar \u00fczerine olay yerine polis ve sa\u011fl\u0131k ekipleri sevk edildi. Sa\u011fl\u0131k ekiplerinin yapt\u0131\u011f\u0131 kontrolde Ahmet C&#8217;nin hayat\u0131n\u0131 kaybetti\u011fi belirlendi. A\u011f\u0131r yaralanan anne Emine C. ise kald\u0131r\u0131ld\u0131\u011f\u0131 hastanede m\u00fcdahaleye ra\u011fmen kurtar\u0131lamad\u0131.<\/p>\n<h3>ZANLI SU\u00c7 ALET\u0130YLE YAKALANDI<\/h3>\n<p>Ekiplerin olay yerindeki \u00e7al\u0131\u015fmalar\u0131n\u0131n ard\u0131ndan Ahmet C&#8217;nin cenazesi morga kald\u0131r\u0131ld\u0131. Olay\u0131n ard\u0131ndan ka\u00e7an zanl\u0131, su\u00e7 aletiyle yakalanarak g\u00f6zalt\u0131na al\u0131nd\u0131.<\/p>\n<\/div>\n<\/div>\n<\/div>\n","protected":false},"excerpt":{"rendered":"<p>Sancaktepe&#8217;de 28 ya\u015f\u0131ndaki B.C., tart\u0131\u015ft\u0131\u011f\u0131 annesi ve babas\u0131n\u0131 b\u0131\u00e7aklayarak \u00f6ld\u00fcrd\u00fc. Olay sonras\u0131 zanl\u0131 su\u00e7 aletiyle birlikte yakalanarak g\u00f6zalt\u0131na al\u0131nd\u0131. Sancaktepe&#8217;de tart\u0131\u015ft\u0131\u011f\u0131 anne ve babas\u0131n\u0131 b\u0131\u00e7aklayarak \u00f6ld\u00fcrd\u00fc\u011f\u00fc belirlenen \u015f\u00fcpheli g\u00f6zalt\u0131na al\u0131nd\u0131. GECE YARISI TARTI\u015eTI\u011eI ANNES\u0130N\u0130 VE BABASINI KATLETT\u0130 \u0130ddiaya g\u00f6re,\u00a0Veysel Karani\u00a0Mahallesi&#8217;ndeki 3 katl\u0131 binan\u0131n giri\u015f kat\u0131ndaki dairede ya\u015fayan B.C. (28), gece saatlerinde annesi Emine C. (60) [&hellip;]<\/p>\n","protected":false},"author":1,"featured_media":2922,"comment_status":"closed","ping_status":"closed","sticky":false,"template":"","format":"standard","meta":{"footnotes":""},"categories":[7,39],"tags":[60,175,148,71,334,332,501],"class_list":["post-2921","post","type-post","status-publish","format-standard","has-post-thumbnail","hentry","category-gundem","category-haber","tag-cinayet","tag-guvenlik","tag-hukuk","tag-suc","tag-guncel","tag-politika","tag-sancaktepe"],"_links":{"self":[{"href":"https:\/\/avukatimtv.com\/index.php\/wp-json\/wp\/v2\/posts\/2921","targetHints":{"allow":["GET"]}}],"collection":[{"href":"https:\/\/avukatimtv.com\/index.php\/wp-json\/wp\/v2\/posts"}],"about":[{"href":"https:\/\/avukatimtv.com\/index.php\/wp-json\/wp\/v2\/types\/post"}],"author":[{"embeddable":true,"href":"https:\/\/avukatimtv.com\/index.php\/wp-json\/wp\/v2\/users\/1"}],"replies":[{"embeddable":true,"href":"https:\/\/avukatimtv.com\/index.php\/wp-json\/wp\/v2\/comments?post=2921"}],"version-history":[{"count":1,"href":"https:\/\/avukatimtv.com\/index.php\/wp-json\/wp\/v2\/posts\/2921\/revisions"}],"predecessor-version":[{"id":2923,"href":"https:\/\/avukatimtv.com\/index.php\/wp-json\/wp\/v2\/posts\/2921\/revisions\/2923"}],"wp:featuredmedia":[{"embeddable":true,"href":"https:\/\/avukatimtv.com\/index.php\/wp-json\/wp\/v2\/media\/2922"}],"wp:attachment":[{"href":"https:\/\/avukatimtv.com\/index.php\/wp-json\/wp\/v2\/media?parent=2921"}],"wp:term":[{"taxonomy":"category","embeddable":true,"href":"https:\/\/avukatimtv.com\/index.php\/wp-json\/wp\/v2\/categories?post=2921"},{"taxonomy":"post_tag","embeddable":true,"href":"https:\/\/avukatimtv.com\/index.php\/wp-json\/wp\/v2\/tags?post=2921"}],"curies":[{"name":"wp","href":"https:\/\/api.w.org\/{rel}","templated":true}]}}