{"id":2927,"date":"2025-07-28T19:21:48","date_gmt":"2025-07-28T16:21:48","guid":{"rendered":"https:\/\/avukatimtv.com\/?p=2927"},"modified":"2025-07-28T19:21:48","modified_gmt":"2025-07-28T16:21:48","slug":"ormanlik-alanda-basina-cop-poseti-gecirilip-bantlanmis-erkek-cesedi-bulundu","status":"publish","type":"post","link":"https:\/\/avukatimtv.com\/index.php\/2025\/07\/28\/ormanlik-alanda-basina-cop-poseti-gecirilip-bantlanmis-erkek-cesedi-bulundu\/","title":{"rendered":"Ormanl\u0131k alanda ba\u015f\u0131na \u00e7\u00f6p po\u015feti ge\u00e7irilip bantlanm\u0131\u015f erkek cesedi bulundu"},"content":{"rendered":"<h2 id=\"spot\" class=\"mt10 haber_ozet\">Sar\u0131yer Bah\u00e7ek\u00f6y&#8217;de yol kenar\u0131ndaki ormanl\u0131k alanda ba\u015f\u0131na siyah \u00e7\u00f6p po\u015feti ge\u00e7irilmi\u015f ve bantlanm\u0131\u015f 25 ya\u015flar\u0131nda bir erkek cesedi bulundu. Yan\u0131nda Rus\u00e7a yaz\u0131l\u0131 bir not ile ki\u015fisel e\u015fyalar\u0131n\u0131n yer ald\u0131\u011f\u0131 \u00e7anta bulundu. Olay yerinde yap\u0131lan ilk incelemelerin ard\u0131ndan ceset Adli T\u0131p Kurumu&#8217;na kald\u0131r\u0131ld\u0131. Polis, olay\u0131n cinayet mi yoksa intihar m\u0131 oldu\u011funu ara\u015ft\u0131r\u0131yor.<\/h2>\n<div class=\"news-detail-container\">\n<div class=\"left-block\">\n<div class=\"wrapper detay-v3_3 haber_metni\">\n<p>Sar\u0131yer&#8217;de yol kenar\u0131ndaki ormanl\u0131k alanda ba\u015f\u0131na siyah \u00e7\u00f6p po\u015feti ge\u00e7irilmi\u015f ve bantlanm\u0131\u015f 25 ya\u015flar\u0131nda erkek cesedi bulundu.\u00a0Cumhuriyet Savc\u0131s\u0131\u00a0ve olay yeri inceleme ekiplerinin \u00e7al\u0131\u015fmalar\u0131n\u0131n ard\u0131ndan cenaze\u00a0Adli T\u0131p Kurumu\u00a0Morguna kald\u0131r\u0131ld\u0131. Cesedin yan\u0131nda Rus\u00e7a yaz\u0131l\u0131 bir not da bulunurken, polis olay\u0131n cinayet mi yoksa intihar m\u0131 oldu\u011funu ara\u015ft\u0131r\u0131yor.<\/p>\n<p>Olay, saat 09.30 s\u0131ralar\u0131nda\u00a0Bah\u00e7ek\u00f6y&#8217;de meydana geldi. Edinilen bilgiye g\u00f6re sabah saatlerinde yoldan ge\u00e7en bir vatanda\u015f, ormanl\u0131k alanda hareketsiz yatan bir ki\u015finin oldu\u011funu fark etti. \u0130hbar \u00fczerine olay yerine sa\u011fl\u0131k ve polis ekipleri sevk edildi. K\u0131sa s\u00fcrede olay yerine gelen ekipler, \u00e7evreye g\u00fcvenlik \u015feridi \u00e7ekerek \u00f6nlem ald\u0131. Sa\u011fl\u0131k ekiplerinin incelemelerinde hareketsiz yatan ki\u015finin hayat\u0131n\u0131 kaybetti\u011fi belirlendi.<\/p>\n<h3>BA\u015eINA \u00c7\u00d6P PO\u015eET\u0130 GE\u00c7\u0130R\u0130LM\u0130\u015e<\/h3>\n<p>Olay yeri inceleme ekipleri, 25 ya\u015flar\u0131nda oldu\u011fu d\u00fc\u015f\u00fcn\u00fclen erkek cesedinin ba\u015f\u0131nda \u00e7\u00f6p po\u015feti bulundu\u011funu ve bantlanm\u0131\u015f halde oldu\u011funu g\u00f6rd\u00fc. Cesedin yan\u0131nda Rus\u00e7a not ve siyah ask\u0131l\u0131 \u00e7antas\u0131 i\u00e7inde cep telefonu,\u00a0\u0130stanbul\u00a0Ula\u015f\u0131m kart\u0131, paralar ve \u00e7e\u015fitli e\u015fyalar oldu\u011fu da belirlendi. Cumhuriyet Savc\u0131s\u0131n\u0131n incelemeleri sonras\u0131nda bo\u011fularak \u00f6ld\u00fcr\u00fcld\u00fc\u011f\u00fc d\u00fc\u015f\u00fcn\u00fclen ki\u015finin cesedi, Adli T\u0131p Kurumu Morguna kald\u0131r\u0131ld\u0131.\u00a0Polis\u00a0olay\u0131n intihar m\u0131 yoksa cinayet mi oldu\u011funu ara\u015ft\u0131r\u0131yor.<\/p>\n<h3>Olay yerinden kareler;<\/h3>\n<div class=\"drimg\"><img decoding=\"async\" src=\"https:\/\/foto.sondakika.com\/haber\/2025\/07\/28\/ormanlik-alanda-basina-cop-poseti-gecirilip-18891674_8341_m.jpg\" alt=\"Ormanl\u0131k alanda ba\u015f\u0131na \u00e7\u00f6p po\u015feti ge\u00e7irilip bantlanm\u0131\u015f erkek cesedi bulundu\" \/><\/div>\n<\/div>\n<div><img decoding=\"async\" src=\"https:\/\/foto.sondakika.com\/haber\/2025\/07\/28\/ormanlik-alanda-basina-cop-poseti-gecirilip-18891674_1355_m.jpg\" alt=\"Ormanl\u0131k alanda ba\u015f\u0131na \u00e7\u00f6p po\u015feti ge\u00e7irilip bantlanm\u0131\u015f erkek cesedi bulundu\" \/><\/div>\n<\/div>\n<div><img decoding=\"async\" src=\"https:\/\/foto.sondakika.com\/haber\/2025\/07\/28\/ormanlik-alanda-basina-cop-poseti-gecirilip-18891674_8734_m.jpg\" alt=\"Ormanl\u0131k alanda ba\u015f\u0131na \u00e7\u00f6p po\u015feti ge\u00e7irilip bantlanm\u0131\u015f erkek cesedi bulundu\" \/><\/div>\n<\/div>\n","protected":false},"excerpt":{"rendered":"<p>Sar\u0131yer Bah\u00e7ek\u00f6y&#8217;de yol kenar\u0131ndaki ormanl\u0131k alanda ba\u015f\u0131na siyah \u00e7\u00f6p po\u015feti ge\u00e7irilmi\u015f ve bantlanm\u0131\u015f 25 ya\u015flar\u0131nda bir erkek cesedi bulundu. Yan\u0131nda Rus\u00e7a yaz\u0131l\u0131 bir not ile ki\u015fisel e\u015fyalar\u0131n\u0131n yer ald\u0131\u011f\u0131 \u00e7anta bulundu. Olay yerinde yap\u0131lan ilk incelemelerin ard\u0131ndan ceset Adli T\u0131p Kurumu&#8217;na kald\u0131r\u0131ld\u0131. Polis, olay\u0131n cinayet mi yoksa intihar m\u0131 oldu\u011funu ara\u015ft\u0131r\u0131yor. Sar\u0131yer&#8217;de yol kenar\u0131ndaki ormanl\u0131k [&hellip;]<\/p>\n","protected":false},"author":1,"featured_media":2928,"comment_status":"closed","ping_status":"closed","sticky":false,"template":"","format":"standard","meta":{"footnotes":""},"categories":[7,39],"tags":[60,175,148,297,49,70,382,504,33],"class_list":["post-2927","post","type-post","status-publish","format-standard","has-post-thumbnail","hentry","category-gundem","category-haber","tag-cinayet","tag-guvenlik","tag-hukuk","tag-inceleme","tag-polis","tag-sariyer","tag-adli-tip-kurumu","tag-bahcekoy","tag-yasam"],"_links":{"self":[{"href":"https:\/\/avukatimtv.com\/index.php\/wp-json\/wp\/v2\/posts\/2927","targetHints":{"allow":["GET"]}}],"collection":[{"href":"https:\/\/avukatimtv.com\/index.php\/wp-json\/wp\/v2\/posts"}],"about":[{"href":"https:\/\/avukatimtv.com\/index.php\/wp-json\/wp\/v2\/types\/post"}],"author":[{"embeddable":true,"href":"https:\/\/avukatimtv.com\/index.php\/wp-json\/wp\/v2\/users\/1"}],"replies":[{"embeddable":true,"href":"https:\/\/avukatimtv.com\/index.php\/wp-json\/wp\/v2\/comments?post=2927"}],"version-history":[{"count":1,"href":"https:\/\/avukatimtv.com\/index.php\/wp-json\/wp\/v2\/posts\/2927\/revisions"}],"predecessor-version":[{"id":2929,"href":"https:\/\/avukatimtv.com\/index.php\/wp-json\/wp\/v2\/posts\/2927\/revisions\/2929"}],"wp:featuredmedia":[{"embeddable":true,"href":"https:\/\/avukatimtv.com\/index.php\/wp-json\/wp\/v2\/media\/2928"}],"wp:attachment":[{"href":"https:\/\/avukatimtv.com\/index.php\/wp-json\/wp\/v2\/media?parent=2927"}],"wp:term":[{"taxonomy":"category","embeddable":true,"href":"https:\/\/avukatimtv.com\/index.php\/wp-json\/wp\/v2\/categories?post=2927"},{"taxonomy":"post_tag","embeddable":true,"href":"https:\/\/avukatimtv.com\/index.php\/wp-json\/wp\/v2\/tags?post=2927"}],"curies":[{"name":"wp","href":"https:\/\/api.w.org\/{rel}","templated":true}]}}