{"id":2930,"date":"2025-07-28T19:37:07","date_gmt":"2025-07-28T16:37:07","guid":{"rendered":"https:\/\/avukatimtv.com\/?p=2930"},"modified":"2025-07-28T19:37:07","modified_gmt":"2025-07-28T16:37:07","slug":"vanda-94-kisi-tutuklandi","status":"publish","type":"post","link":"https:\/\/avukatimtv.com\/index.php\/2025\/07\/28\/vanda-94-kisi-tutuklandi\/","title":{"rendered":"Van&#8217;da 94 Ki\u015fi Tutukland\u0131"},"content":{"rendered":"<h2 id=\"spot\" class=\"mt10 haber_ozet\">Van&#8217;da y\u00fcr\u00fct\u00fclen operasyonlarda 94 ki\u015fi tutukland\u0131, \u00e7e\u015fitli silah ve m\u00fchimmat ele ge\u00e7irildi.<\/h2>\n<div class=\"news-detail-container\">\n<div class=\"left-block\">\n<div class=\"wrapper detay-v3_3 haber_metni\">\n<p>Van&#8217;da polis ekiplerince y\u00fcr\u00fct\u00fclen \u00e7al\u0131\u015fmalar sonucunda \u00e7e\u015fitli su\u00e7lardan 94 ki\u015fi tutukland\u0131.<\/p>\n<p>Van Emniyet M\u00fcd\u00fcrl\u00fc\u011f\u00fcnden yap\u0131lan a\u00e7\u0131klamada, il genelinde kamu d\u00fczeninin sa\u011flanmas\u0131 i\u00e7in su\u00e7 ve su\u00e7lularla m\u00fccadele kapsam\u0131nda\u00a0Asayi\u015f \u015eube M\u00fcd\u00fcrl\u00fc\u011f\u00fc\u00a0ve \u0130l\u00e7e Emniyet M\u00fcd\u00fcrl\u00fc\u011f\u00fc\/Amirli\u011fi g\u00f6revlilerince y\u00fcr\u00fct\u00fclen \u00e7al\u0131\u015fmalar\u0131n devam etti\u011fi belirtildi. A\u00e7\u0131klamada, &#8220;6136 ve 5729 Say\u0131l\u0131 Kanun&#8217;a Muhalefet olaylar\u0131nda; 1 adet AK-47 t\u00fcfek, 2 adet AK-47 \u015farj\u00f6r\u00fc, 116 adet AK-47 fi\u015fe\u011fi, 5 adet ruhsats\u0131z tabanca, 3 adet tabanca \u015farj\u00f6r\u00fc, 231 adet fi\u015fek, 4 adet t\u00fcfek, 95 adet t\u00fcfek fi\u015fe\u011fi, 1 adet \u00e7al\u0131nt\u0131 ara\u00e7 ele ge\u00e7irilmi\u015ftir. \u0130l Emniyet M\u00fcd\u00fcrl\u00fc\u011f\u00fcm\u00fcz taraf\u0131ndan aranan toplam 228 \u015fah\u0131s yakalanm\u0131\u015f, 319 y\u0131l 9 ay 20 g\u00fcn kesinle\u015fmi\u015f hapis cezas\u0131 bulunan 94 \u015fah\u0131s adli makamlarca tutuklanm\u0131\u015ft\u0131r&#8221; denildi. &#8211; VAN<\/p>\n<\/div>\n<\/div>\n<\/div>\n","protected":false},"excerpt":{"rendered":"<p>Van&#8217;da y\u00fcr\u00fct\u00fclen operasyonlarda 94 ki\u015fi tutukland\u0131, \u00e7e\u015fitli silah ve m\u00fchimmat ele ge\u00e7irildi. Van&#8217;da polis ekiplerince y\u00fcr\u00fct\u00fclen \u00e7al\u0131\u015fmalar sonucunda \u00e7e\u015fitli su\u00e7lardan 94 ki\u015fi tutukland\u0131. Van Emniyet M\u00fcd\u00fcrl\u00fc\u011f\u00fcnden yap\u0131lan a\u00e7\u0131klamada, il genelinde kamu d\u00fczeninin sa\u011flanmas\u0131 i\u00e7in su\u00e7 ve su\u00e7lularla m\u00fccadele kapsam\u0131nda\u00a0Asayi\u015f \u015eube M\u00fcd\u00fcrl\u00fc\u011f\u00fc\u00a0ve \u0130l\u00e7e Emniyet M\u00fcd\u00fcrl\u00fc\u011f\u00fc\/Amirli\u011fi g\u00f6revlilerince y\u00fcr\u00fct\u00fclen \u00e7al\u0131\u015fmalar\u0131n devam etti\u011fi belirtildi. A\u00e7\u0131klamada, &#8220;6136 ve 5729 Say\u0131l\u0131 [&hellip;]<\/p>\n","protected":false},"author":1,"featured_media":2931,"comment_status":"closed","ping_status":"closed","sticky":false,"template":"","format":"standard","meta":{"footnotes":""},"categories":[7,39],"tags":[49,380,505],"class_list":["post-2930","post","type-post","status-publish","format-standard","has-post-thumbnail","hentry","category-gundem","category-haber","tag-polis","tag-tutuklanma","tag-van"],"_links":{"self":[{"href":"https:\/\/avukatimtv.com\/index.php\/wp-json\/wp\/v2\/posts\/2930","targetHints":{"allow":["GET"]}}],"collection":[{"href":"https:\/\/avukatimtv.com\/index.php\/wp-json\/wp\/v2\/posts"}],"about":[{"href":"https:\/\/avukatimtv.com\/index.php\/wp-json\/wp\/v2\/types\/post"}],"author":[{"embeddable":true,"href":"https:\/\/avukatimtv.com\/index.php\/wp-json\/wp\/v2\/users\/1"}],"replies":[{"embeddable":true,"href":"https:\/\/avukatimtv.com\/index.php\/wp-json\/wp\/v2\/comments?post=2930"}],"version-history":[{"count":1,"href":"https:\/\/avukatimtv.com\/index.php\/wp-json\/wp\/v2\/posts\/2930\/revisions"}],"predecessor-version":[{"id":2932,"href":"https:\/\/avukatimtv.com\/index.php\/wp-json\/wp\/v2\/posts\/2930\/revisions\/2932"}],"wp:featuredmedia":[{"embeddable":true,"href":"https:\/\/avukatimtv.com\/index.php\/wp-json\/wp\/v2\/media\/2931"}],"wp:attachment":[{"href":"https:\/\/avukatimtv.com\/index.php\/wp-json\/wp\/v2\/media?parent=2930"}],"wp:term":[{"taxonomy":"category","embeddable":true,"href":"https:\/\/avukatimtv.com\/index.php\/wp-json\/wp\/v2\/categories?post=2930"},{"taxonomy":"post_tag","embeddable":true,"href":"https:\/\/avukatimtv.com\/index.php\/wp-json\/wp\/v2\/tags?post=2930"}],"curies":[{"name":"wp","href":"https:\/\/api.w.org\/{rel}","templated":true}]}}