{"id":2933,"date":"2025-07-28T19:55:19","date_gmt":"2025-07-28T16:55:19","guid":{"rendered":"https:\/\/avukatimtv.com\/?p=2933"},"modified":"2025-07-28T19:55:19","modified_gmt":"2025-07-28T16:55:19","slug":"edirnede-korkunc-buluntu","status":"publish","type":"post","link":"https:\/\/avukatimtv.com\/index.php\/2025\/07\/28\/edirnede-korkunc-buluntu\/","title":{"rendered":"Edirne&#8217;de Korkun\u00e7 Buluntu"},"content":{"rendered":"<h2 id=\"spot\" class=\"mt10 haber_ozet\">Edirne&#8217;de yaln\u0131z ya\u015fayan ya\u015fl\u0131 adam\u0131n cans\u0131z bedeni evinde bulundu. Soru\u015fturma ba\u015flat\u0131ld\u0131.<\/h2>\n<div class=\"news-detail-container\">\n<div class=\"left-block\">\n<div class=\"wrapper detay-v3_3 haber_metni\">\n<p>Edirne&#8217;de bir apartman dairesinde k\u00f6t\u00fc kokular\u0131n yay\u0131lmas\u0131 \u00fczerine girilen evde, ya\u015fl\u0131 bir adam \u00f6l\u00fc olarak bulundu.\u00a0Polis\u00a0ekipleri olayla ilgili soru\u015fturma ba\u015flatt\u0131.<\/p>\n<p>Olay, Edirne&#8217;nin \u015e\u00fckr\u00fcpa\u015fa Mahallesi Anadolu Sokak&#8217;ta bulunan Akasya 8 apartman\u0131nda meydana geldi. Edinilen bilgiye g\u00f6re, apartmanda yaln\u0131z ya\u015fayan 75 ya\u015f\u0131ndaki emekli banka \u00e7al\u0131\u015fan\u0131\u00a0B\u00fclent Y\u0131lmaz&#8217;dan g\u00fcnlerdir haber alamayan yak\u0131nlar\u0131 ve kom\u015fular\u0131, durumdan endi\u015felenerek polise ihbarda bulundu. Ayn\u0131 zamanda apartman genelinde hissedilen k\u00f6t\u00fc kokular \u00fczerine ekipler harekete ge\u00e7ti. Olay yerine gelen polis, i\u00e7eri girdi\u011finde evin i\u00e7inde yap\u0131lan incelemede Y\u0131lmaz&#8217;\u0131n cans\u0131z bedeniyle kar\u015f\u0131la\u015ft\u0131.<\/p>\n<p>Emekli banka \u00e7al\u0131\u015fan\u0131 oldu\u011fu \u00f6\u011frenilen B\u00fclent Y\u0131lmaz&#8217;\u0131n cenazesi, kesin \u00f6l\u00fcm nedeninin belirlenmesi amac\u0131yla\u00a0Trakya \u00dcniversitesi\u00a0T\u0131p Fak\u00fcltesi Hastanesi morguna kald\u0131r\u0131ld\u0131.<\/p>\n<p>Olayla ilgili soru\u015fturma ba\u015flat\u0131ld\u0131. &#8211; ED\u0130RNE<\/p>\n<\/div>\n<\/div>\n<\/div>\n","protected":false},"excerpt":{"rendered":"<p>Edirne&#8217;de yaln\u0131z ya\u015fayan ya\u015fl\u0131 adam\u0131n cans\u0131z bedeni evinde bulundu. Soru\u015fturma ba\u015flat\u0131ld\u0131. Edirne&#8217;de bir apartman dairesinde k\u00f6t\u00fc kokular\u0131n yay\u0131lmas\u0131 \u00fczerine girilen evde, ya\u015fl\u0131 bir adam \u00f6l\u00fc olarak bulundu.\u00a0Polis\u00a0ekipleri olayla ilgili soru\u015fturma ba\u015flatt\u0131. Olay, Edirne&#8217;nin \u015e\u00fckr\u00fcpa\u015fa Mahallesi Anadolu Sokak&#8217;ta bulunan Akasya 8 apartman\u0131nda meydana geldi. Edinilen bilgiye g\u00f6re, apartmanda yaln\u0131z ya\u015fayan 75 ya\u015f\u0131ndaki emekli banka \u00e7al\u0131\u015fan\u0131\u00a0B\u00fclent Y\u0131lmaz&#8217;dan [&hellip;]<\/p>\n","protected":false},"author":1,"featured_media":2934,"comment_status":"closed","ping_status":"closed","sticky":false,"template":"","format":"standard","meta":{"footnotes":""},"categories":[7,39],"tags":[49,71,507,506,455,33],"class_list":["post-2933","post","type-post","status-publish","format-standard","has-post-thumbnail","hentry","category-gundem","category-haber","tag-polis","tag-suc","tag-banka","tag-bulent-yilmaz","tag-edirne","tag-yasam"],"_links":{"self":[{"href":"https:\/\/avukatimtv.com\/index.php\/wp-json\/wp\/v2\/posts\/2933","targetHints":{"allow":["GET"]}}],"collection":[{"href":"https:\/\/avukatimtv.com\/index.php\/wp-json\/wp\/v2\/posts"}],"about":[{"href":"https:\/\/avukatimtv.com\/index.php\/wp-json\/wp\/v2\/types\/post"}],"author":[{"embeddable":true,"href":"https:\/\/avukatimtv.com\/index.php\/wp-json\/wp\/v2\/users\/1"}],"replies":[{"embeddable":true,"href":"https:\/\/avukatimtv.com\/index.php\/wp-json\/wp\/v2\/comments?post=2933"}],"version-history":[{"count":1,"href":"https:\/\/avukatimtv.com\/index.php\/wp-json\/wp\/v2\/posts\/2933\/revisions"}],"predecessor-version":[{"id":2935,"href":"https:\/\/avukatimtv.com\/index.php\/wp-json\/wp\/v2\/posts\/2933\/revisions\/2935"}],"wp:featuredmedia":[{"embeddable":true,"href":"https:\/\/avukatimtv.com\/index.php\/wp-json\/wp\/v2\/media\/2934"}],"wp:attachment":[{"href":"https:\/\/avukatimtv.com\/index.php\/wp-json\/wp\/v2\/media?parent=2933"}],"wp:term":[{"taxonomy":"category","embeddable":true,"href":"https:\/\/avukatimtv.com\/index.php\/wp-json\/wp\/v2\/categories?post=2933"},{"taxonomy":"post_tag","embeddable":true,"href":"https:\/\/avukatimtv.com\/index.php\/wp-json\/wp\/v2\/tags?post=2933"}],"curies":[{"name":"wp","href":"https:\/\/api.w.org\/{rel}","templated":true}]}}