{"id":2936,"date":"2025-07-29T18:06:01","date_gmt":"2025-07-29T15:06:01","guid":{"rendered":"https:\/\/avukatimtv.com\/?p=2936"},"modified":"2025-07-29T18:06:01","modified_gmt":"2025-07-29T15:06:01","slug":"samsunda-cinayet-zanlisi-gurcistanda-yakalandi","status":"publish","type":"post","link":"https:\/\/avukatimtv.com\/index.php\/2025\/07\/29\/samsunda-cinayet-zanlisi-gurcistanda-yakalandi\/","title":{"rendered":"Samsun&#8217;da Cinayet Zanl\u0131s\u0131 G\u00fcrcistan&#8217;da Yakaland\u0131"},"content":{"rendered":"<h2 id=\"spot\" class=\"mt10 haber_ozet\">Yal\u00e7\u0131n Cerrah cinayetiyle ilgili T.\u00d6. G\u00fcrcistan&#8217;da yakalanarak Samsun&#8217;a teslim edildi ve tutukland\u0131.<\/h2>\n<div class=\"news-detail-container\">\n<div class=\"left-block\">\n<div class=\"wrapper detay-v3_3 haber_metni\">\n<p>Samsun&#8217;da 2020 y\u0131l\u0131nda silahl\u0131 sald\u0131r\u0131 sonucu \u00f6ld\u00fcr\u00fclen Yal\u00e7\u0131n Cerrah cinayetiyle ilgili k\u0131rm\u0131z\u0131 b\u00fcltenle aranan ve &#8220;Demir\u00f6zler&#8221; organize su\u00e7 \u00f6rg\u00fct\u00fc \u00fcyesi oldu\u011fu \u00f6ne s\u00fcr\u00fclen T.\u00d6.(27),\u00a0G\u00fcrcistan&#8217;da yakalanarak Samsun polisine teslim edildi. G\u0131yab\u0131nda yarg\u0131land\u0131\u011f\u0131 Samsun 1.A\u011f\u0131r Ceza Mahkemesi&#8217;ne ifade veren \u015fah\u0131s tutuklanarak cezaevine g\u00f6nderildi.<\/p>\n<p>31 Ekim 2020&#8217;de\u00a0Atakum\u00a0il\u00e7esi\u00a0K\u00f6rfez\u00a0Mahallesi&#8217;nde meydana gelen olayda, Yal\u00e7\u0131n Cerrah sokak ortas\u0131nda 3 ki\u015fi taraf\u0131ndan \u00e7apraz ate\u015fe tutulmu\u015f ve olay yerinde hayat\u0131n\u0131 kaybetmi\u015fti. Cinayetle ilgili y\u00fcr\u00fct\u00fclen soru\u015fturma kapsam\u0131nda toplam 19 ki\u015fi g\u00f6zalt\u0131na al\u0131nm\u0131\u015f, \u015f\u00fcpheliler adli kontrol \u015fart\u0131yla serbest b\u0131rak\u0131lm\u0131\u015ft\u0131.<\/p>\n<p>Polis, cinayetin organize su\u00e7 faaliyeti kapsam\u0131nda i\u015flendi\u011fini tespit etti. Olayda silah kulland\u0131\u011f\u0131 iddia edilen T.\u00d6.&#8217;n\u00fcn, \u00f6rg\u00fct liderinin yan\u0131na G\u00fcrcistan&#8217;a ka\u00e7t\u0131\u011f\u0131 belirlendi. Hakk\u0131nda &#8220;\u00f6rg\u00fct faaliyeti \u00e7er\u00e7evesinde tasarlayarak adam \u00f6ld\u00fcrme&#8221; su\u00e7undan k\u0131rm\u0131z\u0131 b\u00fcltenle arama karar\u0131 \u00e7\u0131kar\u0131lan T.\u00d6., \u0130nterpol Daire Ba\u015fkanl\u0131\u011f\u0131&#8217;n\u0131n giri\u015fimiyle G\u00fcrcistan&#8217;da yakaland\u0131.\u00a0Sarp S\u0131n\u0131r Kap\u0131s\u0131&#8217;ndan\u00a0T\u00fcrkiye&#8217;ye teslim edilen zanl\u0131,\u00a0Samsun Emniyet M\u00fcd\u00fcrl\u00fc\u011f\u00fc\u00a0KOM \u015eube M\u00fcd\u00fcrl\u00fc\u011f\u00fcndeki i\u015flemlerinin ard\u0131ndan adliyeye sevk edildi. Cinayet davas\u0131n\u0131n devam etti\u011fi Samsun 1. A\u011f\u0131r Ceza Mahkemesi&#8217;ne ifade veren T.\u00d6., tutuklanarak Samsun T Tipi Kapal\u0131\u00a0Cezaevi&#8217;ne g\u00f6nderildi. &#8211; SAMSUN<\/p>\n<\/div>\n<\/div>\n<\/div>\n","protected":false},"excerpt":{"rendered":"<p>Yal\u00e7\u0131n Cerrah cinayetiyle ilgili T.\u00d6. G\u00fcrcistan&#8217;da yakalanarak Samsun&#8217;a teslim edildi ve tutukland\u0131. Samsun&#8217;da 2020 y\u0131l\u0131nda silahl\u0131 sald\u0131r\u0131 sonucu \u00f6ld\u00fcr\u00fclen Yal\u00e7\u0131n Cerrah cinayetiyle ilgili k\u0131rm\u0131z\u0131 b\u00fcltenle aranan ve &#8220;Demir\u00f6zler&#8221; organize su\u00e7 \u00f6rg\u00fct\u00fc \u00fcyesi oldu\u011fu \u00f6ne s\u00fcr\u00fclen T.\u00d6.(27),\u00a0G\u00fcrcistan&#8217;da yakalanarak Samsun polisine teslim edildi. G\u0131yab\u0131nda yarg\u0131land\u0131\u011f\u0131 Samsun 1.A\u011f\u0131r Ceza Mahkemesi&#8217;ne ifade veren \u015fah\u0131s tutuklanarak cezaevine g\u00f6nderildi. 31 Ekim [&hellip;]<\/p>\n","protected":false},"author":1,"featured_media":2937,"comment_status":"closed","ping_status":"closed","sticky":false,"template":"","format":"standard","meta":{"footnotes":""},"categories":[7,39],"tags":[60,508,366,509],"class_list":["post-2936","post","type-post","status-publish","format-standard","has-post-thumbnail","hentry","category-gundem","category-haber","tag-cinayet","tag-gurcistan","tag-samsun","tag-turkiye"],"_links":{"self":[{"href":"https:\/\/avukatimtv.com\/index.php\/wp-json\/wp\/v2\/posts\/2936","targetHints":{"allow":["GET"]}}],"collection":[{"href":"https:\/\/avukatimtv.com\/index.php\/wp-json\/wp\/v2\/posts"}],"about":[{"href":"https:\/\/avukatimtv.com\/index.php\/wp-json\/wp\/v2\/types\/post"}],"author":[{"embeddable":true,"href":"https:\/\/avukatimtv.com\/index.php\/wp-json\/wp\/v2\/users\/1"}],"replies":[{"embeddable":true,"href":"https:\/\/avukatimtv.com\/index.php\/wp-json\/wp\/v2\/comments?post=2936"}],"version-history":[{"count":1,"href":"https:\/\/avukatimtv.com\/index.php\/wp-json\/wp\/v2\/posts\/2936\/revisions"}],"predecessor-version":[{"id":2938,"href":"https:\/\/avukatimtv.com\/index.php\/wp-json\/wp\/v2\/posts\/2936\/revisions\/2938"}],"wp:featuredmedia":[{"embeddable":true,"href":"https:\/\/avukatimtv.com\/index.php\/wp-json\/wp\/v2\/media\/2937"}],"wp:attachment":[{"href":"https:\/\/avukatimtv.com\/index.php\/wp-json\/wp\/v2\/media?parent=2936"}],"wp:term":[{"taxonomy":"category","embeddable":true,"href":"https:\/\/avukatimtv.com\/index.php\/wp-json\/wp\/v2\/categories?post=2936"},{"taxonomy":"post_tag","embeddable":true,"href":"https:\/\/avukatimtv.com\/index.php\/wp-json\/wp\/v2\/tags?post=2936"}],"curies":[{"name":"wp","href":"https:\/\/api.w.org\/{rel}","templated":true}]}}