{"id":2942,"date":"2025-07-29T19:24:12","date_gmt":"2025-07-29T16:24:12","guid":{"rendered":"https:\/\/avukatimtv.com\/?p=2942"},"modified":"2025-07-29T19:24:12","modified_gmt":"2025-07-29T16:24:12","slug":"cinayetten-aranan-supheli-yakalandi","status":"publish","type":"post","link":"https:\/\/avukatimtv.com\/index.php\/2025\/07\/29\/cinayetten-aranan-supheli-yakalandi\/","title":{"rendered":"Cinayetten Aranan \u015e\u00fcpheli Yakaland\u0131"},"content":{"rendered":"<h2 id=\"spot\" class=\"mt10 haber_ozet\">Tokat&#8217;ta 25 y\u0131l hapis cezas\u0131 olan Y.G. jandarma taraf\u0131ndan yakaland\u0131, bir jandarma yaraland\u0131.<\/h2>\n<div class=\"news-detail-container\">\n<div class=\"left-block\">\n<div class=\"wrapper detay-v3_3 haber_metni\">\n<p>&nbsp;<\/p>\n<p>&nbsp;<\/p>\n<p>TOKAT&#8217;ta 25 y\u0131l kesinle\u015fmi\u015f hapis cezas\u0131yla cinayetten aranan Y.G., jandarma ekiplerince yakaland\u0131. Arazideki takip s\u0131ras\u0131nda bir jandarma personelinin aya\u011f\u0131 k\u0131r\u0131ld\u0131.<\/p>\n<p>Niksar\u00a0il\u00e7esine ba\u011fl\u0131\u00a0Serenli\u00a0beldesinde, cinayetten hakk\u0131nda 25 y\u0131l kesinle\u015fmi\u015f hapis cezas\u0131 bulunan Y.G.&#8217;nin yakalanmas\u0131 i\u00e7in jandarma ekiplerince operasyon d\u00fczenlendi. \u015e\u00fcpheli, engebeli arazide ya\u015fanan takip sonucu yakalan\u0131p g\u00f6zalt\u0131na al\u0131nd\u0131.\u00a0Operasyon\u00a0s\u0131ras\u0131nda Uzman\u00a0Jandarma\u00a0\u00c7avu\u015f M.A.K., arbede esnas\u0131nda d\u00fc\u015ferek aya\u011f\u0131n\u0131 k\u0131rd\u0131. Yaral\u0131 personel hastaneye kald\u0131r\u0131l\u0131rken, \u015f\u00fcpheli ise cezaevine g\u00f6nderildi.<\/p>\n<\/div>\n<\/div>\n<\/div>\n","protected":false},"excerpt":{"rendered":"<p>Tokat&#8217;ta 25 y\u0131l hapis cezas\u0131 olan Y.G. jandarma taraf\u0131ndan yakaland\u0131, bir jandarma yaraland\u0131. &nbsp; &nbsp; TOKAT&#8217;ta 25 y\u0131l kesinle\u015fmi\u015f hapis cezas\u0131yla cinayetten aranan Y.G., jandarma ekiplerince yakaland\u0131. Arazideki takip s\u0131ras\u0131nda bir jandarma personelinin aya\u011f\u0131 k\u0131r\u0131ld\u0131. Niksar\u00a0il\u00e7esine ba\u011fl\u0131\u00a0Serenli\u00a0beldesinde, cinayetten hakk\u0131nda 25 y\u0131l kesinle\u015fmi\u015f hapis cezas\u0131 bulunan Y.G.&#8217;nin yakalanmas\u0131 i\u00e7in jandarma ekiplerince operasyon d\u00fczenlendi. \u015e\u00fcpheli, engebeli arazide [&hellip;]<\/p>\n","protected":false},"author":1,"featured_media":2943,"comment_status":"closed","ping_status":"closed","sticky":false,"template":"","format":"standard","meta":{"footnotes":""},"categories":[7,39],"tags":[60,175,135,79,71,268,334,332,331],"class_list":["post-2942","post","type-post","status-publish","format-standard","has-post-thumbnail","hentry","category-gundem","category-haber","tag-cinayet","tag-guvenlik","tag-jandarma","tag-operasyon","tag-suc","tag-tokat","tag-guncel","tag-politika","tag-yerel-haberler"],"_links":{"self":[{"href":"https:\/\/avukatimtv.com\/index.php\/wp-json\/wp\/v2\/posts\/2942","targetHints":{"allow":["GET"]}}],"collection":[{"href":"https:\/\/avukatimtv.com\/index.php\/wp-json\/wp\/v2\/posts"}],"about":[{"href":"https:\/\/avukatimtv.com\/index.php\/wp-json\/wp\/v2\/types\/post"}],"author":[{"embeddable":true,"href":"https:\/\/avukatimtv.com\/index.php\/wp-json\/wp\/v2\/users\/1"}],"replies":[{"embeddable":true,"href":"https:\/\/avukatimtv.com\/index.php\/wp-json\/wp\/v2\/comments?post=2942"}],"version-history":[{"count":1,"href":"https:\/\/avukatimtv.com\/index.php\/wp-json\/wp\/v2\/posts\/2942\/revisions"}],"predecessor-version":[{"id":2944,"href":"https:\/\/avukatimtv.com\/index.php\/wp-json\/wp\/v2\/posts\/2942\/revisions\/2944"}],"wp:featuredmedia":[{"embeddable":true,"href":"https:\/\/avukatimtv.com\/index.php\/wp-json\/wp\/v2\/media\/2943"}],"wp:attachment":[{"href":"https:\/\/avukatimtv.com\/index.php\/wp-json\/wp\/v2\/media?parent=2942"}],"wp:term":[{"taxonomy":"category","embeddable":true,"href":"https:\/\/avukatimtv.com\/index.php\/wp-json\/wp\/v2\/categories?post=2942"},{"taxonomy":"post_tag","embeddable":true,"href":"https:\/\/avukatimtv.com\/index.php\/wp-json\/wp\/v2\/tags?post=2942"}],"curies":[{"name":"wp","href":"https:\/\/api.w.org\/{rel}","templated":true}]}}