{"id":2946,"date":"2025-08-04T18:51:35","date_gmt":"2025-08-04T15:51:35","guid":{"rendered":"https:\/\/avukatimtv.com\/?p=2946"},"modified":"2025-08-04T18:51:35","modified_gmt":"2025-08-04T15:51:35","slug":"mersinde-7-ayda-cinayet-suphelisi-yakalandi","status":"publish","type":"post","link":"https:\/\/avukatimtv.com\/index.php\/2025\/08\/04\/mersinde-7-ayda-cinayet-suphelisi-yakalandi\/","title":{"rendered":"Mersin&#8217;de 7 ayda cinayet \u015f\u00fcphelisi yakaland\u0131"},"content":{"rendered":"<h2 id=\"spot\" class=\"mt10 haber_ozet\">Mersin&#8217;de 7 ayd\u0131r aranan cinayet \u015f\u00fcphelisi C.D.A. jandarma operasyonuyla yakalanarak tutukland\u0131.<\/h2>\n<div class=\"news-detail-container\">\n<div class=\"left-block\">\n<div class=\"wrapper detay-v3_3 haber_metni\">\n<p>Mersin&#8217;de cinayet ve yaralama olay\u0131yla ilgili 7 ayd\u0131r aranan 4&#8217;\u00fcnc\u00fc \u015f\u00fcpheli jandarma ekiplerinin \u00e7al\u0131\u015fmas\u0131yla yakalanarak tutukland\u0131.<\/p>\n<p>Al\u0131nan bilgiye g\u00f6re, \u0130l\u00a0Jandarma\u00a0Komutanl\u0131\u011f\u0131 ekipleri, merkez\u00a0Akdeniz\u00a0il\u00e7esi\u00a0Ye\u015filova\u00a0Mahallesi&#8217;nde 24\u00a0Aral\u0131k\u00a02024 tarihinde arkada\u015f ortam\u0131nda \u00e7\u0131kan s\u00f6zl\u00fc tart\u0131\u015fman\u0131n kavgaya d\u00f6n\u00fc\u015fmesi sonucu M.A.&#8217;n\u0131n \u00f6ld\u00fcr\u00fclmesi, bir ki\u015finin de silahla yaralanmas\u0131 olay\u0131n\u0131n \u015f\u00fcphelilerini yakalamak i\u00e7in \u00e7al\u0131\u015fma yapt\u0131. Jandarma\u00a0Su\u00e7\u00a0Ara\u015ft\u0131rma Timlerinin yapt\u0131\u011f\u0131 geni\u015f \u00e7apl\u0131 ara\u015ft\u0131rmada 2&#8217;si karde\u015f 3 \u015f\u00fcpheli belirlendi. \u015e\u00fcphelilerden B.T. ile karde\u015f olan M.E. ile M.E., yakalan\u0131p tutukland\u0131. Ka\u00e7an di\u011fer \u015f\u00fcpheli C.D.A&#8217;n\u0131n yakalanmas\u0131 i\u00e7in\u00a0JASAT\u00a0ekipleri ise \u00e7al\u0131\u015fmas\u0131na devam etti. 7 ay s\u00fcren takip ve ara\u015ft\u0131rmas\u0131 sonucunda \u015f\u00fcphelinin merkez\u00a0Yeni\u015fehir\u00a0il\u00e7esinde bir adreste sakland\u0131\u011f\u0131 belirlenerek operasyon d\u00fczenledi. Operasyonda \u015f\u00fcpheli C.D.A. ve ona saklanmada yard\u0131m eden 3 \u015fah\u0131s yakaland\u0131. Jandarmadaki i\u015flemlerinin ard\u0131ndan adliyeye sevk edilen cinayet \u015f\u00fcphelisi tutukland\u0131, saklanmas\u0131na yard\u0131m eden 3 \u015fah\u0131s ise adli kontrol \u015fart\u0131 ile serbest kald\u0131. &#8211; MERS\u0130N<\/p>\n<\/div>\n<\/div>\n<\/div>\n","protected":false},"excerpt":{"rendered":"<p>Mersin&#8217;de 7 ayd\u0131r aranan cinayet \u015f\u00fcphelisi C.D.A. jandarma operasyonuyla yakalanarak tutukland\u0131. Mersin&#8217;de cinayet ve yaralama olay\u0131yla ilgili 7 ayd\u0131r aranan 4&#8217;\u00fcnc\u00fc \u015f\u00fcpheli jandarma ekiplerinin \u00e7al\u0131\u015fmas\u0131yla yakalanarak tutukland\u0131. Al\u0131nan bilgiye g\u00f6re, \u0130l\u00a0Jandarma\u00a0Komutanl\u0131\u011f\u0131 ekipleri, merkez\u00a0Akdeniz\u00a0il\u00e7esi\u00a0Ye\u015filova\u00a0Mahallesi&#8217;nde 24\u00a0Aral\u0131k\u00a02024 tarihinde arkada\u015f ortam\u0131nda \u00e7\u0131kan s\u00f6zl\u00fc tart\u0131\u015fman\u0131n kavgaya d\u00f6n\u00fc\u015fmesi sonucu M.A.&#8217;n\u0131n \u00f6ld\u00fcr\u00fclmesi, bir ki\u015finin de silahla yaralanmas\u0131 olay\u0131n\u0131n \u015f\u00fcphelilerini yakalamak i\u00e7in \u00e7al\u0131\u015fma [&hellip;]<\/p>\n","protected":false},"author":1,"featured_media":2947,"comment_status":"closed","ping_status":"closed","sticky":false,"template":"","format":"standard","meta":{"footnotes":""},"categories":[7,39],"tags":[256,60,175,135,79,71,499,332,331],"class_list":["post-2946","post","type-post","status-publish","format-standard","has-post-thumbnail","hentry","category-gundem","category-haber","tag-aralik","tag-cinayet","tag-guvenlik","tag-jandarma","tag-operasyon","tag-suc","tag-mersin","tag-politika","tag-yerel-haberler"],"_links":{"self":[{"href":"https:\/\/avukatimtv.com\/index.php\/wp-json\/wp\/v2\/posts\/2946","targetHints":{"allow":["GET"]}}],"collection":[{"href":"https:\/\/avukatimtv.com\/index.php\/wp-json\/wp\/v2\/posts"}],"about":[{"href":"https:\/\/avukatimtv.com\/index.php\/wp-json\/wp\/v2\/types\/post"}],"author":[{"embeddable":true,"href":"https:\/\/avukatimtv.com\/index.php\/wp-json\/wp\/v2\/users\/1"}],"replies":[{"embeddable":true,"href":"https:\/\/avukatimtv.com\/index.php\/wp-json\/wp\/v2\/comments?post=2946"}],"version-history":[{"count":1,"href":"https:\/\/avukatimtv.com\/index.php\/wp-json\/wp\/v2\/posts\/2946\/revisions"}],"predecessor-version":[{"id":2948,"href":"https:\/\/avukatimtv.com\/index.php\/wp-json\/wp\/v2\/posts\/2946\/revisions\/2948"}],"wp:featuredmedia":[{"embeddable":true,"href":"https:\/\/avukatimtv.com\/index.php\/wp-json\/wp\/v2\/media\/2947"}],"wp:attachment":[{"href":"https:\/\/avukatimtv.com\/index.php\/wp-json\/wp\/v2\/media?parent=2946"}],"wp:term":[{"taxonomy":"category","embeddable":true,"href":"https:\/\/avukatimtv.com\/index.php\/wp-json\/wp\/v2\/categories?post=2946"},{"taxonomy":"post_tag","embeddable":true,"href":"https:\/\/avukatimtv.com\/index.php\/wp-json\/wp\/v2\/tags?post=2946"}],"curies":[{"name":"wp","href":"https:\/\/api.w.org\/{rel}","templated":true}]}}