{"id":2949,"date":"2025-08-04T19:00:49","date_gmt":"2025-08-04T16:00:49","guid":{"rendered":"https:\/\/avukatimtv.com\/?p=2949"},"modified":"2025-08-04T19:00:49","modified_gmt":"2025-08-04T16:00:49","slug":"antalyada-trans-birey-cinayeti-supheli-tutuklandi","status":"publish","type":"post","link":"https:\/\/avukatimtv.com\/index.php\/2025\/08\/04\/antalyada-trans-birey-cinayeti-supheli-tutuklandi\/","title":{"rendered":"Antalya&#8217;da Trans Birey Cinayeti: \u015e\u00fcpheli Tutukland\u0131"},"content":{"rendered":"<h2 id=\"spot\" class=\"mt10 haber_ozet\">Trans birey Nida Nazl\u0131er&#8217;in \u00f6ld\u00fcr\u00fclmesiyle ilgili \u00fc\u00e7 \u015f\u00fcpheliden biri tutukland\u0131, di\u011ferleri serbest.<\/h2>\n<div class=\"news-detail-container\">\n<div class=\"left-block\">\n<div class=\"wrapper detay-v3_3 haber_metni\">\n<p>Antalya&#8217;da trans birey Nida Nazl\u0131er&#8217;in \u00f6ld\u00fcr\u00fclmesine ili\u015fkin y\u00fcr\u00fct\u00fclen soru\u015fturma kapsam\u0131nda mahkemeye sevk edilen \u00fc\u00e7 \u015f\u00fcpheliden, yabanc\u0131 uyruklu \u015f\u00fcpheli tutukland\u0131. Nazl\u0131er&#8217;le ayn\u0131 evde ya\u015fayan H.\u0130. ile son g\u00f6r\u00fc\u015ft\u00fc\u011f\u00fc ki\u015filerden H.H. ise serbest b\u0131rak\u0131ld\u0131.<\/p>\n<p>Antalya&#8217;n\u0131n\u00a0Muratpa\u015fa\u00a0il\u00e7esi Zerdalilik Mahallesi Cebesoy Caddesi&#8217;nde bulunan 4 katl\u0131 apartman\u0131n birinci kat\u0131nda 31 Temmuz Per\u015fembe ak\u015fam\u0131 meydana gelen olayda, trans birey Nida Nazl\u0131er (45), banyoda y\u00fcz\u00fc ve bo\u011faz\u0131ndan b\u0131\u00e7aklanarak \u00f6ld\u00fcr\u00fclm\u00fc\u015f halde bulunmu\u015ftu. Olay\u0131n ard\u0131ndan evde bulunan ve yard\u0131m \u00e7\u0131\u011fl\u0131klar\u0131 att\u0131\u011f\u0131 balkonda g\u00f6r\u00fclen H.\u0130. (23) g\u00f6zalt\u0131na al\u0131nm\u0131\u015ft\u0131. Cinayetle ili\u015fkilendirilen b\u0131\u00e7ak, apartman giri\u015finde bir saks\u0131 i\u00e7erisinde bulunmu\u015ftu.<\/p>\n<p>Kameralardan tespit edildi<\/p>\n<p>Cinayetin ard\u0131ndan \u00e7al\u0131\u015fma ba\u015flatan\u00a0Antalya Emniyet M\u00fcd\u00fcrl\u00fc\u011f\u00fc\u00a0Asayi\u015f \u015eube M\u00fcd\u00fcrl\u00fc\u011f\u00fc\u00a0Cinayet B\u00fcro Amirli\u011fi ekipleri, olay saatinde apartmandan ayr\u0131lan bir ki\u015fiyi g\u00fcvenlik kameralar\u0131ndan tespit etti. Kimli\u011fi olmad\u0131\u011f\u0131 belirlenen ki\u015fi\u00a0Kepez&#8217;de yakaland\u0131. Yap\u0131lan parmak izi incelemesinde, \u015f\u00fcphelinin yabanc\u0131 uyruklu Arif \u00d6mer El H\u00fcseyin (28) oldu\u011fu belirlendi. \u015e\u00fcphelinin,\u00a0S\u00fct\u00e7\u00fcler\u00a0Mahallesi&#8217;nde kald\u0131\u011f\u0131 evde yakalanarak g\u00f6zalt\u0131na al\u0131nd\u0131\u011f\u0131 \u00f6\u011frenildi.<\/p>\n<p>Yabanc\u0131 uyruklu \u015fah\u0131s tutukland\u0131, ev arkada\u015f\u0131 ve di\u011fer arkada\u015f\u0131 serbest b\u0131rak\u0131ld\u0131<\/p>\n<p>G\u00f6zalt\u0131na al\u0131nan El H\u00fcseyin, H.\u0130. ve Nazl\u0131er&#8217;in en son g\u00f6r\u00fc\u015ft\u00fc\u011f\u00fc ki\u015filerden biri olan H.H. (39), emniyetteki i\u015flemlerinin ard\u0131ndan sa\u011fl\u0131k kontrol\u00fcne g\u00f6t\u00fcr\u00fcld\u00fc. Soru\u015fturma kapsam\u0131nda ifadesi al\u0131nan Arif \u00d6mer El H\u00fcseyin&#8217;in, Nida Nazl\u0131er&#8217;le \u00fccret kar\u015f\u0131l\u0131\u011f\u0131 ili\u015fkiye girdiklerini, g\u00f6r\u00fc\u015fme s\u0131ras\u0131<\/p>\n<div class=\"wp-menu-name\"><\/div>\n<p>nda Nazl\u0131er&#8217;in trans birey oldu\u011funu fark etti\u011fini, \u00e7\u0131kan tart\u0131\u015fmada Nazl\u0131er&#8217;in kendisini aynaya itti\u011fini, ard\u0131ndan ya\u015fanan bo\u011fu\u015fma s\u0131ras\u0131nda \u00f6l\u00fcm\u00fcn ger\u00e7ekle\u015fti\u011fini \u00f6ne s\u00fcrd\u00fc\u011f\u00fc \u00f6\u011frenildi. \u00dc\u00e7 \u015f\u00fcpheli, kontrollerin ard\u0131ndan adliyeye sevk edildi.<\/p>\n<p>N\u00f6bet\u00e7i mahkemeye \u00e7\u0131kar\u0131lan \u015f\u00fcphelilerden Arif \u00d6mer El H\u00fcseyin, tutuklanarak cezaevine g\u00f6nderildi. Di\u011fer iki \u015f\u00fcpheli H.\u0130. ve H.H. ise mahkeme karar\u0131yla serbest b\u0131rak\u0131ld\u0131. &#8211; ANTALYA<\/p>\n<\/div>\n<\/div>\n<\/div>\n","protected":false},"excerpt":{"rendered":"<p>Trans birey Nida Nazl\u0131er&#8217;in \u00f6ld\u00fcr\u00fclmesiyle ilgili \u00fc\u00e7 \u015f\u00fcpheliden biri tutukland\u0131, di\u011ferleri serbest. Antalya&#8217;da trans birey Nida Nazl\u0131er&#8217;in \u00f6ld\u00fcr\u00fclmesine ili\u015fkin y\u00fcr\u00fct\u00fclen soru\u015fturma kapsam\u0131nda mahkemeye sevk edilen \u00fc\u00e7 \u015f\u00fcpheliden, yabanc\u0131 uyruklu \u015f\u00fcpheli tutukland\u0131. Nazl\u0131er&#8217;le ayn\u0131 evde ya\u015fayan H.\u0130. ile son g\u00f6r\u00fc\u015ft\u00fc\u011f\u00fc ki\u015filerden H.H. ise serbest b\u0131rak\u0131ld\u0131. Antalya&#8217;n\u0131n\u00a0Muratpa\u015fa\u00a0il\u00e7esi Zerdalilik Mahallesi Cebesoy Caddesi&#8217;nde bulunan 4 katl\u0131 apartman\u0131n birinci kat\u0131nda [&hellip;]<\/p>\n","protected":false},"author":1,"featured_media":2950,"comment_status":"closed","ping_status":"closed","sticky":false,"template":"","format":"standard","meta":{"footnotes":""},"categories":[7,39],"tags":[104,60,175,148,332],"class_list":["post-2949","post","type-post","status-publish","format-standard","has-post-thumbnail","hentry","category-gundem","category-haber","tag-antalya","tag-cinayet","tag-guvenlik","tag-hukuk","tag-politika"],"_links":{"self":[{"href":"https:\/\/avukatimtv.com\/index.php\/wp-json\/wp\/v2\/posts\/2949","targetHints":{"allow":["GET"]}}],"collection":[{"href":"https:\/\/avukatimtv.com\/index.php\/wp-json\/wp\/v2\/posts"}],"about":[{"href":"https:\/\/avukatimtv.com\/index.php\/wp-json\/wp\/v2\/types\/post"}],"author":[{"embeddable":true,"href":"https:\/\/avukatimtv.com\/index.php\/wp-json\/wp\/v2\/users\/1"}],"replies":[{"embeddable":true,"href":"https:\/\/avukatimtv.com\/index.php\/wp-json\/wp\/v2\/comments?post=2949"}],"version-history":[{"count":1,"href":"https:\/\/avukatimtv.com\/index.php\/wp-json\/wp\/v2\/posts\/2949\/revisions"}],"predecessor-version":[{"id":2951,"href":"https:\/\/avukatimtv.com\/index.php\/wp-json\/wp\/v2\/posts\/2949\/revisions\/2951"}],"wp:featuredmedia":[{"embeddable":true,"href":"https:\/\/avukatimtv.com\/index.php\/wp-json\/wp\/v2\/media\/2950"}],"wp:attachment":[{"href":"https:\/\/avukatimtv.com\/index.php\/wp-json\/wp\/v2\/media?parent=2949"}],"wp:term":[{"taxonomy":"category","embeddable":true,"href":"https:\/\/avukatimtv.com\/index.php\/wp-json\/wp\/v2\/categories?post=2949"},{"taxonomy":"post_tag","embeddable":true,"href":"https:\/\/avukatimtv.com\/index.php\/wp-json\/wp\/v2\/tags?post=2949"}],"curies":[{"name":"wp","href":"https:\/\/api.w.org\/{rel}","templated":true}]}}