{"id":2952,"date":"2025-08-04T19:10:59","date_gmt":"2025-08-04T16:10:59","guid":{"rendered":"https:\/\/avukatimtv.com\/?p=2952"},"modified":"2025-08-04T19:10:59","modified_gmt":"2025-08-04T16:10:59","slug":"15-yasindaki-kiz-kadini-bogarak-oldurdu","status":"publish","type":"post","link":"https:\/\/avukatimtv.com\/index.php\/2025\/08\/04\/15-yasindaki-kiz-kadini-bogarak-oldurdu\/","title":{"rendered":"15 Ya\u015f\u0131ndaki K\u0131z, Kad\u0131n\u0131 Bo\u011farak \u00d6ld\u00fcrd\u00fc"},"content":{"rendered":"<h2 id=\"spot\" class=\"mt10 haber_ozet\">Ankara&#8217;da alkol ve uyu\u015fturucu etkisinde 15 ya\u015f\u0131ndaki \u00e7ocuk, Karsu Ayg\u00fcn&#8217;\u00fc bo\u011farak \u00f6ld\u00fcrd\u00fc.<\/h2>\n<div class=\"news-detail-container\">\n<div class=\"left-block\">\n<div class=\"wrapper detay-v3_3 haber_metni\">\n<p>Ankara&#8217;da, uyu\u015fturucu ve alkol etkisi alt\u0131nda oldu\u011fu iddia elen 15 ya\u015f\u0131ndaki k\u0131z \u00e7ocu\u011fu taraf\u0131ndan bo\u011fularak \u00f6ld\u00fcr\u00fcld\u00fc\u011f\u00fc \u00f6ne s\u00fcr\u00fclen kad\u0131n son yolculu\u011funa u\u011furland\u0131.<\/p>\n<p>Olay,\u00a0\u00c7ankaya&#8217;daki bir apartman dairesinde meydana geldi. Al\u0131nan bilgilere g\u00f6re, Tu\u011f\u00e7e D.&#8217;nin (24) bir yak\u0131n\u0131n\u0131n k\u0131z karde\u015fi olan 15 ya\u015f\u0131ndaki \u00e7ocuk ile\u00a0Karsu\u00a0Ayg\u00fcn (26) aras\u0131nda bilinmeyen bir nedenle tart\u0131\u015fma \u00e7\u0131kt\u0131. Tart\u0131\u015fman\u0131n alevlenmesi \u00fczerine alkol ve uyu\u015fturucu madde etkisinde oldu\u011fu \u00f6ne s\u00fcr\u00fclen \u00e7ocuk, Ayg\u00fcn&#8217;\u00fc yast\u0131kla bo\u011farak \u00f6ld\u00fcrd\u00fc. Olay\u0131n ard\u0131ndan durumu polise ihbar eden Tu\u011f\u00e7e D. ile 15 ya\u015f\u0131ndaki su\u00e7a s\u00fcr\u00fcklenen \u00e7ocuk g\u00f6zalt\u0131na al\u0131nmalar\u0131n\u0131n ard\u0131ndan \u00e7\u0131kar\u0131ld\u0131klar\u0131 mahkemece tutuklanarak cezaevine g\u00f6nderdi. Olay yerinde hayat\u0131n\u0131 kaybetti\u011fi belirlenen Ayg\u00fcn&#8217;\u00fcn cenazesi ise olay yeri ekiplerinin incelemelerinin ard\u0131ndan otopsi i\u00e7in Adli T\u0131p Kurumuna getirildi.<\/p>\n<p>Hayat\u0131n\u0131 kaybeden Ayg\u00fcn&#8217;\u00fcn cenazesi Adli T\u0131p Kurumundaki i\u015flemlerin ard\u0131ndan ailesine teslim edildi. Gen\u00e7 kad\u0131n i\u00e7in Sincan Cim\u015fit Mezarl\u0131\u011f\u0131nda \u00f6\u011fle namaz\u0131n\u0131 m\u00fcteakip cenaze namaz\u0131 k\u0131l\u0131nd\u0131. Cenazede Ayg\u00fcn&#8217;\u00fcn ailesi ve yak\u0131nlar\u0131 yer ald\u0131. Gen\u00e7 kad\u0131n\u0131n naa\u015f\u0131 namaz\u0131n ard\u0131ndan g\u00f6zya\u015flar\u0131 aras\u0131nda topra\u011fa verildi. &#8211; ANKARA<\/p>\n<\/div>\n<\/div>\n<\/div>\n","protected":false},"excerpt":{"rendered":"<p>Ankara&#8217;da alkol ve uyu\u015fturucu etkisinde 15 ya\u015f\u0131ndaki \u00e7ocuk, Karsu Ayg\u00fcn&#8217;\u00fc bo\u011farak \u00f6ld\u00fcrd\u00fc. Ankara&#8217;da, uyu\u015fturucu ve alkol etkisi alt\u0131nda oldu\u011fu iddia elen 15 ya\u015f\u0131ndaki k\u0131z \u00e7ocu\u011fu taraf\u0131ndan bo\u011fularak \u00f6ld\u00fcr\u00fcld\u00fc\u011f\u00fc \u00f6ne s\u00fcr\u00fclen kad\u0131n son yolculu\u011funa u\u011furland\u0131. Olay,\u00a0\u00c7ankaya&#8217;daki bir apartman dairesinde meydana geldi. Al\u0131nan bilgilere g\u00f6re, Tu\u011f\u00e7e D.&#8217;nin (24) bir yak\u0131n\u0131n\u0131n k\u0131z karde\u015fi olan 15 ya\u015f\u0131ndaki \u00e7ocuk ile\u00a0Karsu\u00a0Ayg\u00fcn [&hellip;]<\/p>\n","protected":false},"author":1,"featured_media":2953,"comment_status":"closed","ping_status":"closed","sticky":false,"template":"","format":"standard","meta":{"footnotes":""},"categories":[7,39],"tags":[261,60,164,71,45,510,332],"class_list":["post-2952","post","type-post","status-publish","format-standard","has-post-thumbnail","hentry","category-gundem","category-haber","tag-ankara","tag-cinayet","tag-cocuk","tag-suc","tag-uyusturucu","tag-karsu","tag-politika"],"_links":{"self":[{"href":"https:\/\/avukatimtv.com\/index.php\/wp-json\/wp\/v2\/posts\/2952","targetHints":{"allow":["GET"]}}],"collection":[{"href":"https:\/\/avukatimtv.com\/index.php\/wp-json\/wp\/v2\/posts"}],"about":[{"href":"https:\/\/avukatimtv.com\/index.php\/wp-json\/wp\/v2\/types\/post"}],"author":[{"embeddable":true,"href":"https:\/\/avukatimtv.com\/index.php\/wp-json\/wp\/v2\/users\/1"}],"replies":[{"embeddable":true,"href":"https:\/\/avukatimtv.com\/index.php\/wp-json\/wp\/v2\/comments?post=2952"}],"version-history":[{"count":1,"href":"https:\/\/avukatimtv.com\/index.php\/wp-json\/wp\/v2\/posts\/2952\/revisions"}],"predecessor-version":[{"id":2954,"href":"https:\/\/avukatimtv.com\/index.php\/wp-json\/wp\/v2\/posts\/2952\/revisions\/2954"}],"wp:featuredmedia":[{"embeddable":true,"href":"https:\/\/avukatimtv.com\/index.php\/wp-json\/wp\/v2\/media\/2953"}],"wp:attachment":[{"href":"https:\/\/avukatimtv.com\/index.php\/wp-json\/wp\/v2\/media?parent=2952"}],"wp:term":[{"taxonomy":"category","embeddable":true,"href":"https:\/\/avukatimtv.com\/index.php\/wp-json\/wp\/v2\/categories?post=2952"},{"taxonomy":"post_tag","embeddable":true,"href":"https:\/\/avukatimtv.com\/index.php\/wp-json\/wp\/v2\/tags?post=2952"}],"curies":[{"name":"wp","href":"https:\/\/api.w.org\/{rel}","templated":true}]}}