{"id":2955,"date":"2025-08-05T18:53:46","date_gmt":"2025-08-05T15:53:46","guid":{"rendered":"https:\/\/avukatimtv.com\/?p=2955"},"modified":"2025-08-05T18:53:46","modified_gmt":"2025-08-05T15:53:46","slug":"firari-cinayet-zanlisi-izmirde-yakalandi","status":"publish","type":"post","link":"https:\/\/avukatimtv.com\/index.php\/2025\/08\/05\/firari-cinayet-zanlisi-izmirde-yakalandi\/","title":{"rendered":"Firari Cinayet Zanl\u0131s\u0131 \u0130zmir&#8217;de Yakaland\u0131"},"content":{"rendered":"<h2 id=\"spot\" class=\"mt10 haber_ozet\">\u0130zmir \u00c7i\u011fli&#8217;de 18 y\u0131l hapis cezas\u0131 bulunan firari cinayet zanl\u0131s\u0131 A.A. yakaland\u0131 ve tutukland\u0131.<\/h2>\n<div class=\"news-detail-container\">\n<div class=\"left-block\">\n<div class=\"wrapper detay-v3_3 haber_metni\">\n<p>\u0130zmir&#8217;in\u00a0\u00c7i\u011fli\u00a0il\u00e7esinde hakk\u0131nda 18 y\u0131l kesinle\u015fmi\u015f hapis cezas\u0131 bulunan firari cinayet zanl\u0131s\u0131, polis ekiplerince yakalan\u0131p cezaevine g\u00f6nderildi.<\/p>\n<p>\u0130l Emniyet M\u00fcd\u00fcrl\u00fc\u011f\u00fcne ba\u011fl\u0131\u00a0Asayi\u015f \u015eube M\u00fcd\u00fcrl\u00fc\u011f\u00fc\u00a0ekiplerince aranan \u015fah\u0131slar\u0131n yakalanmas\u0131na y\u00f6nelik \u00e7al\u0131\u015fmalar h\u0131z kesmeden devam ediyor. Motosikletli\u00a0Polis\u00a0Timler Amirli\u011fi ekiplerince \u00c7i\u011fli il\u00e7esinde A.A. (29) isimli \u015fahs\u0131n yap\u0131lan sorgusunda &#8220;Kasten \u00f6ld\u00fcrme ve h\u00fck\u00fcml\u00fcn\u00fcn ka\u00e7mas\u0131&#8221; su\u00e7lar\u0131ndan 18 y\u0131l 2 ay 10 g\u00fcn kesinle\u015fmi\u015f hapis cezas\u0131 arand\u0131\u011f\u0131 tespit edildi. Firari cinayet zanl\u0131s\u0131 A.A. emniyetteki i\u015flemlerinin ard\u0131ndan sevk edildi\u011fi adli mercilerce tutuklanarak cezaevine g\u00f6nderildi. &#8211; \u0130ZM\u0130R<\/p>\n<\/div>\n<\/div>\n<\/div>\n","protected":false},"excerpt":{"rendered":"<p>\u0130zmir \u00c7i\u011fli&#8217;de 18 y\u0131l hapis cezas\u0131 bulunan firari cinayet zanl\u0131s\u0131 A.A. yakaland\u0131 ve tutukland\u0131. \u0130zmir&#8217;in\u00a0\u00c7i\u011fli\u00a0il\u00e7esinde hakk\u0131nda 18 y\u0131l kesinle\u015fmi\u015f hapis cezas\u0131 bulunan firari cinayet zanl\u0131s\u0131, polis ekiplerince yakalan\u0131p cezaevine g\u00f6nderildi. \u0130l Emniyet M\u00fcd\u00fcrl\u00fc\u011f\u00fcne ba\u011fl\u0131\u00a0Asayi\u015f \u015eube M\u00fcd\u00fcrl\u00fc\u011f\u00fc\u00a0ekiplerince aranan \u015fah\u0131slar\u0131n yakalanmas\u0131na y\u00f6nelik \u00e7al\u0131\u015fmalar h\u0131z kesmeden devam ediyor. Motosikletli\u00a0Polis\u00a0Timler Amirli\u011fi ekiplerince \u00c7i\u011fli il\u00e7esinde A.A. (29) isimli \u015fahs\u0131n yap\u0131lan [&hellip;]<\/p>\n","protected":false},"author":1,"featured_media":2956,"comment_status":"closed","ping_status":"closed","sticky":false,"template":"","format":"standard","meta":{"footnotes":""},"categories":[7,39],"tags":[60,175,148,224,49,376,332],"class_list":["post-2955","post","type-post","status-publish","format-standard","has-post-thumbnail","hentry","category-gundem","category-haber","tag-cinayet","tag-guvenlik","tag-hukuk","tag-izmir","tag-polis","tag-cigli","tag-politika"],"_links":{"self":[{"href":"https:\/\/avukatimtv.com\/index.php\/wp-json\/wp\/v2\/posts\/2955","targetHints":{"allow":["GET"]}}],"collection":[{"href":"https:\/\/avukatimtv.com\/index.php\/wp-json\/wp\/v2\/posts"}],"about":[{"href":"https:\/\/avukatimtv.com\/index.php\/wp-json\/wp\/v2\/types\/post"}],"author":[{"embeddable":true,"href":"https:\/\/avukatimtv.com\/index.php\/wp-json\/wp\/v2\/users\/1"}],"replies":[{"embeddable":true,"href":"https:\/\/avukatimtv.com\/index.php\/wp-json\/wp\/v2\/comments?post=2955"}],"version-history":[{"count":1,"href":"https:\/\/avukatimtv.com\/index.php\/wp-json\/wp\/v2\/posts\/2955\/revisions"}],"predecessor-version":[{"id":2957,"href":"https:\/\/avukatimtv.com\/index.php\/wp-json\/wp\/v2\/posts\/2955\/revisions\/2957"}],"wp:featuredmedia":[{"embeddable":true,"href":"https:\/\/avukatimtv.com\/index.php\/wp-json\/wp\/v2\/media\/2956"}],"wp:attachment":[{"href":"https:\/\/avukatimtv.com\/index.php\/wp-json\/wp\/v2\/media?parent=2955"}],"wp:term":[{"taxonomy":"category","embeddable":true,"href":"https:\/\/avukatimtv.com\/index.php\/wp-json\/wp\/v2\/categories?post=2955"},{"taxonomy":"post_tag","embeddable":true,"href":"https:\/\/avukatimtv.com\/index.php\/wp-json\/wp\/v2\/tags?post=2955"}],"curies":[{"name":"wp","href":"https:\/\/api.w.org\/{rel}","templated":true}]}}