{"id":2958,"date":"2025-08-05T19:01:04","date_gmt":"2025-08-05T16:01:04","guid":{"rendered":"https:\/\/avukatimtv.com\/?p=2958"},"modified":"2025-08-05T19:01:04","modified_gmt":"2025-08-05T16:01:04","slug":"edirnede-aile-katliami","status":"publish","type":"post","link":"https:\/\/avukatimtv.com\/index.php\/2025\/08\/05\/edirnede-aile-katliami\/","title":{"rendered":"Edirne&#8217;de Aile Katliam\u0131"},"content":{"rendered":"<h2 id=\"spot\" class=\"mt10 haber_ozet\">Edirne&#8217;de bir adam, e\u015fini ve 11 ya\u015f\u0131ndaki o\u011flunu \u00f6ld\u00fcrd\u00fckten sonra intihar giri\u015fiminde bulundu.<\/h2>\n<div class=\"news-detail-container\">\n<div class=\"left-block\">\n<div class=\"wrapper detay-v3_3 haber_metni\">\n<p>Edirne&#8217;de 11 ya\u015f\u0131ndaki \u00e7ocu\u011fu ile e\u015fini \u00f6ld\u00fcren \u015f\u00fcphelinin, telefonla arayanlara &#8216;uyuyorlar, uyanmad\u0131lar&#8217; cevab\u0131 verdi\u011fi iddia edildi.<\/p>\n<p>Edinilen bilgiye g\u00f6re, Edirne&#8217;yi derinden sarsan olay d\u00fcn\u00a0Cumhuriyet Mahallesi&#8217;nde ya\u015fand\u0131. Ailesiyle ayn\u0131 apartmanda ya\u015fayan \u00d6.G.A. (41), e\u015fi Didem \u00d6rs Alac\u0131 (38) ile 11 ya\u015f\u0131ndaki o\u011fullar\u0131 Doruk Kaan Alac\u0131&#8217;y\u0131 bo\u011farak \u00f6ld\u00fcrd\u00fckten sonra b\u0131\u00e7akla kendini yaralayarak intihara kalk\u0131\u015ft\u0131. Aileden haber alamayan yak\u0131nlar\u0131n\u0131n ihbar\u0131 \u00fczerine ya\u015fad\u0131klar\u0131 eve itfaiye, polis ve ambulans ekibi sevk edildi.\u00a0\u0130tfaiye\u00a0ekiplerinin kap\u0131y\u0131 k\u0131rmas\u0131yla eve giren polis ve sa\u011fl\u0131k ekipleri, anne ve o\u011flunun cans\u0131z bedenleriyle kar\u015f\u0131la\u015ft\u0131. A\u011f\u0131r yaral\u0131 \u00d6.G.A. ise ambulansla hastaneye kald\u0131r\u0131larak tedaviye al\u0131nd\u0131. Olay yerinde yap\u0131lan incelemenin ard\u0131ndan anne ile o\u011flunun cans\u0131z bedenleri otopsi i\u00e7in\u00a0Trakya \u00dcniversitesi\u00a0T\u0131p Fak\u00fcltesi Hastanesi morguna kald\u0131r\u0131ld\u0131.<\/p>\n<p>Telefonla arayanlara &#8216;uyuyorlar, uyanmad\u0131lar&#8217; demi\u015f<\/p>\n<p>Didem&#8217;in aile yak\u0131nlar\u0131yla kahvalt\u0131 plan\u0131 yapt\u0131\u011f\u0131 ancak kahvalt\u0131ya gitmemesi \u00fczerine ac\u0131 olay\u0131n ortaya \u00e7\u0131kt\u0131\u011f\u0131 belirlendi. \u0130ddialara g\u00f6re; Didem, aile yak\u0131nlar\u0131yla sabah kahvalt\u0131da bir araya gelmek i\u00e7in plan yapt\u0131. Saatler ilerlemesine ra\u011fmen Didem&#8217;in kahvalt\u0131ya gelmemesinden endi\u015felenen yak\u0131nlar\u0131, Didem&#8217;i telefonla arayarak neden gecikti\u011fini sormak istedi. Didem&#8217;in telefonunu a\u00e7an cinayet \u015f\u00fcphelisi \u00d6.G.A. &#8216;Didem ve Doruk&#8217;un hen\u00fcz uyanmad\u0131klar\u0131n\u0131&#8217; s\u00f6yleyerek, telefonu kapatt\u0131. Didem&#8217;den g\u00fcn i\u00e7inde haber alamayan yak\u0131nlar\u0131n\u0131n 112 Acil \u00c7a\u011fr\u0131 Merkezi&#8217;ne ihbarda bulunmas\u0131 \u00fczerine olay yerine giden ekipler, aile katliam\u0131yla kar\u015f\u0131la\u015ft\u0131.<\/p>\n<p>Savc\u0131l\u0131k olayla ilgili soru\u015fturma ba\u015flatt\u0131. &#8211; ED\u0130RNE<\/p>\n<\/div>\n<\/div>\n<\/div>\n","protected":false},"excerpt":{"rendered":"<p>Edirne&#8217;de bir adam, e\u015fini ve 11 ya\u015f\u0131ndaki o\u011flunu \u00f6ld\u00fcrd\u00fckten sonra intihar giri\u015fiminde bulundu. Edirne&#8217;de 11 ya\u015f\u0131ndaki \u00e7ocu\u011fu ile e\u015fini \u00f6ld\u00fcren \u015f\u00fcphelinin, telefonla arayanlara &#8216;uyuyorlar, uyanmad\u0131lar&#8217; cevab\u0131 verdi\u011fi iddia edildi. Edinilen bilgiye g\u00f6re, Edirne&#8217;yi derinden sarsan olay d\u00fcn\u00a0Cumhuriyet Mahallesi&#8217;nde ya\u015fand\u0131. Ailesiyle ayn\u0131 apartmanda ya\u015fayan \u00d6.G.A. (41), e\u015fi Didem \u00d6rs Alac\u0131 (38) ile 11 ya\u015f\u0131ndaki o\u011fullar\u0131 Doruk [&hellip;]<\/p>\n","protected":false},"author":1,"featured_media":2959,"comment_status":"closed","ping_status":"closed","sticky":false,"template":"","format":"standard","meta":{"footnotes":""},"categories":[7,39],"tags":[60,175,148,368,455,332,331],"class_list":["post-2958","post","type-post","status-publish","format-standard","has-post-thumbnail","hentry","category-gundem","category-haber","tag-cinayet","tag-guvenlik","tag-hukuk","tag-aile-ici-siddet","tag-edirne","tag-politika","tag-yerel-haberler"],"_links":{"self":[{"href":"https:\/\/avukatimtv.com\/index.php\/wp-json\/wp\/v2\/posts\/2958","targetHints":{"allow":["GET"]}}],"collection":[{"href":"https:\/\/avukatimtv.com\/index.php\/wp-json\/wp\/v2\/posts"}],"about":[{"href":"https:\/\/avukatimtv.com\/index.php\/wp-json\/wp\/v2\/types\/post"}],"author":[{"embeddable":true,"href":"https:\/\/avukatimtv.com\/index.php\/wp-json\/wp\/v2\/users\/1"}],"replies":[{"embeddable":true,"href":"https:\/\/avukatimtv.com\/index.php\/wp-json\/wp\/v2\/comments?post=2958"}],"version-history":[{"count":1,"href":"https:\/\/avukatimtv.com\/index.php\/wp-json\/wp\/v2\/posts\/2958\/revisions"}],"predecessor-version":[{"id":2960,"href":"https:\/\/avukatimtv.com\/index.php\/wp-json\/wp\/v2\/posts\/2958\/revisions\/2960"}],"wp:featuredmedia":[{"embeddable":true,"href":"https:\/\/avukatimtv.com\/index.php\/wp-json\/wp\/v2\/media\/2959"}],"wp:attachment":[{"href":"https:\/\/avukatimtv.com\/index.php\/wp-json\/wp\/v2\/media?parent=2958"}],"wp:term":[{"taxonomy":"category","embeddable":true,"href":"https:\/\/avukatimtv.com\/index.php\/wp-json\/wp\/v2\/categories?post=2958"},{"taxonomy":"post_tag","embeddable":true,"href":"https:\/\/avukatimtv.com\/index.php\/wp-json\/wp\/v2\/tags?post=2958"}],"curies":[{"name":"wp","href":"https:\/\/api.w.org\/{rel}","templated":true}]}}