{"id":2962,"date":"2025-08-12T18:54:44","date_gmt":"2025-08-12T15:54:44","guid":{"rendered":"https:\/\/avukatimtv.com\/?p=2962"},"modified":"2025-08-12T18:54:44","modified_gmt":"2025-08-12T15:54:44","slug":"babasinin-cesedini-bidonla-copluge-atan-evlattan-kan-donduran-sozler","status":"publish","type":"post","link":"https:\/\/avukatimtv.com\/index.php\/2025\/08\/12\/babasinin-cesedini-bidonla-copluge-atan-evlattan-kan-donduran-sozler\/","title":{"rendered":"Babas\u0131n\u0131n cesedini bidonla \u00e7\u00f6pl\u00fc\u011fe atan evlattan kan donduran s\u00f6zler"},"content":{"rendered":"<h2 id=\"spot\" class=\"mt10 haber_ozet\">Mersin&#8217;de &#8216;profes\u00f6r&#8217; olarak an\u0131lan emekli \u00f6\u011fretim g\u00f6revlisi Selahattin Doludeniz&#8217;in cenazesini plastik bidona koyup \u00e7\u00f6pl\u00fc\u011fe atan o\u011flu hakk\u0131nda iddianame haz\u0131rland\u0131. Kendisine k\u00f6t\u00fc davrand\u0131\u011f\u0131 gerek\u00e7esiyle &#8216;topra\u011f\u0131 hak etmiyor&#8217; diyerek babas\u0131n\u0131 bidona koydu\u011funu itiraf eden evlad\u0131n, kan donduran olay\u0131 ger\u00e7ekle\u015ftirdikten sonra do\u011fum g\u00fcn\u00fc kutlamalar\u0131na ve pikni\u011fe gitti\u011fi belirlendi.<\/h2>\n<div class=\"news-detail-container\">\n<div class=\"left-block\">\n<div class=\"wrapper detay-v3_3 haber_metni\">\n<p>Kan donduran olay,\u00a0Bozyaz\u0131\u00a0il\u00e7esi Ustalar Mahallesi&#8217;ndeki \u00e7\u00f6p d\u00f6kme alan\u0131nda14\u00a0Eyl\u00fcl\u00a02024 tarihinde bidon i\u00e7erisinde bulunan erkek cesedinin bulunmas\u0131yla ortaya \u00e7\u0131kt\u0131.<\/p>\n<p>Konya Sel\u00e7uk \u00dcniversitesi&#8217;nden emekli \u00f6\u011fretim g\u00f6revlisi oldu\u011fu i\u00e7in \u00e7evresinde &#8216;profes\u00f6r&#8217; olarak an\u0131lan Selahattin Doludeniz&#8217;in cesedi, \u00e7\u00f6p d\u00f6kme alan\u0131nda i\u015f\u00e7iler taraf\u0131ndan plastik bidon i\u00e7erisinde \u00e7\u0131plak ve ayaklar\u0131 ba\u011flanm\u0131\u015f halde bulunmu\u015ftu. Olayla ilgili\u00a0Anamur\u00a0Cumhuriyet Ba\u015fsavc\u0131l\u0131\u011f\u0131\u00a0taraf\u0131ndan ba\u015flat\u0131lan soru\u015fturma \u00e7er\u00e7evesinde polisin yapt\u0131\u011f\u0131 \u00e7al\u0131\u015fmada, Anamur il\u00e7esi \u0130skele Mahallesi&#8217;nde evden cesedi bidona koyarak ticari taksi ile Bozyaz\u0131 \u00e7\u00f6pl\u00fc\u011f\u00fcne getirdi\u011fi ortaya \u00e7\u0131kan o\u011flu Orkun Doludeniz (34) yakalan\u0131p tutuklanm\u0131\u015ft\u0131.<\/p>\n<h3>KES\u0130N \u00d6L\u00dcM NEDEN\u0130 BEL\u0130RLENEMED\u0130<\/h3>\n<p>Olayla ilgili t\u00fcm deliller toplan\u0131rken, Adli T\u0131p Kurumundan otopsi sonu\u00e7 raporunun da gelmesiyle iddianame haz\u0131rland\u0131. Raporda, ileri derece meydana gelen \u00e7\u00fcr\u00fcme nedeniyle yumu\u015fak dokularda ayr\u0131nt\u0131l\u0131 travmatik de\u011fi\u015fim analizi, i\u00e7 organlarda ayr\u0131nt\u0131l\u0131 makroskopik inceleme yap\u0131lamad\u0131\u011f\u0131, kan ve idrar al\u0131namad\u0131\u011f\u0131 i\u00e7in kesin \u00f6l\u00fcm nedeninin belirlenemedi\u011fine vurgu yap\u0131ld\u0131.<\/p>\n<\/div>\n<p><img decoding=\"async\" src=\"https:\/\/foto.sondakika.com\/haber\/2025\/08\/12\/babasinin-cesedini-bidonla-copluge-atan-evlattan-18938441_7727_m.jpg\" alt=\"Babas\u0131n\u0131n cesedini bidonla \u00e7\u00f6pl\u00fc\u011fe atan evlattan kan donduran s\u00f6zler\" \/><\/p>\n<\/div>\n<h3>&#8216;TOPRA\u011eI HAK ETM\u0130YOR&#8217; D\u0130YEREK AYA\u011eINI BA\u011eLAYIP B\u0130DONA KOYMU\u015e<\/h3>\n<p>\u0130ddianamede 77 ya\u015f\u0131ndaki Selahattin Doludeniz&#8217;in destekle y\u00fcr\u00fcyebildi\u011fi ve kendi ihtiya\u00e7lar\u0131n\u0131 g\u00f6rmeyecek durumda bulundu\u011funa dikkat \u00e7ekilerek o\u011flu Orkun&#8217;un bakma ve koruma y\u00fck\u00fcml\u00fcl\u00fc\u011f\u00fc oldu\u011fu, buna ra\u011fmen 28 A\u011fustos&#8217;ta tart\u0131\u015ft\u0131\u011f\u0131n\u0131 ileri s\u00fcrd\u00fc\u011f\u00fc babas\u0131n\u0131 evde yaln\u0131z b\u0131rakarak \u00f6l\u00fcme terk etti\u011fine yer verildi. \u0130ddianamenin devam\u0131nda, &#8220;\u015e\u00fcpheli, babas\u0131n\u0131n tek ba\u015f\u0131na hayat\u0131n\u0131 devam ettiremeyecek durumda oldu\u011funu bilmesine ra\u011fmen o \u015fekilde b\u0131rak\u0131p evden ayr\u0131lm\u0131\u015ft\u0131r. Sonras\u0131nda \u00f6l\u00fc olup olmad\u0131\u011f\u0131n\u0131 tespit etmedi\u011fi, \u00f6lm\u00fc\u015f oldu\u011funu de\u011ferlendirerek t\u0131bb\u0131 m\u00fcdahale ile kurtar\u0131labilecek durumdaki babas\u0131na yard\u0131m \u00e7a\u011f\u0131rmayarak \u00f6l\u00fcm neticesine do\u011frudan katk\u0131da bulunmu\u015ftur&#8221; denilirken, \u015f\u00fcphelinin ifadesinde, 10 g\u00fcn eve gelmedi\u011fini, cesedi g\u00f6t\u00fcrmeden 3 g\u00fcn \u00f6nce kom\u015fular\u0131n\u0131n &#8216;koku geliyor&#8217; diye aramas\u0131 \u00fczerine eve gitti\u011fini, babas\u0131n\u0131 yerde hareketsiz g\u00f6rd\u00fc\u011f\u00fcn\u00fc, daha sonra giderek temizlik malzemeleri ve bidon ald\u0131\u011f\u0131n\u0131, kendisine k\u00f6t\u00fc davrand\u0131\u011f\u0131 gerek\u00e7esiyle &#8216;topra\u011f\u0131 hak etmiyor&#8217; diyerek aya\u011f\u0131n\u0131 ba\u011flay\u0131p bidona koydu\u011funu s\u00f6yledi\u011fi y\u00f6n\u00fcndeki itiraflar\u0131na da yer verildi.<\/p>\n<\/div>\n<p><img decoding=\"async\" src=\"https:\/\/foto.sondakika.com\/haber\/2025\/08\/12\/babasinin-cesedini-bidonla-copluge-atmisti-3-18938441_o.jpg\" alt=\"Babas\u0131n\u0131n cesedini bidonla \u00e7\u00f6pl\u00fc\u011fe atan evlattan kan donduran s\u00f6zler\" \/><\/p>\n<p>&nbsp;<\/p>\n<h3>CESED\u0130 B\u0130DONA KOYUP DO\u011eUM G\u00dcN\u00dc PART\u0130S\u0130 YAPMI\u015e<\/h3>\n<p>\u0130ddianamede, \u015f\u00fcphelinin babas\u0131n\u0131 bidona koyduktan sonra ayn\u0131 g\u00fcn bir mekanda kendi do\u011fum g\u00fcn\u00fcn\u00fc kutlad\u0131\u011f\u0131, ertesi g\u00fcn bir ba\u015fka arkada\u015f\u0131n\u0131n do\u011fum g\u00fcn\u00fc partisine kat\u0131ld\u0131\u011f\u0131, daha sonraki g\u00fcn ise pikni\u011fe gitti\u011fine yer verildi. \u0130ddianamenin devam\u0131nda kom\u015fusunun tekrar k\u00f6t\u00fc kokular gelmesi \u00fczerine kendisini aramas\u0131 nedeniyle eve gitti\u011fini ve \u00e7a\u011f\u0131rd\u0131\u011f\u0131 taksi ile babas\u0131n\u0131n cesedinin bulundu\u011fu bidonu &#8216;i\u00e7inde kimyasal maddeler var&#8217; diyerek \u00e7\u00f6pl\u00fc\u011fe g\u00f6t\u00fcr\u00fcp b\u0131rakt\u0131\u011f\u0131na at\u0131f yap\u0131ld\u0131.<\/p>\n<p>&nbsp;<\/p>\n<p><img decoding=\"async\" src=\"https:\/\/foto.sondakika.com\/haber\/2025\/08\/12\/babasinin-cesedini-bidonla-copluge-atmisti-2-18938441_o.jpg\" alt=\"Babas\u0131n\u0131n cesedini bidonla \u00e7\u00f6pl\u00fc\u011fe atan evlattan kan donduran s\u00f6zler\" \/><\/p>\n<h3>25 YILA KADAR HAP\u0130S CEZASI \u0130STEN\u0130LD\u0130<\/h3>\n<p>\u015e\u00fcphelinin T\u00fcrk Ceza Kanunu&#8217;nun 83\/1 maddesi gere\u011fince, &#8216;ihmali davran\u0131\u015fla kasten \u00f6ld\u00fcrme&#8217; su\u00e7undan 25 y\u0131la kadar hapis cezas\u0131yla cezaland\u0131r\u0131lmas\u0131 istenilen iddianamenin sonunda, &#8220;\u015e\u00fcpheli ile maktul\u00fcn aras\u0131ndaki \u00fcstsoy-altsoy ili\u015fiklisi, T\u00fcrk Medeni Kanununun 364. Maddesi uyar\u0131nca \u015f\u00fcpheliye babas\u0131n\u0131n bak\u0131m ve g\u00f6zetiminin sa\u011flama y\u00fck\u00fcml\u00fcl\u00fc\u011f\u00fc getirmekte. Bu kapsamda \u015f\u00fcpheli hayat\u0131 tehdit eden durumu fark etti\u011finde gerekli sa\u011fl\u0131k ve kolluk birimlerine haber vermekle y\u00fck\u00fcml\u00fcd\u00fcr. \u015e\u00fcphelinin bak\u0131ma muhta\u00e7 babas\u0131n\u0131 \u00f6nce evde tek b\u0131rakarak sonra da eve gitti\u011finde yerde bilin\u00e7siz ve a\u011f\u0131r bak\u0131ms\u0131z halde buldu\u011fu halde m\u00fcdahalede bulunmay\u0131p sa\u011fl\u0131k kurulu\u015flar\u0131na bildirmemesi, bu hukuki sorumlulu\u011fun a\u00e7\u0131k ihlalidir. B\u00f6ylece \u015f\u00fcphelinin ihmali davran\u0131\u015f\u0131 maktul\u00fcn \u00f6l\u00fcm\u00fcne sebebiyet verdi\u011finin kabul\u00fc gerekmektedir. \u015e\u00fcphelinin olay\u0131n ilk g\u00fcnlerinde cesedi evde tutarak mevsim s\u0131cakl\u0131klar\u0131 da dikkate al\u0131nd\u0131\u011f\u0131nda cesedin bozulmas\u0131na sebebiyet vermi\u015f ve belli bir s\u00fcre ge\u00e7tikten sonra ceset \u00fczerinde inceleme yap\u0131lma olana\u011f\u0131 kalmad\u0131\u011f\u0131nda evden \u00e7\u0131karm\u0131\u015ft\u0131r. T\u00fcm bu hususlar ve dosya kapsam\u0131 birlikte de\u011ferlendirildi\u011finde \u015f\u00fcphelinin babas\u0131na ya\u015fad\u0131\u011f\u0131 anda \u00fczerine d\u00fc\u015fen y\u00fck\u00fcml\u00fcl\u00fckleri yerine getirmeyerek belli bir s\u00fcre bak\u0131ma muhta\u00e7 halde \u00f6lmesini bekledi\u011fi ve makt\u00fcl\u00fcn \u00f6l\u00fcm\u00fcne sebebiyet verdi\u011fi bu anlamda \u00fczerine d\u00fc\u015fen ihmal s\u00fcratiyle kasten \u00f6ld\u00fcrme su\u00e7unu i\u015fledi\u011fine dair kamu davas\u0131 a\u00e7\u0131lmas\u0131 gerektirir nitelikte yeterli delil bulundu\u011fu anla\u015f\u0131lmaktad\u0131r&#8221; denilerek yarg\u0131lanmas\u0131 istenildi.<\/p>\n<p>Duru\u015fman\u0131n belirlenecek bir tarihte Anamur A\u011f\u0131r Ceza Mahkemesi&#8217;nde g\u00f6r\u00fclece\u011fi \u00f6\u011frenildi.<\/p>\n<p>&nbsp;<\/p>\n<p>&nbsp;<\/p>\n","protected":false},"excerpt":{"rendered":"<p>Mersin&#8217;de &#8216;profes\u00f6r&#8217; olarak an\u0131lan emekli \u00f6\u011fretim g\u00f6revlisi Selahattin Doludeniz&#8217;in cenazesini plastik bidona koyup \u00e7\u00f6pl\u00fc\u011fe atan o\u011flu hakk\u0131nda iddianame haz\u0131rland\u0131. Kendisine k\u00f6t\u00fc davrand\u0131\u011f\u0131 gerek\u00e7esiyle &#8216;topra\u011f\u0131 hak etmiyor&#8217; diyerek babas\u0131n\u0131 bidona koydu\u011funu itiraf eden evlad\u0131n, kan donduran olay\u0131 ger\u00e7ekle\u015ftirdikten sonra do\u011fum g\u00fcn\u00fc kutlamalar\u0131na ve pikni\u011fe gitti\u011fi belirlendi. Kan donduran olay,\u00a0Bozyaz\u0131\u00a0il\u00e7esi Ustalar Mahallesi&#8217;ndeki \u00e7\u00f6p d\u00f6kme alan\u0131nda14\u00a0Eyl\u00fcl\u00a02024 tarihinde bidon [&hellip;]<\/p>\n","protected":false},"author":1,"featured_media":2963,"comment_status":"closed","ping_status":"closed","sticky":false,"template":"","format":"standard","meta":{"footnotes":""},"categories":[7,39],"tags":[60,148,511,499,512,355,331],"class_list":["post-2962","post","type-post","status-publish","format-standard","has-post-thumbnail","hentry","category-gundem","category-haber","tag-cinayet","tag-hukuk","tag-dogum-gunu","tag-mersin","tag-plastik","tag-sozler","tag-yerel-haberler"],"_links":{"self":[{"href":"https:\/\/avukatimtv.com\/index.php\/wp-json\/wp\/v2\/posts\/2962","targetHints":{"allow":["GET"]}}],"collection":[{"href":"https:\/\/avukatimtv.com\/index.php\/wp-json\/wp\/v2\/posts"}],"about":[{"href":"https:\/\/avukatimtv.com\/index.php\/wp-json\/wp\/v2\/types\/post"}],"author":[{"embeddable":true,"href":"https:\/\/avukatimtv.com\/index.php\/wp-json\/wp\/v2\/users\/1"}],"replies":[{"embeddable":true,"href":"https:\/\/avukatimtv.com\/index.php\/wp-json\/wp\/v2\/comments?post=2962"}],"version-history":[{"count":1,"href":"https:\/\/avukatimtv.com\/index.php\/wp-json\/wp\/v2\/posts\/2962\/revisions"}],"predecessor-version":[{"id":2964,"href":"https:\/\/avukatimtv.com\/index.php\/wp-json\/wp\/v2\/posts\/2962\/revisions\/2964"}],"wp:featuredmedia":[{"embeddable":true,"href":"https:\/\/avukatimtv.com\/index.php\/wp-json\/wp\/v2\/media\/2963"}],"wp:attachment":[{"href":"https:\/\/avukatimtv.com\/index.php\/wp-json\/wp\/v2\/media?parent=2962"}],"wp:term":[{"taxonomy":"category","embeddable":true,"href":"https:\/\/avukatimtv.com\/index.php\/wp-json\/wp\/v2\/categories?post=2962"},{"taxonomy":"post_tag","embeddable":true,"href":"https:\/\/avukatimtv.com\/index.php\/wp-json\/wp\/v2\/tags?post=2962"}],"curies":[{"name":"wp","href":"https:\/\/api.w.org\/{rel}","templated":true}]}}