{"id":2965,"date":"2025-08-12T19:04:10","date_gmt":"2025-08-12T16:04:10","guid":{"rendered":"https:\/\/avukatimtv.com\/?p=2965"},"modified":"2025-08-12T19:04:10","modified_gmt":"2025-08-12T16:04:10","slug":"antalyada-silahli-catisma-1-olu-1-yarali","status":"publish","type":"post","link":"https:\/\/avukatimtv.com\/index.php\/2025\/08\/12\/antalyada-silahli-catisma-1-olu-1-yarali\/","title":{"rendered":"Antalya&#8217;da Silahl\u0131 \u00c7at\u0131\u015fma: 1 \u00d6l\u00fc, 1 Yaral\u0131"},"content":{"rendered":"<h2 id=\"spot\" class=\"mt10 haber_ozet\">Antalya&#8217;da iki grup aras\u0131nda \u00e7\u0131kan silahl\u0131 \u00e7at\u0131\u015fmada Burak Bekta\u015f hayat\u0131n\u0131 kaybetti, 9 ki\u015fi g\u00f6zalt\u0131na al\u0131nd\u0131.<\/h2>\n<div class=\"news-detail-container\">\n<div class=\"left-block\">\n<div class=\"wrapper detay-v3_3 haber_metni\">\n<p>&nbsp;<\/p>\n<p>&nbsp;<\/p>\n<p>ANTALYA&#8217;da aralar\u0131nda husumet bulunan iki grup aras\u0131nda \u00e7\u0131kan silahl\u0131 \u00e7at\u0131\u015fmada Burak Bekta\u015f ya\u015fam\u0131n\u0131 yitirdi,\u00a0Alihan\u00a0A. yaraland\u0131. Toplam 9 \u015f\u00fcpheli, g\u00f6zalt\u0131na al\u0131nd\u0131.<\/p>\n<p>Olay, pazar g\u00fcn\u00fc saat 03.00 s\u0131ralar\u0131nda\u00a0Muratpa\u015fa\u00a0il\u00e7esi \u015eirinyal\u0131 Mahallesi 1492 Sokak&#8217;ta meydana geldi. \u0130ddiaya g\u00f6re; aralar\u0131nda husumet bulunan Burak Bekta\u015f ve 5 arkada\u015f\u0131, Alihan A. ve 3 arkada\u015f\u0131yla parkta bulu\u015ftu. \u0130ki grup aras\u0131nda tart\u0131\u015fma kavgaya d\u00f6n\u00fc\u015f\u00fcnce silahl\u0131 \u00e7at\u0131\u015fma \u00e7\u0131kt\u0131. Tabanca seslerini duyanlar\u0131n ihbar\u0131yla adrese ekipler sevk edildi. K\u0131sa s\u00fcrede olay yerine gelen sa\u011fl\u0131k ekibi, ba\u015f\u0131ndan ve aya\u011f\u0131ndan yaralanan Burak Bekta\u015f ile sol baca\u011f\u0131ndan vurulan Alihan A.&#8217;y\u0131 hastaneye g\u00f6t\u00fcrd\u00fc.<\/p>\n<p>3 TABANCA ELE GE\u00c7\u0130R\u0130LD\u0130<\/p>\n<p>Alihan A.&#8217;n\u0131n arkada\u015f\u0131 Samet C.&#8217;nin tabancas\u0131ndan \u00e7\u0131kt\u0131\u011f\u0131 belirlenen mermiyle ba\u015f\u0131ndan yaralanan Burak Bekta\u015f, hastanede hayat\u0131n\u0131 kaybetti. Alihan A. ise m\u00fcdahalesinin ard\u0131ndan taburcu edilerek ekiplere teslim edildi. Ekiplerin olay yerinde ve \u00e7evresinde yapt\u0131\u011f\u0131 \u00e7al\u0131\u015fmada, 3 tabanca ve \u00e7ok say\u0131da fi\u015fek ele ge\u00e7irildi.<\/p>\n<p>8 \u015e\u00dcPHEL\u0130 DAHA YAKALANDI<\/p>\n<p>Antalya Emniyet M\u00fcd\u00fcrl\u00fc\u011f\u00fc\u00a0Cinayet\u00a0B\u00fcro Amirli\u011fi ve Muratpa\u015fa\u00a0Su\u00e7\u00a0Ara\u015ft\u0131rma ekipleri; Burak Bekta\u015f&#8217;\u0131n M.\u00d6. (34), \u015e.\u00d6. (24), F.\u00d6. (27), C.G. (25) ve B.S. (25), Alihan A.&#8217;n\u0131n ise Samet C. (24), E.E.K. (20) ve B.K. (20) ile parka geldi\u011fini belirledi. Ekiplerin \u00e7al\u0131\u015fmas\u0131 sonras\u0131 8 \u015f\u00fcpheli de g\u00f6zalt\u0131na ald\u0131. Olayla ilgili g\u00f6zalt\u0131na al\u0131nan toplam 9 ki\u015finin i\u015flemleri s\u00fcr\u00fcyor.<\/p>\n<\/div>\n<\/div>\n<\/div>\n","protected":false},"excerpt":{"rendered":"<p>Antalya&#8217;da iki grup aras\u0131nda \u00e7\u0131kan silahl\u0131 \u00e7at\u0131\u015fmada Burak Bekta\u015f hayat\u0131n\u0131 kaybetti, 9 ki\u015fi g\u00f6zalt\u0131na al\u0131nd\u0131. &nbsp; &nbsp; ANTALYA&#8217;da aralar\u0131nda husumet bulunan iki grup aras\u0131nda \u00e7\u0131kan silahl\u0131 \u00e7at\u0131\u015fmada Burak Bekta\u015f ya\u015fam\u0131n\u0131 yitirdi,\u00a0Alihan\u00a0A. yaraland\u0131. Toplam 9 \u015f\u00fcpheli, g\u00f6zalt\u0131na al\u0131nd\u0131. Olay, pazar g\u00fcn\u00fc saat 03.00 s\u0131ralar\u0131nda\u00a0Muratpa\u015fa\u00a0il\u00e7esi \u015eirinyal\u0131 Mahallesi 1492 Sokak&#8217;ta meydana geldi. \u0130ddiaya g\u00f6re; aralar\u0131nda husumet bulunan Burak [&hellip;]<\/p>\n","protected":false},"author":1,"featured_media":2966,"comment_status":"closed","ping_status":"closed","sticky":false,"template":"","format":"standard","meta":{"footnotes":""},"categories":[7,39],"tags":[104,60,175,52,71,513,334,442,332],"class_list":["post-2965","post","type-post","status-publish","format-standard","has-post-thumbnail","hentry","category-gundem","category-haber","tag-antalya","tag-cinayet","tag-guvenlik","tag-olay","tag-suc","tag-alihan","tag-guncel","tag-muratpasa","tag-politika"],"_links":{"self":[{"href":"https:\/\/avukatimtv.com\/index.php\/wp-json\/wp\/v2\/posts\/2965","targetHints":{"allow":["GET"]}}],"collection":[{"href":"https:\/\/avukatimtv.com\/index.php\/wp-json\/wp\/v2\/posts"}],"about":[{"href":"https:\/\/avukatimtv.com\/index.php\/wp-json\/wp\/v2\/types\/post"}],"author":[{"embeddable":true,"href":"https:\/\/avukatimtv.com\/index.php\/wp-json\/wp\/v2\/users\/1"}],"replies":[{"embeddable":true,"href":"https:\/\/avukatimtv.com\/index.php\/wp-json\/wp\/v2\/comments?post=2965"}],"version-history":[{"count":1,"href":"https:\/\/avukatimtv.com\/index.php\/wp-json\/wp\/v2\/posts\/2965\/revisions"}],"predecessor-version":[{"id":2967,"href":"https:\/\/avukatimtv.com\/index.php\/wp-json\/wp\/v2\/posts\/2965\/revisions\/2967"}],"wp:featuredmedia":[{"embeddable":true,"href":"https:\/\/avukatimtv.com\/index.php\/wp-json\/wp\/v2\/media\/2966"}],"wp:attachment":[{"href":"https:\/\/avukatimtv.com\/index.php\/wp-json\/wp\/v2\/media?parent=2965"}],"wp:term":[{"taxonomy":"category","embeddable":true,"href":"https:\/\/avukatimtv.com\/index.php\/wp-json\/wp\/v2\/categories?post=2965"},{"taxonomy":"post_tag","embeddable":true,"href":"https:\/\/avukatimtv.com\/index.php\/wp-json\/wp\/v2\/tags?post=2965"}],"curies":[{"name":"wp","href":"https:\/\/api.w.org\/{rel}","templated":true}]}}