{"id":2968,"date":"2025-08-12T19:30:31","date_gmt":"2025-08-12T16:30:31","guid":{"rendered":"https:\/\/avukatimtv.com\/?p=2968"},"modified":"2025-08-12T19:30:31","modified_gmt":"2025-08-12T16:30:31","slug":"samandagda-bicakli-kavga-4-supheli-tutuklandi","status":"publish","type":"post","link":"https:\/\/avukatimtv.com\/index.php\/2025\/08\/12\/samandagda-bicakli-kavga-4-supheli-tutuklandi\/","title":{"rendered":"Samanda\u011f&#8217;da B\u0131\u00e7akl\u0131 Kavga, 4 \u015e\u00fcpheli Tutukland\u0131"},"content":{"rendered":"<h2 id=\"spot\" class=\"mt10 haber_ozet\">Hatay&#8217;da sahilde \u00e7\u0131kan kavgada bir ki\u015fi b\u0131\u00e7akla yaralan\u0131rken, 4 \u015f\u00fcpheli lin\u00e7 edilmek istendi.<\/h2>\n<div class=\"news-detail-container\">\n<div class=\"left-block\">\n<div class=\"wrapper detay-v3_3 haber_metni\">\n<p>&nbsp;<\/p>\n<p>&nbsp;<\/p>\n<p>HATAY&#8217;\u0131n\u00a0Samanda\u011f\u00a0il\u00e7esinde, sahilde \u00e7\u0131kan kavgada\u00a0Seyhan\u00a0\u015e.&#8217;yi b\u0131\u00e7akla yaralayan ve sonras\u0131nda vatanda\u015flarca lin\u00e7 edilmek istenirken polis ve jandarma taraf\u0131ndan kurtar\u0131l\u0131p, g\u00f6zalt\u0131na 4 \u015f\u00fcpheli \u00e7\u0131kar\u0131ld\u0131klar\u0131 mahkemece tutukland\u0131.<\/p>\n<p>Olay, 8 A\u011fustos g\u00fcn\u00fc gece saatlerinde Samanda\u011f sahilinde meydana geldi. Sahilde ta\u015fk\u0131nl\u0131k \u00e7\u0131kard\u0131\u011f\u0131 iddia edilen M.E., K.\u00d6., M.\u00c7. ve H.S. kendilerine tepki g\u00f6steren vatanda\u015flarla tart\u0131\u015fmaya ba\u015flad\u0131. Tart\u0131\u015fman\u0131n b\u00fcy\u00fcmesi \u00fczerine gruptaki bir ki\u015fi, kendilerini uyaranlara b\u0131\u00e7akla sald\u0131rarak Seyhan \u015e.&#8217;yi yaralad\u0131. Yaral\u0131 Seyhan \u015e., \u00e7a\u011fr\u0131lan ambulans ile hastaneye kald\u0131r\u0131ld\u0131. B\u00f6lgede toplanmaya ba\u015flayan \u00e7ok say\u0131da vatanda\u015f, ta\u015fk\u0131nl\u0131k \u00e7\u0131kar\u0131p, b\u0131\u00e7akl\u0131 yaralama olay\u0131n\u0131 ger\u00e7ekle\u015ftiren 4 ki\u015fiyi lin\u00e7 etmek istedi. Vatanda\u015flar\u0131n elinden ka\u00e7an 4 \u015f\u00fcpheli, kendilerini bir restorana kilitledi. \u0130\u015f yerinin \u00e7evresinde toplanan vatanda\u015flar\u0131n say\u0131s\u0131 art\u0131nca b\u00f6lgeye \u00e7ok say\u0131da polis ve jandarma ekibi sevk edildi. Z\u0131rhl\u0131 ara\u00e7larla b\u00f6lgeyi abluka alt\u0131na alan polis, havaya ate\u015f a\u00e7arak kalabal\u0131\u011f\u0131 da\u011f\u0131tarak, 4 \u015f\u00fcpheliyi g\u00f6zalt\u0131na ald\u0131. Emniyette sorgusu tamamlanan \u015f\u00fcpheliler, bug\u00fcn \u00e7\u0131kar\u0131ld\u0131klar\u0131 mahkemece tutukland\u0131.<\/p>\n<\/div>\n<\/div>\n<\/div>\n","protected":false},"excerpt":{"rendered":"<p>Hatay&#8217;da sahilde \u00e7\u0131kan kavgada bir ki\u015fi b\u0131\u00e7akla yaralan\u0131rken, 4 \u015f\u00fcpheli lin\u00e7 edilmek istendi. &nbsp; &nbsp; HATAY&#8217;\u0131n\u00a0Samanda\u011f\u00a0il\u00e7esinde, sahilde \u00e7\u0131kan kavgada\u00a0Seyhan\u00a0\u015e.&#8217;yi b\u0131\u00e7akla yaralayan ve sonras\u0131nda vatanda\u015flarca lin\u00e7 edilmek istenirken polis ve jandarma taraf\u0131ndan kurtar\u0131l\u0131p, g\u00f6zalt\u0131na 4 \u015f\u00fcpheli \u00e7\u0131kar\u0131ld\u0131klar\u0131 mahkemece tutukland\u0131. Olay, 8 A\u011fustos g\u00fcn\u00fc gece saatlerinde Samanda\u011f sahilinde meydana geldi. Sahilde ta\u015fk\u0131nl\u0131k \u00e7\u0131kard\u0131\u011f\u0131 iddia edilen M.E., K.\u00d6., [&hellip;]<\/p>\n","protected":false},"author":1,"featured_media":2969,"comment_status":"closed","ping_status":"closed","sticky":false,"template":"","format":"standard","meta":{"footnotes":""},"categories":[7,39],"tags":[175,269,148,83,49,71,334,332,514],"class_list":["post-2968","post","type-post","status-publish","format-standard","has-post-thumbnail","hentry","category-gundem","category-haber","tag-guvenlik","tag-hatay","tag-hukuk","tag-kavga","tag-polis","tag-suc","tag-guncel","tag-politika","tag-samandag"],"_links":{"self":[{"href":"https:\/\/avukatimtv.com\/index.php\/wp-json\/wp\/v2\/posts\/2968","targetHints":{"allow":["GET"]}}],"collection":[{"href":"https:\/\/avukatimtv.com\/index.php\/wp-json\/wp\/v2\/posts"}],"about":[{"href":"https:\/\/avukatimtv.com\/index.php\/wp-json\/wp\/v2\/types\/post"}],"author":[{"embeddable":true,"href":"https:\/\/avukatimtv.com\/index.php\/wp-json\/wp\/v2\/users\/1"}],"replies":[{"embeddable":true,"href":"https:\/\/avukatimtv.com\/index.php\/wp-json\/wp\/v2\/comments?post=2968"}],"version-history":[{"count":1,"href":"https:\/\/avukatimtv.com\/index.php\/wp-json\/wp\/v2\/posts\/2968\/revisions"}],"predecessor-version":[{"id":2970,"href":"https:\/\/avukatimtv.com\/index.php\/wp-json\/wp\/v2\/posts\/2968\/revisions\/2970"}],"wp:featuredmedia":[{"embeddable":true,"href":"https:\/\/avukatimtv.com\/index.php\/wp-json\/wp\/v2\/media\/2969"}],"wp:attachment":[{"href":"https:\/\/avukatimtv.com\/index.php\/wp-json\/wp\/v2\/media?parent=2968"}],"wp:term":[{"taxonomy":"category","embeddable":true,"href":"https:\/\/avukatimtv.com\/index.php\/wp-json\/wp\/v2\/categories?post=2968"},{"taxonomy":"post_tag","embeddable":true,"href":"https:\/\/avukatimtv.com\/index.php\/wp-json\/wp\/v2\/tags?post=2968"}],"curies":[{"name":"wp","href":"https:\/\/api.w.org\/{rel}","templated":true}]}}