{"id":2971,"date":"2025-08-13T20:11:59","date_gmt":"2025-08-13T17:11:59","guid":{"rendered":"https:\/\/avukatimtv.com\/?p=2971"},"modified":"2025-08-13T20:11:59","modified_gmt":"2025-08-13T17:11:59","slug":"kiralik-evde-kan-donduran-cinayet-emlakciyi-arayip-itiraf-etti","status":"publish","type":"post","link":"https:\/\/avukatimtv.com\/index.php\/2025\/08\/13\/kiralik-evde-kan-donduran-cinayet-emlakciyi-arayip-itiraf-etti\/","title":{"rendered":"Kiral\u0131k evde kan donduran cinayet! Emlak\u00e7\u0131y\u0131 aray\u0131p itiraf etti"},"content":{"rendered":"<h2 id=\"spot\" class=\"mt10 haber_ozet\">Antalya&#8217;n\u0131n Alanya il\u00e7esinde 21 ya\u015f\u0131ndaki \u015fah\u0131s, birlikte ya\u015fad\u0131\u011f\u0131 erkek arkada\u015f\u0131n\u0131 kiralad\u0131klar\u0131 evde ba\u015f\u0131ndan vurup \u00f6ld\u00fcrd\u00fc. Cinayeti itiraf eden \u015fah\u0131s daha sonra kay\u0131plara kar\u0131\u015ft\u0131.<\/h2>\n<div class=\"news-detail-container\">\n<div class=\"left-block\">\n<div class=\"wrapper detay-v3_3 haber_metni\">\n<p>Antalya&#8217;n\u0131n\u00a0Alanya\u00a0il\u00e7esinde bir ki\u015finin arad\u0131\u011f\u0131 emlak\u00e7\u0131ya kiralad\u0131\u011f\u0131 evde cinayet i\u015fledi\u011fini s\u00f6ylemesi \u00fczerine harekete ge\u00e7en ekipler, evde ba\u015f\u0131ndan vurulmu\u015f bir \u015fahs\u0131n cesediyle kar\u015f\u0131la\u015ft\u0131. Ka\u00e7an \u015f\u00fcphelinin yakalanmas\u0131 i\u00e7in \u00e7al\u0131\u015fma ba\u015flat\u0131ld\u0131.<\/p>\n<h3>K\u0130RALIK EVDE ARKADA\u015eINI S\u0130LAHLA VURARAK \u00d6LD\u00dcRD\u00dc<\/h3>\n<p>Olay, saat 15.30 Alanya&#8217;n\u0131n\u00a0Saray\u00a0Mahallesi T\u00fcrker \u00c7\u0131kmaz\u0131 Sokak&#8217;ta bulunan bir apartman\u0131n 1. kat\u0131nda meydana geldi. Edinilen bilgiye g\u00f6re, yakla\u015f\u0131k 3 ay \u00f6nce emlak\u00e7\u0131dan ev kiralayan iki ki\u015fi, birlikte ya\u015famaya ba\u015flad\u0131. Hen\u00fcz bilinmeyen bir nedenle M.U. (21), birlikte ya\u015fad\u0131\u011f\u0131 ismi hen\u00fcz \u00f6\u011frenilemeyen erkek arkada\u015f\u0131n\u0131n ba\u015f\u0131ndan tabancayla vurarak \u00f6ld\u00fcrd\u00fc.<\/p>\n<\/div>\n<p><img decoding=\"async\" src=\"http:\/\/foto.sondakika.com\/haber\/2025\/08\/13\/kiralik-evde-kan-donduran-cinayet-emlakciyi-18944326_1540_m.jpg\" alt=\"Kiral\u0131k evde kan donduran cinayet! Emlak\u00e7\u0131y\u0131 aray\u0131p itiraf etti\" \/><\/p>\n<\/div>\n<h3>EMLAK\u00c7IYI ARAYIP C\u0130NAYET\u0130 \u0130T\u0130RAF ETT\u0130<\/h3>\n<p>\u0130ddiaya g\u00f6re M.U., kiralad\u0131klar\u0131 evin emlak\u00e7\u0131s\u0131n\u0131 arayarak, &#8220;Tuttu\u011fum evde cinayet i\u015fledim&#8221; dedi. Emlak\u00e7\u0131 durumu hemen polise bildirdi. \u0130hbar \u00fczerine olay yerine \u00e7ok say\u0131da polis ve olay yeri inceleme ekibi sevk edildi.<\/p>\n<\/div>\n<p><img decoding=\"async\" src=\"http:\/\/foto.sondakika.com\/haber\/2025\/08\/13\/kiralik-evde-kan-donduran-cinayet-emlakciyi-18944326_2832_m.jpg\" alt=\"Kiral\u0131k evde kan donduran cinayet! Emlak\u00e7\u0131y\u0131 aray\u0131p itiraf etti\" \/><\/p>\n<p>&nbsp;<\/p>\n<p>Polis\u00a0ekipleri olay yerinde geni\u015f \u00e7apl\u0131 inceleme ba\u015flat\u0131rken, \u015fahs\u0131n cans\u0131z bedeni\u00a0Alanya Belediyesi\u00a0morguna kald\u0131r\u0131ld\u0131. Polis ekipleri, cinayeti i\u015fleyen M.U&#8217;nun yakalanmas\u0131 i\u00e7in geni\u015f \u00e7apl\u0131 arama \u00e7al\u0131\u015fmas\u0131 ba\u015flatt\u0131. Olayla ilgili soru\u015fturma s\u00fcr\u00fcyor.<\/p>\n<div class=\"news-detail-container\">\n<div class=\"left-block\">\n<p>&nbsp;<\/p>\n<\/div>\n<\/div>\n","protected":false},"excerpt":{"rendered":"<p>Antalya&#8217;n\u0131n Alanya il\u00e7esinde 21 ya\u015f\u0131ndaki \u015fah\u0131s, birlikte ya\u015fad\u0131\u011f\u0131 erkek arkada\u015f\u0131n\u0131 kiralad\u0131klar\u0131 evde ba\u015f\u0131ndan vurup \u00f6ld\u00fcrd\u00fc. Cinayeti itiraf eden \u015fah\u0131s daha sonra kay\u0131plara kar\u0131\u015ft\u0131. Antalya&#8217;n\u0131n\u00a0Alanya\u00a0il\u00e7esinde bir ki\u015finin arad\u0131\u011f\u0131 emlak\u00e7\u0131ya kiralad\u0131\u011f\u0131 evde cinayet i\u015fledi\u011fini s\u00f6ylemesi \u00fczerine harekete ge\u00e7en ekipler, evde ba\u015f\u0131ndan vurulmu\u015f bir \u015fahs\u0131n cesediyle kar\u015f\u0131la\u015ft\u0131. Ka\u00e7an \u015f\u00fcphelinin yakalanmas\u0131 i\u00e7in \u00e7al\u0131\u015fma ba\u015flat\u0131ld\u0131. K\u0130RALIK EVDE ARKADA\u015eINI S\u0130LAHLA VURARAK [&hellip;]<\/p>\n","protected":false},"author":1,"featured_media":2972,"comment_status":"closed","ping_status":"closed","sticky":false,"template":"","format":"standard","meta":{"footnotes":""},"categories":[7,39],"tags":[104,60,515],"class_list":["post-2971","post","type-post","status-publish","format-standard","has-post-thumbnail","hentry","category-gundem","category-haber","tag-antalya","tag-cinayet","tag-kiralikev"],"_links":{"self":[{"href":"https:\/\/avukatimtv.com\/index.php\/wp-json\/wp\/v2\/posts\/2971","targetHints":{"allow":["GET"]}}],"collection":[{"href":"https:\/\/avukatimtv.com\/index.php\/wp-json\/wp\/v2\/posts"}],"about":[{"href":"https:\/\/avukatimtv.com\/index.php\/wp-json\/wp\/v2\/types\/post"}],"author":[{"embeddable":true,"href":"https:\/\/avukatimtv.com\/index.php\/wp-json\/wp\/v2\/users\/1"}],"replies":[{"embeddable":true,"href":"https:\/\/avukatimtv.com\/index.php\/wp-json\/wp\/v2\/comments?post=2971"}],"version-history":[{"count":1,"href":"https:\/\/avukatimtv.com\/index.php\/wp-json\/wp\/v2\/posts\/2971\/revisions"}],"predecessor-version":[{"id":2973,"href":"https:\/\/avukatimtv.com\/index.php\/wp-json\/wp\/v2\/posts\/2971\/revisions\/2973"}],"wp:featuredmedia":[{"embeddable":true,"href":"https:\/\/avukatimtv.com\/index.php\/wp-json\/wp\/v2\/media\/2972"}],"wp:attachment":[{"href":"https:\/\/avukatimtv.com\/index.php\/wp-json\/wp\/v2\/media?parent=2971"}],"wp:term":[{"taxonomy":"category","embeddable":true,"href":"https:\/\/avukatimtv.com\/index.php\/wp-json\/wp\/v2\/categories?post=2971"},{"taxonomy":"post_tag","embeddable":true,"href":"https:\/\/avukatimtv.com\/index.php\/wp-json\/wp\/v2\/tags?post=2971"}],"curies":[{"name":"wp","href":"https:\/\/api.w.org\/{rel}","templated":true}]}}