{"id":2975,"date":"2025-08-14T18:53:25","date_gmt":"2025-08-14T15:53:25","guid":{"rendered":"https:\/\/avukatimtv.com\/?p=2975"},"modified":"2025-08-14T18:53:25","modified_gmt":"2025-08-14T15:53:25","slug":"amasyada-tir-ile-kamyonet-carpisti","status":"publish","type":"post","link":"https:\/\/avukatimtv.com\/index.php\/2025\/08\/14\/amasyada-tir-ile-kamyonet-carpisti\/","title":{"rendered":"Amasya&#8217;da T\u0131r ile Kamyonet \u00c7arp\u0131\u015ft\u0131"},"content":{"rendered":"<h2 id=\"spot\" class=\"mt10 haber_ozet\">Amasya&#8217;daki kazada t\u0131r ile kamyonet \u00e7arp\u0131\u015ft\u0131, yak\u0131t s\u0131z\u0131nt\u0131s\u0131 g\u00fcvenlik ekipleri taraf\u0131ndan temizlendi.<\/h2>\n<div class=\"news-detail-container\">\n<div class=\"left-block\">\n<div class=\"wrapper detay-v3_3 haber_metni\">\n<p>Amasya&#8217;da bir kamyonet, kav\u015fakta bir anda \u00f6n\u00fcne \u00e7\u0131kan t\u0131rla \u00e7arp\u0131\u015ft\u0131. T\u0131r\u0131n hasar g\u00f6ren deposundan yola s\u0131zan yak\u0131t\u0131 ekipler temizlerken, kaza an\u0131 kameralara yans\u0131d\u0131.<\/p>\n<p>Edinilen bilgiye g\u00f6re, Recai Okumu\u015f&#8217;un kulland\u0131\u011f\u0131 14 ABS 102 plakal\u0131 t\u0131ra Ferhataras\u0131 mevkiindeki kav\u015fa\u011fa giri\u015f yapmak i\u00e7in kontrols\u00fcz \u015fekilde sola d\u00f6n\u00fc\u015f yapt\u0131\u011f\u0131 esnada Emin Sinoplu&#8217;nun kulland\u0131\u011f\u0131 05 ADL 303 plakal\u0131 kamyonet \u00e7arpt\u0131. \u00c7arp\u0131\u015fma sonucu t\u0131r\u0131n hasar g\u00f6ren deposundan s\u0131zan yak\u0131t yola d\u00f6k\u00fcld\u00fc.\u00a0Kaza\u00a0ihbar\u0131 \u00fczerine polis, itfaiye ve karayollar\u0131 ekipleri b\u00f6lgeye sevk edildi. Hasar olu\u015fan kamyonet ve t\u0131r yoldan kald\u0131r\u0131ld\u0131. D\u00f6k\u00fclen yak\u0131t ise ekipler taraf\u0131ndan temizlenerek \u00fcst\u00fcne kum d\u00f6k\u00fcld\u00fc.<\/p>\n<p>T\u0131r\u0131n kamyonetle \u00e7arp\u0131\u015ft\u0131\u011f\u0131 anlar saniye saniye g\u00fcvenlik kameras\u0131na yans\u0131rken, kazayla ilgili inceleme ba\u015flat\u0131ld\u0131. &#8211; AMASYA<\/p>\n<\/div>\n<\/div>\n<\/div>\n","protected":false},"excerpt":{"rendered":"<p>Amasya&#8217;daki kazada t\u0131r ile kamyonet \u00e7arp\u0131\u015ft\u0131, yak\u0131t s\u0131z\u0131nt\u0131s\u0131 g\u00fcvenlik ekipleri taraf\u0131ndan temizlendi. Amasya&#8217;da bir kamyonet, kav\u015fakta bir anda \u00f6n\u00fcne \u00e7\u0131kan t\u0131rla \u00e7arp\u0131\u015ft\u0131. T\u0131r\u0131n hasar g\u00f6ren deposundan yola s\u0131zan yak\u0131t\u0131 ekipler temizlerken, kaza an\u0131 kameralara yans\u0131d\u0131. Edinilen bilgiye g\u00f6re, Recai Okumu\u015f&#8217;un kulland\u0131\u011f\u0131 14 ABS 102 plakal\u0131 t\u0131ra Ferhataras\u0131 mevkiindeki kav\u015fa\u011fa giri\u015f yapmak i\u00e7in kontrols\u00fcz \u015fekilde sola [&hellip;]<\/p>\n","protected":false},"author":1,"featured_media":2976,"comment_status":"closed","ping_status":"closed","sticky":false,"template":"","format":"standard","meta":{"footnotes":""},"categories":[7,39],"tags":[175,311,359,334,333,330,331],"class_list":["post-2975","post","type-post","status-publish","format-standard","has-post-thumbnail","hentry","category-gundem","category-haber","tag-guvenlik","tag-kaza","tag-amasya","tag-guncel","tag-olaylar","tag-trafik-kazalari","tag-yerel-haberler"],"_links":{"self":[{"href":"https:\/\/avukatimtv.com\/index.php\/wp-json\/wp\/v2\/posts\/2975","targetHints":{"allow":["GET"]}}],"collection":[{"href":"https:\/\/avukatimtv.com\/index.php\/wp-json\/wp\/v2\/posts"}],"about":[{"href":"https:\/\/avukatimtv.com\/index.php\/wp-json\/wp\/v2\/types\/post"}],"author":[{"embeddable":true,"href":"https:\/\/avukatimtv.com\/index.php\/wp-json\/wp\/v2\/users\/1"}],"replies":[{"embeddable":true,"href":"https:\/\/avukatimtv.com\/index.php\/wp-json\/wp\/v2\/comments?post=2975"}],"version-history":[{"count":1,"href":"https:\/\/avukatimtv.com\/index.php\/wp-json\/wp\/v2\/posts\/2975\/revisions"}],"predecessor-version":[{"id":2977,"href":"https:\/\/avukatimtv.com\/index.php\/wp-json\/wp\/v2\/posts\/2975\/revisions\/2977"}],"wp:featuredmedia":[{"embeddable":true,"href":"https:\/\/avukatimtv.com\/index.php\/wp-json\/wp\/v2\/media\/2976"}],"wp:attachment":[{"href":"https:\/\/avukatimtv.com\/index.php\/wp-json\/wp\/v2\/media?parent=2975"}],"wp:term":[{"taxonomy":"category","embeddable":true,"href":"https:\/\/avukatimtv.com\/index.php\/wp-json\/wp\/v2\/categories?post=2975"},{"taxonomy":"post_tag","embeddable":true,"href":"https:\/\/avukatimtv.com\/index.php\/wp-json\/wp\/v2\/tags?post=2975"}],"curies":[{"name":"wp","href":"https:\/\/api.w.org\/{rel}","templated":true}]}}