{"id":2979,"date":"2025-08-14T19:24:18","date_gmt":"2025-08-14T16:24:18","guid":{"rendered":"https:\/\/avukatimtv.com\/?p=2979"},"modified":"2025-08-14T19:24:18","modified_gmt":"2025-08-14T16:24:18","slug":"yenicedeki-trafik-kazasinda-6-kisi-hayatini-kaybetti","status":"publish","type":"post","link":"https:\/\/avukatimtv.com\/index.php\/2025\/08\/14\/yenicedeki-trafik-kazasinda-6-kisi-hayatini-kaybetti\/","title":{"rendered":"Yenice&#8217;deki Trafik Kazas\u0131nda 6 Ki\u015fi Hayat\u0131n\u0131 Kaybetti"},"content":{"rendered":"<h2 id=\"spot\" class=\"mt10 haber_ozet\">Edirne&#8217;de topra\u011fa verilen Evrim Olu\u00e7ay ve Atakan Y\u0131lmazdere, Yenice&#8217;deki kazada ya\u015fam\u0131n\u0131 yitirdi.<\/h2>\n<div class=\"news-detail-container\">\n<div class=\"left-block\">\n<div class=\"wrapper detay-v3_3 haber_metni\">\n<p>&nbsp;<\/p>\n<p>&nbsp;<\/p>\n<p>\u00c7ANAKKALE&#8217;nin\u00a0Yenice\u00a0il\u00e7esinde meydana gelen kazada hayat\u0131n\u0131 kaybeden 6 ki\u015fiden Evrim Olu\u00e7ay (28) ve Atakan Y\u0131lmazdere (29),\u00a0Edirne&#8217;de topra\u011fa verildi.<\/p>\n<p>Kaza, d\u00fcn saat 21.00 s\u0131ralar\u0131nda Yenice il\u00e7esi\u00a0\u00c7\u0131narc\u0131k\u00a0k\u00f6y\u00fc yak\u0131nlar\u0131nda Davutk\u00f6y sapa\u011f\u0131nda meydana geldi. \u0130ki otomobilin kafa kafaya \u00e7arp\u0131\u015ft\u0131\u011f\u0131 kazada Remzi \u015een (43), Hayati Y\u0131lmaz (49), Olcay Bask\u0131n (42), Oktay \u00c7elik (45), Evrim Olu\u00e7ay (28) ve Atakan Y\u0131lmazdere (29) hayat\u0131n\u0131 kaybetti. Kazada \u00f6lenlerden Edirne&#8217;nin\u00a0Cumhuriyet Mahallesi\u00a0Muhtar\u0131 Selma Olu\u00e7ay&#8217;\u0131n k\u0131z\u0131 Evrim Olu\u00e7ay ile Atakan Y\u0131lmazdere i\u00e7in Eski\u00a0Cami&#8217;de cenaze t\u00f6reni d\u00fczenlendi. T\u00f6rene Edirne Vali Yard\u0131mc\u0131s\u0131 S\u0131dk\u0131 Zehin, Edirne Belediye Ba\u015fkan\u0131\u00a0Filiz Gencan Ak\u0131n, siyasi parti ve kurum temsilcileriyle iki ailenin \u00e7ok say\u0131da yak\u0131n\u0131 ve sevenleri kat\u0131ld\u0131. Anne Selma Olu\u00e7ay&#8217;\u0131n ayakta durmakta zorland\u0131\u011f\u0131 cenaze t\u00f6reninde aileler taziyeleri kabul etti. Olu\u00e7ay ve Y\u0131lmazdere, ikindi namaz\u0131ndan sonra k\u0131l\u0131nan cenaze namaz\u0131n\u0131n ard\u0131ndan\u00a0Yeni\u015fehir\u00a0Mezarl\u0131\u011f\u0131&#8217;nda topra\u011fa verildi.<\/p>\n<\/div>\n<\/div>\n<\/div>\n","protected":false},"excerpt":{"rendered":"<p>Edirne&#8217;de topra\u011fa verilen Evrim Olu\u00e7ay ve Atakan Y\u0131lmazdere, Yenice&#8217;deki kazada ya\u015fam\u0131n\u0131 yitirdi. &nbsp; &nbsp; \u00c7ANAKKALE&#8217;nin\u00a0Yenice\u00a0il\u00e7esinde meydana gelen kazada hayat\u0131n\u0131 kaybeden 6 ki\u015fiden Evrim Olu\u00e7ay (28) ve Atakan Y\u0131lmazdere (29),\u00a0Edirne&#8217;de topra\u011fa verildi. Kaza, d\u00fcn saat 21.00 s\u0131ralar\u0131nda Yenice il\u00e7esi\u00a0\u00c7\u0131narc\u0131k\u00a0k\u00f6y\u00fc yak\u0131nlar\u0131nda Davutk\u00f6y sapa\u011f\u0131nda meydana geldi. \u0130ki otomobilin kafa kafaya \u00e7arp\u0131\u015ft\u0131\u011f\u0131 kazada Remzi \u015een (43), Hayati Y\u0131lmaz (49), [&hellip;]<\/p>\n","protected":false},"author":1,"featured_media":2980,"comment_status":"closed","ping_status":"closed","sticky":false,"template":"","format":"standard","meta":{"footnotes":""},"categories":[7,39],"tags":[311,216,516,455,334,33,517,331],"class_list":["post-2979","post","type-post","status-publish","format-standard","has-post-thumbnail","hentry","category-gundem","category-haber","tag-kaza","tag-trafik","tag-canakkale","tag-edirne","tag-guncel","tag-yasam","tag-yenice","tag-yerel-haberler"],"_links":{"self":[{"href":"https:\/\/avukatimtv.com\/index.php\/wp-json\/wp\/v2\/posts\/2979","targetHints":{"allow":["GET"]}}],"collection":[{"href":"https:\/\/avukatimtv.com\/index.php\/wp-json\/wp\/v2\/posts"}],"about":[{"href":"https:\/\/avukatimtv.com\/index.php\/wp-json\/wp\/v2\/types\/post"}],"author":[{"embeddable":true,"href":"https:\/\/avukatimtv.com\/index.php\/wp-json\/wp\/v2\/users\/1"}],"replies":[{"embeddable":true,"href":"https:\/\/avukatimtv.com\/index.php\/wp-json\/wp\/v2\/comments?post=2979"}],"version-history":[{"count":1,"href":"https:\/\/avukatimtv.com\/index.php\/wp-json\/wp\/v2\/posts\/2979\/revisions"}],"predecessor-version":[{"id":2981,"href":"https:\/\/avukatimtv.com\/index.php\/wp-json\/wp\/v2\/posts\/2979\/revisions\/2981"}],"wp:featuredmedia":[{"embeddable":true,"href":"https:\/\/avukatimtv.com\/index.php\/wp-json\/wp\/v2\/media\/2980"}],"wp:attachment":[{"href":"https:\/\/avukatimtv.com\/index.php\/wp-json\/wp\/v2\/media?parent=2979"}],"wp:term":[{"taxonomy":"category","embeddable":true,"href":"https:\/\/avukatimtv.com\/index.php\/wp-json\/wp\/v2\/categories?post=2979"},{"taxonomy":"post_tag","embeddable":true,"href":"https:\/\/avukatimtv.com\/index.php\/wp-json\/wp\/v2\/tags?post=2979"}],"curies":[{"name":"wp","href":"https:\/\/api.w.org\/{rel}","templated":true}]}}