{"id":2983,"date":"2025-08-25T18:38:05","date_gmt":"2025-08-25T15:38:05","guid":{"rendered":"https:\/\/avukatimtv.com\/?p=2983"},"modified":"2025-08-25T18:38:05","modified_gmt":"2025-08-25T15:38:05","slug":"eyupsultanda-silahli-saldiri-2-tutuklama","status":"publish","type":"post","link":"https:\/\/avukatimtv.com\/index.php\/2025\/08\/25\/eyupsultanda-silahli-saldiri-2-tutuklama\/","title":{"rendered":"Ey\u00fcpsultan&#8217;da Silahl\u0131 Sald\u0131r\u0131: 2 Tutuklama"},"content":{"rendered":"<h2 id=\"spot\" class=\"mt10 haber_ozet\">Ey\u00fcpsultan&#8217;da bir ki\u015finin \u00f6ld\u00fc\u011f\u00fc silahl\u0131 sald\u0131r\u0131da 3 \u015f\u00fcpheliden 2&#8217;si tutukland\u0131, 1&#8217;i serbest kald\u0131.<\/h2>\n<div class=\"news-detail-container\">\n<div class=\"left-block\">\n<div class=\"wrapper detay-v3_3 haber_metni\">\n<p>Ey\u00fcpsultan&#8217;da bir ki\u015finin evinin \u00f6n\u00fcnde u\u011frad\u0131\u011f\u0131 silahl\u0131 sald\u0131r\u0131da hayat\u0131n\u0131 kaybetmesine ili\u015fkin g\u00f6zalt\u0131na al\u0131nan 3 \u015f\u00fcpheliden 2&#8217;si tutukland\u0131.<\/p>\n<p>Ak\u015femsettin Mahallesi Heves Soka\u011f\u0131&#8217;nda\u00a0Muammer \u00d6zt\u00fcrk&#8217;\u00fcn (48), 7 A\u011fustos&#8217;ta 34 KOZ 634 plakal\u0131 arac\u0131yla i\u015fe gitmek \u00fczere hareket etti\u011fi s\u0131rada evinin \u00f6n\u00fcnde silahl\u0131 sald\u0131r\u0131ya u\u011framas\u0131na ili\u015fkin\u00a0Asayi\u015f \u015eube M\u00fcd\u00fcrl\u00fc\u011f\u00fc\u00a0Cinayet\u00a0B\u00fcro Amirli\u011fi ekiplerince \u00e7al\u0131\u015fma ba\u015flat\u0131ld\u0131.<\/p>\n<p>\u00c7evredeki g\u00fcvenlik kameras\u0131 g\u00f6r\u00fcnt\u00fclerini inceleyen ekipler, silahla ate\u015f a\u00e7an \u015f\u00fcphelinin M.T.U. (48), sald\u0131r\u0131y\u0131 kamerayla kayda alan zanl\u0131n\u0131n ise 18 ya\u015f\u0131ndan k\u00fc\u00e7\u00fck N.B.A. oldu\u011funu tespit etti.<\/p>\n<p>Beylikd\u00fcz\u00fc&#8217;ndeki adreste olduklar\u0131 belirlenen iki \u015f\u00fcpheli ve olayla ba\u011flant\u0131s\u0131n\u0131n oldu\u011fu de\u011ferlendirilen M.C.B, d\u00fczenlenen operasyonla g\u00f6zalt\u0131na al\u0131nd\u0131.<\/p>\n<p>Sald\u0131r\u0131n\u0131n husumet nedeniyle ger\u00e7ekle\u015ftirildi\u011fi \u00f6\u011frenildi.<\/p>\n<p>Emniyetteki i\u015flemlerinin ard\u0131ndan adliyeye sevk edilen zanl\u0131lardan M.T.U. ve N.B.A. tutukland\u0131, M.C.B. adli kontrol \u015fart\u0131yla serbest b\u0131rak\u0131ld\u0131.<\/p>\n<p>\u00d6te yandan silahl\u0131 sald\u0131r\u0131 g\u00fcvenlik kameras\u0131nca kaydedildi.<\/p>\n<p>G\u00f6r\u00fcnt\u00fclerde iki \u015f\u00fcphelinin birlikte y\u00fcr\u00fcmesi, sald\u0131rgan\u0131n ate\u015f a\u00e7\u0131p ka\u00e7mas\u0131, di\u011fer zanl\u0131n\u0131n sald\u0131r\u0131 an\u0131n\u0131 cep telefonuyla kaydetmesi yer al\u0131yor.<\/p>\n<p>Ey\u00fcpsultan&#8217;da Muammer \u00d6zt\u00fcrk, 7 A\u011fustos&#8217;ta sabah saatlerinde arac\u0131yla i\u015fe gitmek i\u00e7in hareket etti\u011fi s\u0131rada evinin \u00f6n\u00fcnde silahl\u0131 sald\u0131r\u0131ya u\u011fram\u0131\u015f, kald\u0131r\u0131ld\u0131\u011f\u0131\u00a0Gaziosmanpa\u015fa Taksim E\u011fitim ve Ara\u015ft\u0131rma Hastanesi&#8217;nde hayat\u0131n\u0131 kaybetmi\u015fti.<\/p>\n<\/div>\n<\/div>\n<\/div>\n","protected":false},"excerpt":{"rendered":"<p>Ey\u00fcpsultan&#8217;da bir ki\u015finin \u00f6ld\u00fc\u011f\u00fc silahl\u0131 sald\u0131r\u0131da 3 \u015f\u00fcpheliden 2&#8217;si tutukland\u0131, 1&#8217;i serbest kald\u0131. Ey\u00fcpsultan&#8217;da bir ki\u015finin evinin \u00f6n\u00fcnde u\u011frad\u0131\u011f\u0131 silahl\u0131 sald\u0131r\u0131da hayat\u0131n\u0131 kaybetmesine ili\u015fkin g\u00f6zalt\u0131na al\u0131nan 3 \u015f\u00fcpheliden 2&#8217;si tutukland\u0131. Ak\u015femsettin Mahallesi Heves Soka\u011f\u0131&#8217;nda\u00a0Muammer \u00d6zt\u00fcrk&#8217;\u00fcn (48), 7 A\u011fustos&#8217;ta 34 KOZ 634 plakal\u0131 arac\u0131yla i\u015fe gitmek \u00fczere hareket etti\u011fi s\u0131rada evinin \u00f6n\u00fcnde silahl\u0131 sald\u0131r\u0131ya u\u011framas\u0131na ili\u015fkin\u00a0Asayi\u015f [&hellip;]<\/p>\n","protected":false},"author":1,"featured_media":2984,"comment_status":"closed","ping_status":"closed","sticky":false,"template":"","format":"standard","meta":{"footnotes":""},"categories":[7,39],"tags":[60,175,71,482,334,518,332],"class_list":["post-2983","post","type-post","status-publish","format-standard","has-post-thumbnail","hentry","category-gundem","category-haber","tag-cinayet","tag-guvenlik","tag-suc","tag-eyupsultan","tag-guncel","tag-muammer-ozturk","tag-politika"],"_links":{"self":[{"href":"https:\/\/avukatimtv.com\/index.php\/wp-json\/wp\/v2\/posts\/2983","targetHints":{"allow":["GET"]}}],"collection":[{"href":"https:\/\/avukatimtv.com\/index.php\/wp-json\/wp\/v2\/posts"}],"about":[{"href":"https:\/\/avukatimtv.com\/index.php\/wp-json\/wp\/v2\/types\/post"}],"author":[{"embeddable":true,"href":"https:\/\/avukatimtv.com\/index.php\/wp-json\/wp\/v2\/users\/1"}],"replies":[{"embeddable":true,"href":"https:\/\/avukatimtv.com\/index.php\/wp-json\/wp\/v2\/comments?post=2983"}],"version-history":[{"count":1,"href":"https:\/\/avukatimtv.com\/index.php\/wp-json\/wp\/v2\/posts\/2983\/revisions"}],"predecessor-version":[{"id":2985,"href":"https:\/\/avukatimtv.com\/index.php\/wp-json\/wp\/v2\/posts\/2983\/revisions\/2985"}],"wp:featuredmedia":[{"embeddable":true,"href":"https:\/\/avukatimtv.com\/index.php\/wp-json\/wp\/v2\/media\/2984"}],"wp:attachment":[{"href":"https:\/\/avukatimtv.com\/index.php\/wp-json\/wp\/v2\/media?parent=2983"}],"wp:term":[{"taxonomy":"category","embeddable":true,"href":"https:\/\/avukatimtv.com\/index.php\/wp-json\/wp\/v2\/categories?post=2983"},{"taxonomy":"post_tag","embeddable":true,"href":"https:\/\/avukatimtv.com\/index.php\/wp-json\/wp\/v2\/tags?post=2983"}],"curies":[{"name":"wp","href":"https:\/\/api.w.org\/{rel}","templated":true}]}}