{"id":2989,"date":"2025-08-25T18:57:35","date_gmt":"2025-08-25T15:57:35","guid":{"rendered":"https:\/\/avukatimtv.com\/?p=2989"},"modified":"2025-08-25T18:57:35","modified_gmt":"2025-08-25T15:57:35","slug":"suc-orgutu-lideri-ugur-demiroz-tutuklandi","status":"publish","type":"post","link":"https:\/\/avukatimtv.com\/index.php\/2025\/08\/25\/suc-orgutu-lideri-ugur-demiroz-tutuklandi\/","title":{"rendered":"Su\u00e7 \u00d6rg\u00fct\u00fc Lideri U\u011fur Demir\u00f6z Tutukland\u0131"},"content":{"rendered":"<h2 id=\"spot\" class=\"mt10 haber_ozet\">K\u0131rm\u0131z\u0131 b\u00fcltenle aranan U\u011fur Demir\u00f6z, Rusya&#8217;dan getirilerek Samsun&#8217;da tutukland\u0131.<\/h2>\n<div class=\"news-detail-container\">\n<div class=\"left-block\">\n<div class=\"wrapper detay-v3_3 haber_metni\">\n<p>Samsun&#8217;da kar\u0131\u015ft\u0131\u011f\u0131 su\u00e7 \u00f6rg\u00fct\u00fc ve cinayet olaylar\u0131ndan k\u0131rm\u0131z\u0131 b\u00fclten ile aranan &#8220;Demir\u00f6zler\u00a0Su\u00e7\u00a0\u00d6rg\u00fct\u00fc&#8221; lideri U\u011fur Demir\u00f6z,\u00a0Rusya&#8217;da yakaland\u0131ktan sonra getirildi\u011fi Samsun&#8217;da \u00e7\u0131kar\u0131ld\u0131\u011f\u0131 mahkemece tutukland\u0131.<\/p>\n<p>Edinilen bilgiye g\u00f6re,\u00a0\u0130\u00e7i\u015fleri Bakanl\u0131\u011f\u0131\u00a0ve\u00a0Emniyet Genel M\u00fcd\u00fcrl\u00fc\u011f\u00fc\u00a0koordinesinde,\u00a0Samsun \u0130l Emniyet M\u00fcd\u00fcrl\u00fc\u011f\u00fc\u00a0Ka\u00e7ak\u00e7\u0131l\u0131k ve Organize Su\u00e7larla M\u00fccadele (KOM) \u015eube M\u00fcd\u00fcrl\u00fc\u011f\u00fc ekiplerince y\u00fcr\u00fct\u00fclen \u00e7al\u0131\u015fmalar neticesinde, 2020 y\u0131l\u0131nda\u00a0Atakum\u00a0il\u00e7esinde bir bar \u00f6n\u00fcnde Yal\u00e7\u0131n Cerrah&#8217;\u0131n, 2024 y\u0131l\u0131nda ise\u00a0Canik\u00a0il\u00e7esindeki sanayi sitesinde As\u0131m Cerrah&#8217;\u0131n \u00f6ld\u00fcr\u00fclmesi olaylar\u0131n\u0131n planlay\u0131c\u0131s\u0131 ve azmettiricisi olan Demir\u00f6zler Organize Su\u00e7 \u00d6rg\u00fct\u00fc eleba\u015f\u0131s\u0131 U\u011fur Demir\u00f6z (37), \u0130nterpol Daire Ba\u015fkanl\u0131\u011f\u0131 deste\u011fiyle Rusya&#8217;da (Abhazya) yakalanarak\u00a0T\u00fcrkiye&#8217;ye getirildi. \u00d6zel u\u00e7akla\u00a0Trabzon&#8217;a getirilen U\u011fur Demir\u00f6z, burada\u00a0Samsun Emniyet M\u00fcd\u00fcrl\u00fc\u011f\u00fc\u00a0KOM \u015eube M\u00fcd\u00fcrl\u00fc\u011f\u00fc ekiplerine teslim edildi.<\/p>\n<p>Samsun KOM \u015eube M\u00fcd\u00fcrl\u00fc\u011f\u00fc&#8217;n\u00fcn \u00e7al\u0131\u015fmalar\u0131 sonucunda, her iki cinayetin de \u00f6rg\u00fct faaliyeti kapsam\u0131nda i\u015flendi\u011fi belirlendi. Cinayetlerin azmettiricisi ve Demir\u00f6zler Organize Su\u00e7 \u00d6rg\u00fct\u00fc&#8217;n\u00fcn lideri oldu\u011fu tespit edilen U\u011fur Demir\u00f6z&#8217;\u00fcn ayr\u0131ca uyu\u015fturucu madde ticareti, kasten yaralama, kasten \u00f6ld\u00fcrme, silahla tehdit ve h\u00fck\u00fcml\u00fcn\u00fcn ka\u00e7mas\u0131 su\u00e7lar\u0131ndan toplam 8 ayr\u0131 dosya kapsam\u0131nda arand\u0131\u011f\u0131, bu su\u00e7lardan 19 y\u0131l 1 ay 10 g\u00fcn hapis cezas\u0131na h\u00fck\u00fcml\u00fc oldu\u011fu ortaya \u00e7\u0131kt\u0131.<\/p>\n<p>Samsun KOM \u015eube M\u00fcd\u00fcrl\u00fc\u011f\u00fcndeki sorgusu tamamlanan U\u011fur Demir\u00f6z, bug\u00fcn Samsun Adliyesine sevk edildi. Hakk\u0131nda 2 ayr\u0131 cinayet su\u00e7undan davan\u0131n g\u00f6r\u00fcld\u00fc\u011f\u00fc Samsun 1.A\u011f\u0131r Ceza Mahkemesine ifade veren U\u011fur Demir\u00f6z, &#8220;cinayet ve \u00f6rg\u00fct liderli\u011fi&#8221; su\u00e7lar\u0131ndan 2 iki davadan mahkemece ayr\u0131 ayr\u0131 tutuklanarak Samsun T Tipi Kapal\u0131\u00a0Cezaevi\u00a0g\u00f6nderildi. &#8211; SAMSUN<\/p>\n<\/div>\n<\/div>\n<\/div>\n","protected":false},"excerpt":{"rendered":"<p>K\u0131rm\u0131z\u0131 b\u00fcltenle aranan U\u011fur Demir\u00f6z, Rusya&#8217;dan getirilerek Samsun&#8217;da tutukland\u0131. Samsun&#8217;da kar\u0131\u015ft\u0131\u011f\u0131 su\u00e7 \u00f6rg\u00fct\u00fc ve cinayet olaylar\u0131ndan k\u0131rm\u0131z\u0131 b\u00fclten ile aranan &#8220;Demir\u00f6zler\u00a0Su\u00e7\u00a0\u00d6rg\u00fct\u00fc&#8221; lideri U\u011fur Demir\u00f6z,\u00a0Rusya&#8217;da yakaland\u0131ktan sonra getirildi\u011fi Samsun&#8217;da \u00e7\u0131kar\u0131ld\u0131\u011f\u0131 mahkemece tutukland\u0131. Edinilen bilgiye g\u00f6re,\u00a0\u0130\u00e7i\u015fleri Bakanl\u0131\u011f\u0131\u00a0ve\u00a0Emniyet Genel M\u00fcd\u00fcrl\u00fc\u011f\u00fc\u00a0koordinesinde,\u00a0Samsun \u0130l Emniyet M\u00fcd\u00fcrl\u00fc\u011f\u00fc\u00a0Ka\u00e7ak\u00e7\u0131l\u0131k ve Organize Su\u00e7larla M\u00fccadele (KOM) \u015eube M\u00fcd\u00fcrl\u00fc\u011f\u00fc ekiplerince y\u00fcr\u00fct\u00fclen \u00e7al\u0131\u015fmalar neticesinde, 2020 y\u0131l\u0131nda\u00a0Atakum\u00a0il\u00e7esinde bir bar [&hellip;]<\/p>\n","protected":false},"author":1,"featured_media":2990,"comment_status":"closed","ping_status":"closed","sticky":false,"template":"","format":"standard","meta":{"footnotes":""},"categories":[7,39],"tags":[60,175,148,147,71,45,332,519,366,509],"class_list":["post-2989","post","type-post","status-publish","format-standard","has-post-thumbnail","hentry","category-gundem","category-haber","tag-cinayet","tag-guvenlik","tag-hukuk","tag-mahkeme","tag-suc","tag-uyusturucu","tag-politika","tag-rusya","tag-samsun","tag-turkiye"],"_links":{"self":[{"href":"https:\/\/avukatimtv.com\/index.php\/wp-json\/wp\/v2\/posts\/2989","targetHints":{"allow":["GET"]}}],"collection":[{"href":"https:\/\/avukatimtv.com\/index.php\/wp-json\/wp\/v2\/posts"}],"about":[{"href":"https:\/\/avukatimtv.com\/index.php\/wp-json\/wp\/v2\/types\/post"}],"author":[{"embeddable":true,"href":"https:\/\/avukatimtv.com\/index.php\/wp-json\/wp\/v2\/users\/1"}],"replies":[{"embeddable":true,"href":"https:\/\/avukatimtv.com\/index.php\/wp-json\/wp\/v2\/comments?post=2989"}],"version-history":[{"count":1,"href":"https:\/\/avukatimtv.com\/index.php\/wp-json\/wp\/v2\/posts\/2989\/revisions"}],"predecessor-version":[{"id":2991,"href":"https:\/\/avukatimtv.com\/index.php\/wp-json\/wp\/v2\/posts\/2989\/revisions\/2991"}],"wp:featuredmedia":[{"embeddable":true,"href":"https:\/\/avukatimtv.com\/index.php\/wp-json\/wp\/v2\/media\/2990"}],"wp:attachment":[{"href":"https:\/\/avukatimtv.com\/index.php\/wp-json\/wp\/v2\/media?parent=2989"}],"wp:term":[{"taxonomy":"category","embeddable":true,"href":"https:\/\/avukatimtv.com\/index.php\/wp-json\/wp\/v2\/categories?post=2989"},{"taxonomy":"post_tag","embeddable":true,"href":"https:\/\/avukatimtv.com\/index.php\/wp-json\/wp\/v2\/tags?post=2989"}],"curies":[{"name":"wp","href":"https:\/\/api.w.org\/{rel}","templated":true}]}}