{"id":2992,"date":"2025-08-25T19:18:52","date_gmt":"2025-08-25T16:18:52","guid":{"rendered":"https:\/\/avukatimtv.com\/?p=2992"},"modified":"2025-08-25T19:18:52","modified_gmt":"2025-08-25T16:18:52","slug":"kuzenler-arasindaki-tartisma-kanli-bitti-kocaelide-19-yasindaki-genc-olduruldu","status":"publish","type":"post","link":"https:\/\/avukatimtv.com\/index.php\/2025\/08\/25\/kuzenler-arasindaki-tartisma-kanli-bitti-kocaelide-19-yasindaki-genc-olduruldu\/","title":{"rendered":"Kuzenler aras\u0131ndaki tart\u0131\u015fma kanl\u0131 bitti: Kocaeli&#8217;de 19 ya\u015f\u0131ndaki gen\u00e7 \u00f6ld\u00fcr\u00fcld\u00fc"},"content":{"rendered":"<h2 class=\"category-detail-sub-title\">Kocaeli&#8217;de kuzenler aras\u0131nda \u00e7\u0131kan tart\u0131\u015fmada 19 ya\u015f\u0131ndaki Ferhat T., g\u00f6\u011fs\u00fcnden b\u0131\u00e7aklanarak hayat\u0131n\u0131 kaybetti.<\/h2>\n<div class=\"category-detail-social-area\">\n<div class=\"news-info category-detail-news-info\">\n<div class=\"news-info-text\">\n<p>Kocaeli&#8217;nin \u0130zmit il\u00e7esinde iddiaya g\u00f6re, beraber alkol i\u00e7en Ferhat T. (19) ve kuzeni F. T. (29) aras\u0131nda tart\u0131\u015fma \u00e7\u0131kt\u0131.<\/p>\n<p>Tart\u0131\u015fman\u0131n b\u00fcy\u00fcmesi \u00fczerine F. T., kuzenini g\u00f6\u011fs\u00fcnden b\u0131\u00e7aklad\u0131.<\/p>\n<p><strong>HAYATINI KAYBETT\u0130<\/strong><\/p>\n<p>Kanlar i\u00e7inde kalan Ferhat, ihbar \u00fczerine olay yerine gelen sa\u011fl\u0131k ekiplerince hastaneye kald\u0131r\u0131ld\u0131.<\/p>\n<p>19 ya\u015f\u0131ndaki gen\u00e7, yap\u0131lan t\u00fcm m\u00fcdahaleye ra\u011fmen hayat\u0131n\u0131 kaybetti.<\/p>\n<p><strong>G\u00d6ZALTINA ALINDI<\/strong><\/p>\n<p>F. T. ise\u00a0polis\u00a0ekipleri taraf\u0131ndan g\u00f6zalt\u0131na al\u0131nd\u0131.<\/p>\n<p>Ferhat T.&#8217;nin cenazesi ise Kocaeli \u015eehir Hastanesi morguna kald\u0131r\u0131ld\u0131.<br \/>\nOlayla ilgili soru\u015fturma s\u00fcr\u00fcyor.<\/p>\n<\/div>\n<\/div>\n<\/div>\n","protected":false},"excerpt":{"rendered":"<p>Kocaeli&#8217;de kuzenler aras\u0131nda \u00e7\u0131kan tart\u0131\u015fmada 19 ya\u015f\u0131ndaki Ferhat T., g\u00f6\u011fs\u00fcnden b\u0131\u00e7aklanarak hayat\u0131n\u0131 kaybetti. Kocaeli&#8217;nin \u0130zmit il\u00e7esinde iddiaya g\u00f6re, beraber alkol i\u00e7en Ferhat T. (19) ve kuzeni F. T. (29) aras\u0131nda tart\u0131\u015fma \u00e7\u0131kt\u0131. Tart\u0131\u015fman\u0131n b\u00fcy\u00fcmesi \u00fczerine F. T., kuzenini g\u00f6\u011fs\u00fcnden b\u0131\u00e7aklad\u0131. HAYATINI KAYBETT\u0130 Kanlar i\u00e7inde kalan Ferhat, ihbar \u00fczerine olay yerine gelen sa\u011fl\u0131k ekiplerince hastaneye kald\u0131r\u0131ld\u0131. [&hellip;]<\/p>\n","protected":false},"author":1,"featured_media":2993,"comment_status":"closed","ping_status":"closed","sticky":false,"template":"","format":"standard","meta":{"footnotes":""},"categories":[7,39],"tags":[418,51,143,98],"class_list":["post-2992","post","type-post","status-publish","format-standard","has-post-thumbnail","hentry","category-gundem","category-haber","tag-bicaklanma","tag-gozalti","tag-kocaeli","tag-tartisma"],"_links":{"self":[{"href":"https:\/\/avukatimtv.com\/index.php\/wp-json\/wp\/v2\/posts\/2992","targetHints":{"allow":["GET"]}}],"collection":[{"href":"https:\/\/avukatimtv.com\/index.php\/wp-json\/wp\/v2\/posts"}],"about":[{"href":"https:\/\/avukatimtv.com\/index.php\/wp-json\/wp\/v2\/types\/post"}],"author":[{"embeddable":true,"href":"https:\/\/avukatimtv.com\/index.php\/wp-json\/wp\/v2\/users\/1"}],"replies":[{"embeddable":true,"href":"https:\/\/avukatimtv.com\/index.php\/wp-json\/wp\/v2\/comments?post=2992"}],"version-history":[{"count":1,"href":"https:\/\/avukatimtv.com\/index.php\/wp-json\/wp\/v2\/posts\/2992\/revisions"}],"predecessor-version":[{"id":2994,"href":"https:\/\/avukatimtv.com\/index.php\/wp-json\/wp\/v2\/posts\/2992\/revisions\/2994"}],"wp:featuredmedia":[{"embeddable":true,"href":"https:\/\/avukatimtv.com\/index.php\/wp-json\/wp\/v2\/media\/2993"}],"wp:attachment":[{"href":"https:\/\/avukatimtv.com\/index.php\/wp-json\/wp\/v2\/media?parent=2992"}],"wp:term":[{"taxonomy":"category","embeddable":true,"href":"https:\/\/avukatimtv.com\/index.php\/wp-json\/wp\/v2\/categories?post=2992"},{"taxonomy":"post_tag","embeddable":true,"href":"https:\/\/avukatimtv.com\/index.php\/wp-json\/wp\/v2\/tags?post=2992"}],"curies":[{"name":"wp","href":"https:\/\/api.w.org\/{rel}","templated":true}]}}