{"id":3005,"date":"2025-08-28T19:55:29","date_gmt":"2025-08-28T16:55:29","guid":{"rendered":"https:\/\/avukatimtv.com\/?p=3005"},"modified":"2025-08-28T19:55:29","modified_gmt":"2025-08-28T16:55:29","slug":"boluda-kacak-kazi-yapan-3-kisi-sucustu-yakalandi","status":"publish","type":"post","link":"https:\/\/avukatimtv.com\/index.php\/2025\/08\/28\/boluda-kacak-kazi-yapan-3-kisi-sucustu-yakalandi\/","title":{"rendered":"Bolu\u2019da ka\u00e7ak kaz\u0131 yapan 3 ki\u015fi su\u00e7\u00fcst\u00fc yakaland\u0131"},"content":{"rendered":"<p>Bolu\u2019nun Mengen il\u00e7esinde jandarma ekiplerinin d\u00fczenledi\u011fi operasyonda, ormanl\u0131k alanda ka\u00e7ak kaz\u0131 yapan 3 ki\u015fi su\u00e7\u00fcst\u00fc yakaland\u0131.<\/p>\n<p>&nbsp;<\/p>\n<p>Edinilen bilgilere g\u00f6re, \u0130l Jandarma Komutanl\u0131\u011f\u0131 ekipleri, Mengen il\u00e7esinde ormanl\u0131k alanda ka\u00e7ak kaz\u0131 yap\u0131ld\u0131\u011f\u0131 ihbar\u0131 \u00fczerine harekete ge\u00e7ti. Belirlenen b\u00f6lgeye operasyon d\u00fczenleyen ekipler, 3 ki\u015fiyi kaz\u0131 yapt\u0131klar\u0131 s\u0131rada su\u00e7\u00fcst\u00fc yakalad\u0131. Operasyonda, 1 jenerat\u00f6r, 2 k\u0131r\u0131c\u0131-delici makine, hava pompas\u0131, dalg\u0131\u00e7 pompa, manyetik ate\u015fleyici kutusu ile \u00e7e\u015fitli kaz\u0131 malzemeleri ele ge\u00e7irildi. G\u00f6zalt\u0131na al\u0131nan \u015f\u00fcpheliler, ifadeleri al\u0131nmak \u00fczere jandarma komutanl\u0131\u011f\u0131na g\u00f6t\u00fcr\u00fcld\u00fc. 3 ki\u015fi hakk\u0131nda adli i\u015flem ba\u015flat\u0131ld\u0131.<\/p>\n<p>&nbsp;<\/p>\n<p>Olayla ilgili soru\u015fturma s\u00fcr\u00fcyor.<\/p>\n","protected":false},"excerpt":{"rendered":"<p>Bolu\u2019nun Mengen il\u00e7esinde jandarma ekiplerinin d\u00fczenledi\u011fi operasyonda, ormanl\u0131k alanda ka\u00e7ak kaz\u0131 yapan 3 ki\u015fi su\u00e7\u00fcst\u00fc yakaland\u0131. &nbsp; Edinilen bilgilere g\u00f6re, \u0130l Jandarma Komutanl\u0131\u011f\u0131 ekipleri, Mengen il\u00e7esinde ormanl\u0131k alanda ka\u00e7ak kaz\u0131 yap\u0131ld\u0131\u011f\u0131 ihbar\u0131 \u00fczerine harekete ge\u00e7ti. Belirlenen b\u00f6lgeye operasyon d\u00fczenleyen ekipler, 3 ki\u015fiyi kaz\u0131 yapt\u0131klar\u0131 s\u0131rada su\u00e7\u00fcst\u00fc yakalad\u0131. Operasyonda, 1 jenerat\u00f6r, 2 k\u0131r\u0131c\u0131-delici makine, hava pompas\u0131, [&hellip;]<\/p>\n","protected":false},"author":1,"featured_media":3006,"comment_status":"closed","ping_status":"closed","sticky":false,"template":"","format":"standard","meta":{"footnotes":""},"categories":[7,39],"tags":[326,47,381,67,303,523,524],"class_list":["post-3005","post","type-post","status-publish","format-standard","has-post-thumbnail","hentry","category-gundem","category-haber","tag-bolu","tag-haber","tag-kacak","tag-sorusturma","tag-yakalanma","tag-kazi","tag-sucustu"],"_links":{"self":[{"href":"https:\/\/avukatimtv.com\/index.php\/wp-json\/wp\/v2\/posts\/3005","targetHints":{"allow":["GET"]}}],"collection":[{"href":"https:\/\/avukatimtv.com\/index.php\/wp-json\/wp\/v2\/posts"}],"about":[{"href":"https:\/\/avukatimtv.com\/index.php\/wp-json\/wp\/v2\/types\/post"}],"author":[{"embeddable":true,"href":"https:\/\/avukatimtv.com\/index.php\/wp-json\/wp\/v2\/users\/1"}],"replies":[{"embeddable":true,"href":"https:\/\/avukatimtv.com\/index.php\/wp-json\/wp\/v2\/comments?post=3005"}],"version-history":[{"count":1,"href":"https:\/\/avukatimtv.com\/index.php\/wp-json\/wp\/v2\/posts\/3005\/revisions"}],"predecessor-version":[{"id":3007,"href":"https:\/\/avukatimtv.com\/index.php\/wp-json\/wp\/v2\/posts\/3005\/revisions\/3007"}],"wp:featuredmedia":[{"embeddable":true,"href":"https:\/\/avukatimtv.com\/index.php\/wp-json\/wp\/v2\/media\/3006"}],"wp:attachment":[{"href":"https:\/\/avukatimtv.com\/index.php\/wp-json\/wp\/v2\/media?parent=3005"}],"wp:term":[{"taxonomy":"category","embeddable":true,"href":"https:\/\/avukatimtv.com\/index.php\/wp-json\/wp\/v2\/categories?post=3005"},{"taxonomy":"post_tag","embeddable":true,"href":"https:\/\/avukatimtv.com\/index.php\/wp-json\/wp\/v2\/tags?post=3005"}],"curies":[{"name":"wp","href":"https:\/\/api.w.org\/{rel}","templated":true}]}}