{"id":3008,"date":"2025-08-28T20:03:36","date_gmt":"2025-08-28T17:03:36","guid":{"rendered":"https:\/\/avukatimtv.com\/?p=3008"},"modified":"2025-08-28T20:03:36","modified_gmt":"2025-08-28T17:03:36","slug":"karisini-oldurmustu-tekerlekli-sandalye-ile-sevk-edildigi-adliyede-tutuklandi","status":"publish","type":"post","link":"https:\/\/avukatimtv.com\/index.php\/2025\/08\/28\/karisini-oldurmustu-tekerlekli-sandalye-ile-sevk-edildigi-adliyede-tutuklandi\/","title":{"rendered":"Kar\u0131s\u0131n\u0131 \u00f6ld\u00fcrm\u00fc\u015ft\u00fc, tekerlekli sandalye ile sevk edildi\u011fi adliyede tutukland\u0131"},"content":{"rendered":"<p>Kocaeli\u2019nin Gebze il\u00e7esinde kar\u0131s\u0131n\u0131 tabancayla vurark \u00f6ld\u00fcren ve ayn\u0131 silahla kendini de vuran \u015fah\u0131s, tekerlekli sandalye ile sevk edildi\u011fi adliyede tutuklanarak cezaevine g\u00f6nderildi.<\/p>\n<p>&nbsp;<\/p>\n<p>Olay, d\u00fcn ak\u015fam \u0130stasyon Mahallesi Hisar Sitesi\u2019nde bulunan bir dairede meydana geldi. Daireden silah sesi duyan kom\u015fular, 112 Acil \u00c7a\u011fr\u0131 Merkezi\u2019ne haber verdi. Olay yerine polis ve sa\u011fl\u0131k ekipleri sevk edildi. Sa\u011fl\u0131k ekiplerinin yapt\u0131\u011f\u0131 kontrolde kocas\u0131 Cengiz U. (63) taraf\u0131ndan vurulan Sevg\u00fcn U\u2019nun (55) hayat\u0131n\u0131 kaybetti\u011fi tespit edildi. Kar\u0131s\u0131na ate\u015f ettikten sonra ayn\u0131 silahla intihar giri\u015fiminde bulunan Cengiz U. ise a\u011f\u0131r yaral\u0131 olarak hastaneye kald\u0131r\u0131ld\u0131.<\/p>\n<p>&nbsp;<\/p>\n<p>&nbsp;<\/p>\n<p>&nbsp;<\/p>\n<p>Tekerlekli sandalye ile adliyeye sevk edildi<\/p>\n<p>&nbsp;<\/p>\n<p>\u00c7iftin 4 \u00e7ocu\u011funun bulundu\u011fu \u00f6\u011frenildi. Emniyetteki i\u015flemleri tamamlanan Cengiz U., tekerlekli sandalye ile getirildi\u011fi adliyede \u00e7\u0131kar\u0131ld\u0131\u011f\u0131 mahkemece tutuklanarak cezaevine g\u00f6nderildi.<\/p>\n<p>&nbsp;<\/p>\n<p><img decoding=\"async\" src=\"https:\/\/cdn.iha.com.tr\/Contents\/images\/2025\/08\/27\/20250826aw525328-4.jpg\" alt=\"Kar\u0131s\u0131n\u0131 \u00f6ld\u00fcrm\u00fc\u015ft\u00fc, tekerlekli sandalye ile sevk edildi\u011fi adliyede tutukland\u0131\n\" \/><\/p>\n","protected":false},"excerpt":{"rendered":"<p>Kocaeli\u2019nin Gebze il\u00e7esinde kar\u0131s\u0131n\u0131 tabancayla vurark \u00f6ld\u00fcren ve ayn\u0131 silahla kendini de vuran \u015fah\u0131s, tekerlekli sandalye ile sevk edildi\u011fi adliyede tutuklanarak cezaevine g\u00f6nderildi. &nbsp; Olay, d\u00fcn ak\u015fam \u0130stasyon Mahallesi Hisar Sitesi\u2019nde bulunan bir dairede meydana geldi. Daireden silah sesi duyan kom\u015fular, 112 Acil \u00c7a\u011fr\u0131 Merkezi\u2019ne haber verdi. Olay yerine polis ve sa\u011fl\u0131k ekipleri sevk edildi. [&hellip;]<\/p>\n","protected":false},"author":1,"featured_media":3009,"comment_status":"closed","ping_status":"closed","sticky":false,"template":"","format":"standard","meta":{"footnotes":""},"categories":[7,39],"tags":[102,60,143,380],"class_list":["post-3008","post","type-post","status-publish","format-standard","has-post-thumbnail","hentry","category-gundem","category-haber","tag-adliye","tag-cinayet","tag-kocaeli","tag-tutuklanma"],"_links":{"self":[{"href":"https:\/\/avukatimtv.com\/index.php\/wp-json\/wp\/v2\/posts\/3008","targetHints":{"allow":["GET"]}}],"collection":[{"href":"https:\/\/avukatimtv.com\/index.php\/wp-json\/wp\/v2\/posts"}],"about":[{"href":"https:\/\/avukatimtv.com\/index.php\/wp-json\/wp\/v2\/types\/post"}],"author":[{"embeddable":true,"href":"https:\/\/avukatimtv.com\/index.php\/wp-json\/wp\/v2\/users\/1"}],"replies":[{"embeddable":true,"href":"https:\/\/avukatimtv.com\/index.php\/wp-json\/wp\/v2\/comments?post=3008"}],"version-history":[{"count":1,"href":"https:\/\/avukatimtv.com\/index.php\/wp-json\/wp\/v2\/posts\/3008\/revisions"}],"predecessor-version":[{"id":3010,"href":"https:\/\/avukatimtv.com\/index.php\/wp-json\/wp\/v2\/posts\/3008\/revisions\/3010"}],"wp:featuredmedia":[{"embeddable":true,"href":"https:\/\/avukatimtv.com\/index.php\/wp-json\/wp\/v2\/media\/3009"}],"wp:attachment":[{"href":"https:\/\/avukatimtv.com\/index.php\/wp-json\/wp\/v2\/media?parent=3008"}],"wp:term":[{"taxonomy":"category","embeddable":true,"href":"https:\/\/avukatimtv.com\/index.php\/wp-json\/wp\/v2\/categories?post=3008"},{"taxonomy":"post_tag","embeddable":true,"href":"https:\/\/avukatimtv.com\/index.php\/wp-json\/wp\/v2\/tags?post=3008"}],"curies":[{"name":"wp","href":"https:\/\/api.w.org\/{rel}","templated":true}]}}